{"id":84458,"date":"2024-12-29T19:04:58","date_gmt":"2024-12-29T19:04:58","guid":{"rendered":"https:\/\/tvbrazilusa.com\/2024\/12\/29\/pensando-nas-eleicoes-de-2026-aecio-neves-fala-em\/"},"modified":"2024-12-29T19:05:03","modified_gmt":"2024-12-29T19:05:03","slug":"pensando-nas-eleicoes-de-2026-aecio-neves-fala-em","status":"publish","type":"post","link":"https:\/\/tvbrazilusa.com\/pt\/2024\/12\/29\/pensando-nas-eleicoes-de-2026-aecio-neves-fala-em\/","title":{"rendered":"Pensando nas elei\u00e7\u00f5es de 2026, A\u00e9cio Neves fala em"},"content":{"rendered":"<p> <script async src=\"https:\/\/pagead2.googlesyndication.com\/pagead\/js\/adsbygoogle.js?client=ca-pub-8864793242727901\"\r\n     crossorigin=\"anonymous\"><\/script><br \/>\n<\/p>\n<div id=\"taboola-read-more\" style=\"display:block; width:100%\">\n<p>O deputado federal A\u00e9cio Neves (PSDB-MG) disse apostar na \u201creconstru\u00e7\u00e3o do centro\u201d para as pr\u00f3ximas elei\u00e7\u00f5es. Segundo ele, h\u00e1 um movimento de migra\u00e7\u00e3o do eleitorado para o centro, contr\u00e1rio aos extremismos.\n<\/p>\n<p>\u201cAcho que o movimento hoje n\u00e3o \u00e9 de fortalecimento dos extremos, como foi nas duas \u00faltimas elei\u00e7\u00f5es (2018 e 2022). O movimento hoje \u00e9 de uma certa migra\u00e7\u00e3o ao centro\u201d, afirmou o congressista em entrevista ao jornal Folha de S.Paulo.<\/p>\n<p>De acordo com o deputado, o PSDB, seu partido, precisa \u201cconversar sem preconceito\u201d com o eleitorado que \u201cquer se livrar do radicalismo\u201d. Segundo A\u00e9cio, seu papel na elei\u00e7\u00e3o de 2026 ser\u00e1 dialogar com quem j\u00e1 esteve ao lado do partido e \u201ctentar reconstruir o centro\u201d.\n<\/p>\n<p>\u201cPode ser uma utopia, mas minha esperan\u00e7a \u00e9 que os extremos percam for\u00e7a. E a\u00ed temos que estar posicionados para reunificar essas for\u00e7as no centro, aquelas mesmas que me fizeram quase vencer as elei\u00e7\u00f5es de 2014\u201d, declarou Neves \u00e0 Folha de S.Paulo.\n<\/p>\n<p>O deputado comentou sobre a vit\u00f3ria expressiva de partidos de centro nas elei\u00e7\u00f5es municipais deste ano, em contraste com a derrota nas urnas de candidatos apoiados pelo presidente Luiz In\u00e1cio Lula da Silva (PT) e pelo ex-presidente Jair Bolsonaro (PL).\n<\/p>\n<p>Questionado sobre uma poss\u00edvel candidatura \u00e0 presid\u00eancia, A\u00e9cio disse acreditar em um \u201cprojeto conciliat\u00f3rio\u201d e afirmou que lan\u00e7ar-se como candidato poderia prejudicar esse plano.\n<\/p>\n<p>\u201cTenho vontade de voltar a falar para os 51 milh\u00f5es de brasileiros que votaram em mim para dizer: meu Deus, n\u00e3o podemos sucumbir a isso. Esse eleitorado n\u00e3o pode ser pendular. Vai contra o Lula porque o desgaste era grande, agora vai contra Bolsonaro. E a\u00ed? Est\u00e1 construindo o qu\u00ea? As pessoas precisam acreditar que \u00e9 vi\u00e1vel um projeto ao centro\u201d, concluiu o deputado.\n<\/p>\n<p>Fonte: Poder360              <\/p>\n<\/div>\n<p><br \/>\n<br \/><a href=\"https:\/\/diariodobrasilnoticias.com.br\/noticia\/pensando-nas-eleicoes-de-2026-aecio-neves-fala-em-reconstrucao-do-centro-67716ec7d991a\">Source link <\/a><\/p>","protected":false},"excerpt":{"rendered":"<p>O deputado federal A\u00e9cio Neves (PSDB-MG) disse apostar na \u201creconstru\u00e7\u00e3o do centro\u201d para as pr\u00f3ximas elei\u00e7\u00f5es. Segundo ele, h\u00e1 um movimento de migra\u00e7\u00e3o do eleitorado para o centro, contr\u00e1rio aos&hellip;<\/p>","protected":false},"author":1,"featured_media":84459,"comment_status":"closed","ping_status":"open","sticky":false,"template":"","format":"standard","meta":{"content-type":"","footnotes":""},"categories":[16],"tags":[123,2448,5313,1267],"class_list":["post-84458","post","type-post","status-publish","format-standard","has-post-thumbnail","hentry","category-noticias","tag-brasil","tag-diario","tag-noticia","tag-noticias"],"_links":{"self":[{"href":"https:\/\/tvbrazilusa.com\/pt\/wp-json\/wp\/v2\/posts\/84458","targetHints":{"allow":["GET"]}}],"collection":[{"href":"https:\/\/tvbrazilusa.com\/pt\/wp-json\/wp\/v2\/posts"}],"about":[{"href":"https:\/\/tvbrazilusa.com\/pt\/wp-json\/wp\/v2\/types\/post"}],"author":[{"embeddable":true,"href":"https:\/\/tvbrazilusa.com\/pt\/wp-json\/wp\/v2\/users\/1"}],"replies":[{"embeddable":true,"href":"https:\/\/tvbrazilusa.com\/pt\/wp-json\/wp\/v2\/comments?post=84458"}],"version-history":[{"count":1,"href":"https:\/\/tvbrazilusa.com\/pt\/wp-json\/wp\/v2\/posts\/84458\/revisions"}],"predecessor-version":[{"id":84460,"href":"https:\/\/tvbrazilusa.com\/pt\/wp-json\/wp\/v2\/posts\/84458\/revisions\/84460"}],"wp:featuredmedia":[{"embeddable":true,"href":"https:\/\/tvbrazilusa.com\/pt\/wp-json\/wp\/v2\/media\/84459"}],"wp:attachment":[{"href":"https:\/\/tvbrazilusa.com\/pt\/wp-json\/wp\/v2\/media?parent=84458"}],"wp:term":[{"taxonomy":"category","embeddable":true,"href":"https:\/\/tvbrazilusa.com\/pt\/wp-json\/wp\/v2\/categories?post=84458"},{"taxonomy":"post_tag","embeddable":true,"href":"https:\/\/tvbrazilusa.com\/pt\/wp-json\/wp\/v2\/tags?post=84458"}],"curies":[{"name":"wp","href":"https:\/\/api.w.org\/{rel}","templated":true}]}}