{"id":84472,"date":"2024-12-29T19:28:38","date_gmt":"2024-12-29T19:28:38","guid":{"rendered":"https:\/\/tvbrazilusa.com\/2024\/12\/29\/no-rio-de-janeiro-motorista-de-app-e-baleado-apos-errar-trajeto-e-passageira-e-morta\/"},"modified":"2024-12-29T19:28:39","modified_gmt":"2024-12-29T19:28:39","slug":"no-rio-de-janeiro-motorista-de-app-e-baleado-apos-errar-trajeto-e-passageira-e-morta","status":"publish","type":"post","link":"https:\/\/tvbrazilusa.com\/pt\/2024\/12\/29\/no-rio-de-janeiro-motorista-de-app-e-baleado-apos-errar-trajeto-e-passageira-e-morta\/","title":{"rendered":"No Rio de Janeiro, motorista de app \u00e9 baleado ap\u00f3s errar trajeto e passageira \u00e9 morta"},"content":{"rendered":"<p> <script async src=\"https:\/\/pagead2.googlesyndication.com\/pagead\/js\/adsbygoogle.js?client=ca-pub-8864793242727901\"\r\n     crossorigin=\"anonymous\"><\/script><br \/>\n<\/p>\n<div id=\"taboola-read-more\" style=\"display:block; width:100%\">\n<p>Uma mulher morreu ap\u00f3s ser baleada na cabe\u00e7a quando o carro de app em que estava entrou, por equ\u00edvoco, na Comunidade do Fontela, em Vargem Pequena, no Recreio dos Bandeirantes, zona oeste do Rio de Janeiro. O caso aconteceu na noite desse s\u00e1bado (28\/12).\n<\/p>\n<p>Segundo informa\u00e7\u00f5es, a mulher era passageira de um carro de aplicativo quando o motorista, que seguia o GPS, entrou por engano na regi\u00e3o.<\/p>\n<p>Na Estrada Benvindo de Novaes, criminosos teriam mandado o ve\u00edculo parar, mas o condutor n\u00e3o ouviu, e ent\u00e3o, abriram fogo contra o carro. O motorista foi baleado nas costas.\n<\/p>\n<p>A passageira era de S\u00e3o Paulo, foi atingida na cabe\u00e7a e morreu no local.\n<\/p>\n<p>Fonte: Metr\u00f3poles              <\/p>\n<\/div>\n<p><br \/>\n<br \/><a href=\"https:\/\/diariodobrasilnoticias.com.br\/noticia\/no-rio-de-janeiro-motorista-de-app-e-baleado-apos-errar-trajeto-e-passageira-e-morta-677170561563f\">Source link <\/a><\/p>","protected":false},"excerpt":{"rendered":"<p>Uma mulher morreu ap\u00f3s ser baleada na cabe\u00e7a quando o carro de app em que estava entrou, por equ\u00edvoco, na Comunidade do Fontela, em Vargem Pequena, no Recreio dos Bandeirantes,&hellip;<\/p>","protected":false},"author":1,"featured_media":84473,"comment_status":"closed","ping_status":"open","sticky":false,"template":"","format":"standard","meta":{"content-type":"","footnotes":""},"categories":[16],"tags":[123,2448,5313,1267],"class_list":["post-84472","post","type-post","status-publish","format-standard","has-post-thumbnail","hentry","category-noticias","tag-brasil","tag-diario","tag-noticia","tag-noticias"],"_links":{"self":[{"href":"https:\/\/tvbrazilusa.com\/pt\/wp-json\/wp\/v2\/posts\/84472","targetHints":{"allow":["GET"]}}],"collection":[{"href":"https:\/\/tvbrazilusa.com\/pt\/wp-json\/wp\/v2\/posts"}],"about":[{"href":"https:\/\/tvbrazilusa.com\/pt\/wp-json\/wp\/v2\/types\/post"}],"author":[{"embeddable":true,"href":"https:\/\/tvbrazilusa.com\/pt\/wp-json\/wp\/v2\/users\/1"}],"replies":[{"embeddable":true,"href":"https:\/\/tvbrazilusa.com\/pt\/wp-json\/wp\/v2\/comments?post=84472"}],"version-history":[{"count":1,"href":"https:\/\/tvbrazilusa.com\/pt\/wp-json\/wp\/v2\/posts\/84472\/revisions"}],"predecessor-version":[{"id":84474,"href":"https:\/\/tvbrazilusa.com\/pt\/wp-json\/wp\/v2\/posts\/84472\/revisions\/84474"}],"wp:featuredmedia":[{"embeddable":true,"href":"https:\/\/tvbrazilusa.com\/pt\/wp-json\/wp\/v2\/media\/84473"}],"wp:attachment":[{"href":"https:\/\/tvbrazilusa.com\/pt\/wp-json\/wp\/v2\/media?parent=84472"}],"wp:term":[{"taxonomy":"category","embeddable":true,"href":"https:\/\/tvbrazilusa.com\/pt\/wp-json\/wp\/v2\/categories?post=84472"},{"taxonomy":"post_tag","embeddable":true,"href":"https:\/\/tvbrazilusa.com\/pt\/wp-json\/wp\/v2\/tags?post=84472"}],"curies":[{"name":"wp","href":"https:\/\/api.w.org\/{rel}","templated":true}]}}