{"id":84482,"date":"2024-12-29T19:45:34","date_gmt":"2024-12-29T19:45:34","guid":{"rendered":"https:\/\/tvbrazilusa.com\/2024\/12\/29\/medida-temporaria-do-governo-suspende-novos-vistos-para-funcionarios-da-byd-da-bahia-chineses-estavam-em-condicoes-analogas-a-escravidao\/"},"modified":"2024-12-29T19:45:36","modified_gmt":"2024-12-29T19:45:36","slug":"medida-temporaria-do-governo-suspende-novos-vistos-para-funcionarios-da-byd-da-bahia-chineses-estavam-em-condicoes-analogas-a-escravidao","status":"publish","type":"post","link":"https:\/\/tvbrazilusa.com\/pt\/2024\/12\/29\/medida-temporaria-do-governo-suspende-novos-vistos-para-funcionarios-da-byd-da-bahia-chineses-estavam-em-condicoes-analogas-a-escravidao\/","title":{"rendered":"Medida tempor\u00e1ria do governo suspende novos vistos para funcion\u00e1rios da BYD da Bahia; chineses estavam em condi\u00e7\u00f5es an\u00e1logas \u00e0 escravid\u00e3o"},"content":{"rendered":"<p> <script async src=\"https:\/\/pagead2.googlesyndication.com\/pagead\/js\/adsbygoogle.js?client=ca-pub-8864793242727901\"\r\n     crossorigin=\"anonymous\"><\/script><br \/>\n<\/p>\n<div id=\"taboola-read-more\" style=\"display:block; width:100%\">\n<p>O governo brasileiro suspendeu de forma tempor\u00e1ria a emiss\u00e3o de novos vistos para funcion\u00e1rios chineses que viriam ao Brasil trabalhar na constru\u00e7\u00e3o da f\u00e1brica da montadora chinesa BYD em Cama\u00e7ari (BA).\n<\/p>\n<p>A suspens\u00e3o veio depois de o MPT (Minist\u00e9rio P\u00fablico do Trabalho) ter resgatado 163 chineses em condi\u00e7\u00f5es an\u00e1logas \u00e0 escravid\u00e3o, conforme divulgado na 2\u00aa feira (23.dez.2024).<\/p>\n<p>Os vistos afetados s\u00e3o de trabalho, do tipo Vitem V. S\u00e3o concedidos pelo Itamaraty em consulta ao Minist\u00e9rio da Justi\u00e7a. Depois da a\u00e7\u00e3o do MPT, o Itamaraty passou uma instru\u00e7\u00e3o para que os postos brasileiros na China interrompam a emiss\u00e3o de vistos envolvendo trabalhadores da fabricante chinesa de ve\u00edculos el\u00e9tricos.\n<\/p>\n<p>A medida \u00e9 preventiva e valer\u00e1 at\u00e9 que a BYD explique o caso \u00e0 Justi\u00e7a.\n<\/p>\n<p><strong>ENTENDA O CASO<\/strong>\n<\/p>\n<p>Uma for\u00e7a-tarefa do Minist\u00e9rio P\u00fablico do Trabalho, da Pol\u00edcia Federal e de outras organiza\u00e7\u00f5es resgatou 163 trabalhadores em \u201ccondi\u00e7\u00f5es an\u00e1logas \u00e0 de escravos\u201d e interditou parcialmente as obras para constru\u00e7\u00e3o de uma f\u00e1brica da montadora BYD em Cama\u00e7ari, na Bahia.\n<\/p>\n<p>Segundo comunicado divulgado na 2\u00aa feira (23.dez.2024), oper\u00e1rios estavam em condi\u00e7\u00f5es prec\u00e1rias, dormindo em camas sem colch\u00f5es e com um banheiro para cada 31 pessoas.\u00a0\n<\/p>\n<p>\u201cAs condi\u00e7\u00f5es encontradas nos alojamentos revelaram um quadro alarmante de precariedade e degrad\u00e2ncia. No 1\u00ba alojamento da Rua Colorado, os trabalhadores dormiam em camas sem colch\u00f5es, n\u00e3o possu\u00edam arm\u00e1rios para seus pertences pessoais, que ficavam misturados com materiais de alimenta\u00e7\u00e3o. A situa\u00e7\u00e3o sanit\u00e1ria era especialmente cr\u00edtica, com apenas um banheiro para cada 31 trabalhadores, for\u00e7ando-os a acordar \u00e0s 4h para formar fila e conseguir se preparar para sair ao trabalho \u00e0s 5h30\u201d, diz o Minist\u00e9rio P\u00fablico do Trabalho.\n<\/p>\n<p>A BYD disse ter recebido notifica\u00e7\u00e3o do Minist\u00e9rio P\u00fablico do Trabalho de que a construtora terceirizada Jinjiang \u201chavia cometido graves irregularidades\u201d e, ent\u00e3o, rescindiu o contrato com a Jinjiang Group \u2013uma das empreiteiras contratadas para realizar a obra. Eis a \u00edntegra da nota da BYD (PDF \u2013 60 kB).\n<\/p>\n<p>\u201cA BYD reafirma que n\u00e3o tolera desrespeito \u00e0 lei brasileira e \u00e0 dignidade humana. Diante disso, a companhia decidiu encerrar imediatamente o contrato com a empreiteira para a realiza\u00e7\u00e3o de parte da obra na f\u00e1brica de Cama\u00e7ari e estuda outras medidas cab\u00edveis\u201d, escreveu a montadora.\n<\/p>\n<p>A Jinjiang negou as condi\u00e7\u00f5es an\u00e1logas \u00e0 escravid\u00e3o e afirmou que houve mal-entendidos de tradu\u00e7\u00e3o e diferen\u00e7as culturais na interpreta\u00e7\u00e3o da situa\u00e7\u00e3o. Em comunicado na rede social chinesa Weibo, a empresa disse que seus funcion\u00e1rios se sentiram insultados pela caracteriza\u00e7\u00e3o de \u201cescravizados\u201d.\n<\/p>\n<p>Li Yunfei, gerente de rela\u00e7\u00f5es p\u00fablicas da BYD, acusou for\u00e7as estrangeiras e ve\u00edculos de comunica\u00e7\u00e3o chineses de tentarem prejudicar as rela\u00e7\u00f5es entre Brasil e China.\n<\/p>\n<p>A Jinjiang divulgou um v\u00eddeo com trabalhadores lendo uma carta conjunta. Afirmam que entregaram voluntariamente seus passaportes para obten\u00e7\u00e3o de identifica\u00e7\u00e3o tempor\u00e1ria no Brasil.\n<\/p>\n<p><strong>OPER\u00c1RIOS RESGATADOS RETORNAR\u00c3O \u00c0 CHINA EM JANEIRO<\/strong>\n<\/p>\n<p>Ao menos 7 dos 163 trabalhadores resgatados na f\u00e1brica devem retornar \u00e0 China em 1\u00ba de janeiro. As passagens a\u00e9reas ser\u00e3o custeadas pela montadora, que tamb\u00e9m deve arcar com o aux\u00edlio de custo de US$ 120 (cerca de R$ 740, na cota\u00e7\u00e3o atual) aos oper\u00e1rios.\n<\/p>\n<p>Al\u00e9m disso, os resgatados ficar\u00e3o hospedados em hot\u00e9is em Cama\u00e7ari at\u00e9 a finaliza\u00e7\u00e3o das negocia\u00e7\u00f5es para a rescis\u00e3o dos contratos de trabalho. As medidas foram definidas durante audi\u00eancia virtual conjunta entre a BYD, a Jinjiang Group \u2013uma das empreiteiras contratadas para realizar a obra\u2013, o MPT (Minist\u00e9rio P\u00fablico do Trabalho), o Minist\u00e9rio do Trabalho e Emprego, a DPU (Defensoria P\u00fablica da Uni\u00e3o), o MPF (Minist\u00e9rio P\u00fablico Federal) e o Minist\u00e9rio da Justi\u00e7a e Seguran\u00e7a P\u00fablica.\n<\/p>\n<p>Em nota, o MPT afirma que as empresas tamb\u00e9m se comprometeram a apresentar os documentos relativos aos trabalhadores resgatados e as informa\u00e7\u00f5es detalhadas de onde est\u00e3o alojados. A empreiteira deve, ainda, conduzir os oper\u00e1rios \u00e0 Pol\u00edcia Federal para obten\u00e7\u00e3o do RNM (Registro Nacional Migrat\u00f3rio) e, posteriormente, \u00e0 Receita Federal para emiss\u00e3o de CPFs. A Defensoria P\u00fablica da Uni\u00e3o acompanha o tr\u00e2mite.\n<\/p>\n<p>Segundo o MPT, a retirada dos documentos \u00e9 necess\u00e1ria para fazer os pagamentos no Brasil dos valores relativos \u00e0 rescis\u00e3o dos contratos e \u00e0s indeniza\u00e7\u00f5es dos empregados. Uma nova audi\u00eancia foi agendada para 7 de janeiro para ser apresentada uma proposta de termo de ajuste de conduta para avalia\u00e7\u00e3o das empresas investigadas.\n<\/p>\n<p>Fonte: Poder360              <\/p>\n<\/div>\n<p><br \/>\n<br \/><a href=\"https:\/\/diariodobrasilnoticias.com.br\/noticia\/medida-temporaria-do-governo-suspende-novos-vistos-para-funcionarios-da-byd-da-bahia-chineses-estavam-em-condicoes-analogas-a-escravidao-677173c29acf9\">Source link <\/a><\/p>","protected":false},"excerpt":{"rendered":"<p>O governo brasileiro suspendeu de forma tempor\u00e1ria a emiss\u00e3o de novos vistos para funcion\u00e1rios chineses que viriam ao Brasil trabalhar na constru\u00e7\u00e3o da f\u00e1brica da montadora chinesa BYD em Cama\u00e7ari&hellip;<\/p>","protected":false},"author":1,"featured_media":84483,"comment_status":"closed","ping_status":"open","sticky":false,"template":"","format":"standard","meta":{"content-type":"","footnotes":""},"categories":[16],"tags":[123,2448,5313,1267],"class_list":["post-84482","post","type-post","status-publish","format-standard","has-post-thumbnail","hentry","category-noticias","tag-brasil","tag-diario","tag-noticia","tag-noticias"],"_links":{"self":[{"href":"https:\/\/tvbrazilusa.com\/pt\/wp-json\/wp\/v2\/posts\/84482","targetHints":{"allow":["GET"]}}],"collection":[{"href":"https:\/\/tvbrazilusa.com\/pt\/wp-json\/wp\/v2\/posts"}],"about":[{"href":"https:\/\/tvbrazilusa.com\/pt\/wp-json\/wp\/v2\/types\/post"}],"author":[{"embeddable":true,"href":"https:\/\/tvbrazilusa.com\/pt\/wp-json\/wp\/v2\/users\/1"}],"replies":[{"embeddable":true,"href":"https:\/\/tvbrazilusa.com\/pt\/wp-json\/wp\/v2\/comments?post=84482"}],"version-history":[{"count":1,"href":"https:\/\/tvbrazilusa.com\/pt\/wp-json\/wp\/v2\/posts\/84482\/revisions"}],"predecessor-version":[{"id":84484,"href":"https:\/\/tvbrazilusa.com\/pt\/wp-json\/wp\/v2\/posts\/84482\/revisions\/84484"}],"wp:featuredmedia":[{"embeddable":true,"href":"https:\/\/tvbrazilusa.com\/pt\/wp-json\/wp\/v2\/media\/84483"}],"wp:attachment":[{"href":"https:\/\/tvbrazilusa.com\/pt\/wp-json\/wp\/v2\/media?parent=84482"}],"wp:term":[{"taxonomy":"category","embeddable":true,"href":"https:\/\/tvbrazilusa.com\/pt\/wp-json\/wp\/v2\/categories?post=84482"},{"taxonomy":"post_tag","embeddable":true,"href":"https:\/\/tvbrazilusa.com\/pt\/wp-json\/wp\/v2\/tags?post=84482"}],"curies":[{"name":"wp","href":"https:\/\/api.w.org\/{rel}","templated":true}]}}