{"id":84496,"date":"2024-12-29T20:21:59","date_gmt":"2024-12-29T20:21:59","guid":{"rendered":"https:\/\/tvbrazilusa.com\/2024\/12\/29\/por-que-lula-decidiu-despachar-da-residencia-de-campo-da-presidencia\/"},"modified":"2024-12-29T20:22:00","modified_gmt":"2024-12-29T20:22:00","slug":"por-que-lula-decidiu-despachar-da-residencia-de-campo-da-presidencia","status":"publish","type":"post","link":"https:\/\/tvbrazilusa.com\/pt\/2024\/12\/29\/por-que-lula-decidiu-despachar-da-residencia-de-campo-da-presidencia\/","title":{"rendered":"Por que Lula decidiu despachar da resid\u00eancia de campo da Presid\u00eancia"},"content":{"rendered":"<p> <script async src=\"https:\/\/pagead2.googlesyndication.com\/pagead\/js\/adsbygoogle.js?client=ca-pub-8864793242727901\"\r\n     crossorigin=\"anonymous\"><\/script><br \/>\n<\/p>\n<div id=\"taboola-read-more\" style=\"display:block; width:100%\">\n<p>O presidente\u00a0<a href=\"https:\/\/www.metropoles.com\/tag\/lula\" target=\"_blank\" rel=\"noopener noreferrer\">Lula<\/a>\u00a0passou a despachar da\u00a0<a href=\"https:\/\/www.gov.br\/planalto\/pt-br\/conheca-a-presidencia\/palacios-e-residencias\/granja-do-torto\" target=\"_blank\" rel=\"noopener noreferrer\">Granja do Torto<\/a>, resid\u00eancia de campo da Presid\u00eancia da Rep\u00fablica, em Bras\u00edlia, a partir desta sexta-feira (27\/12).\n<\/p>\n<p>De gola polo e chap\u00e9u, o petista recebeu auxiliares e at\u00e9 o deputado federal\u00a0<a href=\"https:\/\/www.camara.leg.br\/deputados\/160674\" target=\"_blank\" rel=\"noopener noreferrer\">Hugo Motta<\/a>\u00a0(Republicanos-PB), favorito para ser eleito presidente da C\u00e2mara em fevereiro.<\/p>\n<p>O\u00a0<a href=\"https:\/\/www.metropoles.com\/brasil\/depois-de-lira-lula-recebe-hugo-motta-na-granja-do-torto\" target=\"_blank\" rel=\"noopener noreferrer\">encontro com Motta<\/a>\u00a0foi intermediado pelo l\u00edder do governo na C\u00e2mara, Jos\u00e9 Guimar\u00e3es (PT-CE), e teve a presen\u00e7a do ministro das Rela\u00e7\u00f5es Institucionais, Alexandre Padilha.\n<\/p>\n<p>Ap\u00f3s a audi\u00eancia com Motta, Lula recebeu os ministros Jader Filho (Cidades) e Paulo Pimenta (Secom) para assinar o dep\u00f3sito de R$ 6,5 bilh\u00f5es para preven\u00e7\u00e3o de enchentes no Rio Grande do Sul.\n<\/p>\n<p>Segundo auxiliares, embora more no Pal\u00e1cio da Alvorada, Lula prefere o Torto por considerar que a resid\u00eancia de campo tem mais \u201cjeito de casa\u201d. A previs\u00e3o \u00e9 de que o petista passe o R\u00e9veillon no local.\n<\/p>\n<p>Com informa\u00e7\u00f5es metr\u00f3poles              <\/p>\n<\/div>\n<p><br \/>\n<br \/><a href=\"https:\/\/diariodobrasilnoticias.com.br\/noticia\/por-que-lula-decidiu-despachar-da-residencia-de-campo-da-presidencia-6771972c1e2f7\">Source link <\/a><\/p>","protected":false},"excerpt":{"rendered":"<p>O presidente\u00a0Lula\u00a0passou a despachar da\u00a0Granja do Torto, resid\u00eancia de campo da Presid\u00eancia da Rep\u00fablica, em Bras\u00edlia, a partir desta sexta-feira (27\/12). De gola polo e chap\u00e9u, o petista recebeu auxiliares&hellip;<\/p>","protected":false},"author":1,"featured_media":84497,"comment_status":"closed","ping_status":"open","sticky":false,"template":"","format":"standard","meta":{"content-type":"","footnotes":""},"categories":[16],"tags":[123,2448,5313,1267],"class_list":["post-84496","post","type-post","status-publish","format-standard","has-post-thumbnail","hentry","category-noticias","tag-brasil","tag-diario","tag-noticia","tag-noticias"],"_links":{"self":[{"href":"https:\/\/tvbrazilusa.com\/pt\/wp-json\/wp\/v2\/posts\/84496","targetHints":{"allow":["GET"]}}],"collection":[{"href":"https:\/\/tvbrazilusa.com\/pt\/wp-json\/wp\/v2\/posts"}],"about":[{"href":"https:\/\/tvbrazilusa.com\/pt\/wp-json\/wp\/v2\/types\/post"}],"author":[{"embeddable":true,"href":"https:\/\/tvbrazilusa.com\/pt\/wp-json\/wp\/v2\/users\/1"}],"replies":[{"embeddable":true,"href":"https:\/\/tvbrazilusa.com\/pt\/wp-json\/wp\/v2\/comments?post=84496"}],"version-history":[{"count":1,"href":"https:\/\/tvbrazilusa.com\/pt\/wp-json\/wp\/v2\/posts\/84496\/revisions"}],"predecessor-version":[{"id":84498,"href":"https:\/\/tvbrazilusa.com\/pt\/wp-json\/wp\/v2\/posts\/84496\/revisions\/84498"}],"wp:featuredmedia":[{"embeddable":true,"href":"https:\/\/tvbrazilusa.com\/pt\/wp-json\/wp\/v2\/media\/84497"}],"wp:attachment":[{"href":"https:\/\/tvbrazilusa.com\/pt\/wp-json\/wp\/v2\/media?parent=84496"}],"wp:term":[{"taxonomy":"category","embeddable":true,"href":"https:\/\/tvbrazilusa.com\/pt\/wp-json\/wp\/v2\/categories?post=84496"},{"taxonomy":"post_tag","embeddable":true,"href":"https:\/\/tvbrazilusa.com\/pt\/wp-json\/wp\/v2\/tags?post=84496"}],"curies":[{"name":"wp","href":"https:\/\/api.w.org\/{rel}","templated":true}]}}