{"id":84511,"date":"2024-12-29T21:14:53","date_gmt":"2024-12-29T21:14:53","guid":{"rendered":"https:\/\/tvbrazilusa.com\/2024\/12\/29\/randolfe-rodrigues-retira-projeto-que-altera-votacao-ao-senado-federal\/"},"modified":"2024-12-29T21:14:55","modified_gmt":"2024-12-29T21:14:55","slug":"randolfe-rodrigues-retira-projeto-que-altera-votacao-ao-senado-federal","status":"publish","type":"post","link":"https:\/\/tvbrazilusa.com\/pt\/2024\/12\/29\/randolfe-rodrigues-retira-projeto-que-altera-votacao-ao-senado-federal\/","title":{"rendered":"Randolfe Rodrigues retira projeto que altera vota\u00e7\u00e3o ao Senado Federal"},"content":{"rendered":"<p> <script async src=\"https:\/\/pagead2.googlesyndication.com\/pagead\/js\/adsbygoogle.js?client=ca-pub-8864793242727901\"\r\n     crossorigin=\"anonymous\"><\/script><br \/>\n<\/p>\n<div id=\"taboola-read-more\" style=\"display:block; width:100%\">\n<p>O senador Randolfe Rodrigues (PT-AP), l\u00edder do governo no Congresso Nacional, retirou a tramita\u00e7\u00e3o de um projeto que previa mudar as regras para elei\u00e7\u00e3o no Senado Federal. A proposta sugere altera\u00e7\u00e3o na vota\u00e7\u00e3o ao Senado, ou seja, os eleitores deveriam escolher somente um candidato para a Casa Legislativa, ao inv\u00e9s de dois como acontece na legisla\u00e7\u00e3o atual.\n<\/p>\n<p>No sistema do Senado, a proposta de Randolfe (PL 4629\/2024), aparece como \u201cretirada pelo autor\u201d.<\/p>\n<h2>A proposta<\/h2>\n<p>Nas elei\u00e7\u00f5es de 2026, 54 dos 81 senadores ser\u00e3o substitu\u00eddos. Pelas regras de hoje, o cidad\u00e3o deve escolher dois nomes diferentes na c\u00e9dula de vota\u00e7\u00e3o.\n<\/p>\n<p>Randolfe Rodrigues defende mudar as regras do C\u00f3digo Eleitoral para que cada eleitor passe a votar somente uma vez, sendo eleitos os dois candidatos mais bem votados.\n<\/p>\n<p>O projeto foi apresentado no in\u00edcio de dezembro, mas foi retirado de pauta para ser debatido na reforma eleitoral, que segue em an\u00e1lise na Comiss\u00e3o de Constitui\u00e7\u00e3o e Justi\u00e7a, sob a relatoria do senador Marcelo Castro (MDB-PI)\n<\/p>\n<p>Segundo o l\u00edder de governo, a mudan\u00e7a vai adequar a elei\u00e7\u00e3o de senador ao princ\u00edpio do voto uninominal.\n<\/p>\n<p>\u201dA ado\u00e7\u00e3o do voto binominal \u00e9 uma, digamos assim, \u00e9 uma esp\u00e9cie de jabuticaba brasileira que n\u00f3s s\u00f3 temos aqui. Por isso, a ideia \u00e9 adequar a um princ\u00edpio elementar: Os mais votados s\u00e3o os eleitos, s\u00e3o aqueles dois mais votados que s\u00e3o eleitos, que uninominalmente conseguiram o maior n\u00famero de votos. Eu acho que \u00e9 uma distor\u00e7\u00e3o que foi adotada, que n\u00e3o era consoante \u00e0 primeira constitui\u00e7\u00e3o republicana, de 1891, a ideia \u00e9 fazer a corre\u00e7\u00e3o\u201d, afirma Randolfe Rodrigues.\n<\/p>\n<p>A CNN tenta contato com o senador para maiores explica\u00e7\u00f5es sobre a decis\u00e3o de retirada da tramita\u00e7\u00e3o do PL.\n<\/p>\n<h2>Cr\u00edticas ao projeto<\/h2>\n<p>Ontem (28), o ex-presidente Jair Bolsonaro (PL) criticou o projeto atrav\u00e9s das redes sociais. Para o ex-mandat\u00e1rio, a esquerda teme um \u201cfracasso\u201d.\n<\/p>\n<div id=\"middle_4\" class=\"custom__ad__element\" data-google-query-id=\"CLyv3aXCzYoDFechBgAdM2gWJA\">\n<p>\u201cPrevendo mais um fracasso em 2026 a esquerda trabalha em duas frentes: o eleitor ter direito a um s\u00f3 voto para o Senado e a alian\u00e7a com candidatos de outros partidos que, caso eleitos, n\u00e3o tomariam posi\u00e7\u00f5es durante seus mandatos (senador isent\u00e3o)\u201d, escreveu Bolsonaro o X (antigo Twitter).\n<\/p>\n<p><iframe id=\"twitter-widget-0\" class=\"\" title=\"X Post\" src=\"https:\/\/platform.twitter.com\/embed\/Tweet.html?creatorScreenName=cnnbrasil&#038;dnt=false&#038;embedId=twitter-widget-0&#038;features=eyJ0ZndfdGltZWxpbmVfbGlzdCI6eyJidWNrZXQiOltdLCJ2ZXJzaW9uIjpudWxsfSwidGZ3X2ZvbGxvd2VyX2NvdW50X3N1bnNldCI6eyJidWNrZXQiOnRydWUsInZlcnNpb24iOm51bGx9LCJ0ZndfdHdlZXRfZWRpdF9iYWNrZW5kIjp7ImJ1Y2tldCI6Im9uIiwidmVyc2lvbiI6bnVsbH0sInRmd19yZWZzcmNfc2Vzc2lvbiI6eyJidWNrZXQiOiJvbiIsInZlcnNpb24iOm51bGx9LCJ0ZndfZm9zbnJfc29mdF9pbnRlcnZlbnRpb25zX2VuYWJsZWQiOnsiYnVja2V0Ijoib24iLCJ2ZXJzaW9uIjpudWxsfSwidGZ3X21peGVkX21lZGlhXzE1ODk3Ijp7ImJ1Y2tldCI6InRyZWF0bWVudCIsInZlcnNpb24iOm51bGx9LCJ0ZndfZXhwZXJpbWVudHNfY29va2llX2V4cGlyYXRpb24iOnsiYnVja2V0IjoxMjA5NjAwLCJ2ZXJzaW9uIjpudWxsfSwidGZ3X3Nob3dfYmlyZHdhdGNoX3Bpdm90c19lbmFibGVkIjp7ImJ1Y2tldCI6Im9uIiwidmVyc2lvbiI6bnVsbH0sInRmd19kdXBsaWNhdGVfc2NyaWJlc190b19zZXR0aW5ncyI6eyJidWNrZXQiOiJvbiIsInZlcnNpb24iOm51bGx9LCJ0ZndfdXNlX3Byb2ZpbGVfaW1hZ2Vfc2hhcGVfZW5hYmxlZCI6eyJidWNrZXQiOiJvbiIsInZlcnNpb24iOm51bGx9LCJ0ZndfdmlkZW9faGxzX2R5bmFtaWNfbWFuaWZlc3RzXzE1MDgyIjp7ImJ1Y2tldCI6InRydWVfYml0cmF0ZSIsInZlcnNpb24iOm51bGx9LCJ0ZndfbGVnYWN5X3RpbWVsaW5lX3N1bnNldCI6eyJidWNrZXQiOnRydWUsInZlcnNpb24iOm51bGx9LCJ0ZndfdHdlZXRfZWRpdF9mcm9udGVuZCI6eyJidWNrZXQiOiJvbiIsInZlcnNpb24iOm51bGx9fQ%3D%3D&#038;frame=false&#038;hideCard=false&#038;hideThread=false&#038;id=1873116894200246626&#038;lang=pt&#038;origin=https%3A%2F%2Fwww.cnnbrasil.com.br%2Fpolitica%2Frandolfe-rodrigues-retira-projeto-que-altera-votacao-ao-senado-federal%2F%3Futm_source%3Dsocial%26utm_medium%3Dtwitter%26utm_campaign%3Dpolitica&#038;sessionId=b55085f2669a1336ec64d063cf2ea585ea9f0975&#038;siteScreenName=CNNBrasil&#038;theme=light&#038;widgetsVersion=2615f7e52b7e0%3A1702314776716&#038;width=550px\" width=\"300\" height=\"150\" frameborder=\"0\" scrolling=\"no\" allowfullscreen=\"allowfullscreen\" data-tweet-id=\"1873116894200246626\" data-gtm-yt-inspected-18=\"true\" data-gtm-yt-inspected-190035579_107=\"true\" data-gtm-yt-inspected-44=\"true\"><\/iframe><\/p>\n<p>O l\u00edder da oposi\u00e7\u00e3o no Senado Federal, Rog\u00e9rio Marinho (PL-RN), tamb\u00e9m criticou a proposta. Para o parlamentar, trata-se de um\u00a0<a href=\"https:\/\/www.cnnbrasil.com.br\/blogs\/gustavo-uribe\/politica\/casuismo-diz-lider-da-oposicao-sobre-proposta-de-mudanca-na-eleicao-ao-senado\/\">\u201ccasu\u00edsmo\u201d do governo federal<\/a>.\n<\/p>\n<p>Em entrevista \u00e0 CNN na semana passada, o\u00a0<a href=\"https:\/\/www.cnnbrasil.com.br\/politica\/estados-nao-vao-conseguir-debater-acoes-criminosas-sozinhos-diz-padilha-a-cnn\/\">ministro de Rela\u00e7\u00f5es Institucionais, Alexandre Padilha<\/a>, evitou fazer coment\u00e1rios sobre a proposta. Segundo ele, o projeto de lei foi uma iniciativa pessoal de Randolfe Rodrigues, n\u00e3o uma sugest\u00e3o do Pal\u00e1cio do Planalto.\n<\/p>\n<p><em>*Com informa\u00e7\u00f5es de Gustavo Uribe, da CNN e do Senado Federal<\/em>\n<\/p>\n<\/div><\/div>\n<p><br \/>\n<br \/><a href=\"https:\/\/diariodobrasilnoticias.com.br\/noticia\/randolfe-rodrigues-retira-projeto-que-altera-votacao-ao-senado-federal-677189a9c5ebf\">Source link <\/a><\/p>","protected":false},"excerpt":{"rendered":"<p>O senador Randolfe Rodrigues (PT-AP), l\u00edder do governo no Congresso Nacional, retirou a tramita\u00e7\u00e3o de um projeto que previa mudar as regras para elei\u00e7\u00e3o no Senado Federal. A proposta sugere&hellip;<\/p>","protected":false},"author":1,"featured_media":84512,"comment_status":"closed","ping_status":"open","sticky":false,"template":"","format":"standard","meta":{"content-type":"","footnotes":""},"categories":[16],"tags":[123,2448,5313,1267],"class_list":["post-84511","post","type-post","status-publish","format-standard","has-post-thumbnail","hentry","category-noticias","tag-brasil","tag-diario","tag-noticia","tag-noticias"],"_links":{"self":[{"href":"https:\/\/tvbrazilusa.com\/pt\/wp-json\/wp\/v2\/posts\/84511","targetHints":{"allow":["GET"]}}],"collection":[{"href":"https:\/\/tvbrazilusa.com\/pt\/wp-json\/wp\/v2\/posts"}],"about":[{"href":"https:\/\/tvbrazilusa.com\/pt\/wp-json\/wp\/v2\/types\/post"}],"author":[{"embeddable":true,"href":"https:\/\/tvbrazilusa.com\/pt\/wp-json\/wp\/v2\/users\/1"}],"replies":[{"embeddable":true,"href":"https:\/\/tvbrazilusa.com\/pt\/wp-json\/wp\/v2\/comments?post=84511"}],"version-history":[{"count":1,"href":"https:\/\/tvbrazilusa.com\/pt\/wp-json\/wp\/v2\/posts\/84511\/revisions"}],"predecessor-version":[{"id":84513,"href":"https:\/\/tvbrazilusa.com\/pt\/wp-json\/wp\/v2\/posts\/84511\/revisions\/84513"}],"wp:featuredmedia":[{"embeddable":true,"href":"https:\/\/tvbrazilusa.com\/pt\/wp-json\/wp\/v2\/media\/84512"}],"wp:attachment":[{"href":"https:\/\/tvbrazilusa.com\/pt\/wp-json\/wp\/v2\/media?parent=84511"}],"wp:term":[{"taxonomy":"category","embeddable":true,"href":"https:\/\/tvbrazilusa.com\/pt\/wp-json\/wp\/v2\/categories?post=84511"},{"taxonomy":"post_tag","embeddable":true,"href":"https:\/\/tvbrazilusa.com\/pt\/wp-json\/wp\/v2\/tags?post=84511"}],"curies":[{"name":"wp","href":"https:\/\/api.w.org\/{rel}","templated":true}]}}