{"id":84516,"date":"2024-12-29T21:26:45","date_gmt":"2024-12-29T21:26:45","guid":{"rendered":"https:\/\/tvbrazilusa.com\/2024\/12\/29\/mulher-morta-apos-carro-por-aplicativo-entrar-por-engano-em-comunidade-da-zona-oeste-morava-em-sp-e-estava-de-ferias-no-rio\/"},"modified":"2024-12-29T21:26:47","modified_gmt":"2024-12-29T21:26:47","slug":"mulher-morta-apos-carro-por-aplicativo-entrar-por-engano-em-comunidade-da-zona-oeste-morava-em-sp-e-estava-de-ferias-no-rio","status":"publish","type":"post","link":"https:\/\/tvbrazilusa.com\/pt\/2024\/12\/29\/mulher-morta-apos-carro-por-aplicativo-entrar-por-engano-em-comunidade-da-zona-oeste-morava-em-sp-e-estava-de-ferias-no-rio\/","title":{"rendered":"Mulher morta ap\u00f3s carro por aplicativo entrar por engano em comunidade da Zona Oeste morava em SP e estava de f\u00e9rias no Rio"},"content":{"rendered":"<p> <script async src=\"https:\/\/pagead2.googlesyndication.com\/pagead\/js\/adsbygoogle.js?client=ca-pub-8864793242727901\"\r\n     crossorigin=\"anonymous\"><\/script><br \/>\n<\/p>\n<div id=\"pub-in-text\" data-google-query-id=\"CIn21onyzYoDFdtNpAQdLvgmGA\">\n<div class=\"mc-column content-text active-extra-styles\" data-block-type=\"unstyled\" data-block-weight=\"66\" data-block-id=\"4\">\n<p class=\"content-text__container\" data-track-category=\"Link no Texto\" data-track-links=\"\" data-mrf-recirculation=\"Article links\">A passageira morreu no local do crime, na Estrada Benvindo de Novaes. O motorista Anderson Pinheiro, de 34 anos, tamb\u00e9m foi ferido e levado para o Hospital Municipal Louren\u00e7o Jorge, na Barra da Tijuca. Ele recebeu atendimento m\u00e9dico, foi liberado e prestou depoimento na delegacia. De acordo com a Pol\u00edcia Civil, dilig\u00eancias est\u00e3o sendo realizadas para identificar a autoria do crime e esclarecer os fatos.<\/p>\n<\/div>\n<div class=\"mc-column content-text active-extra-styles\" data-block-type=\"unstyled\" data-block-weight=\"64\" data-block-id=\"5\">\n<p class=\"content-text__container\" data-track-category=\"Link no Texto\" data-track-links=\"\" data-mrf-recirculation=\"Article links\">Sua mudan\u00e7a para Jundia\u00ed foi motivada pelos estudos, cidade em que se formou em Contabilidade pela Faculdade Padre Anchieta. Pelo segundo ano consecutivo, Diely estava no Rio para o r\u00e9veillon, acompanhada por um grupo de amigas. De acordo com parentes, a gerente cont\u00e1bil era uma pessoa aut\u00eantica e de sorriso largo. Alguns brincavam que parecia a cantora Ivete Sangalo, por conta de sua beleza.\n<\/p>\n<\/div>\n<div class=\"mc-column content-text active-extra-styles\" data-block-type=\"unstyled\" data-block-weight=\"81\" data-block-id=\"6\">\n<p class=\"content-text__container\" data-track-category=\"Link no Texto\" data-track-links=\"\" data-mrf-recirculation=\"Article links\">Atrav\u00e9s de nota, a Uber &#8220;lamenta profundamente que cidad\u00e3os que desejam apenas trabalhar ou se deslocar sejam v\u00edtimas da viol\u00eancia que permeia nossa sociedade&#8221;. A empresa refor\u00e7ou que todas as viagens na plataforma s\u00e3o cobertas por um seguro e que est\u00e1 \u00e0 disposi\u00e7\u00e3o dos \u00f3rg\u00e3os de seguran\u00e7a para colaborar com as investiga\u00e7\u00f5es. &#8220;Compartilhamos nossos sentimentos com a fam\u00edlia da usu\u00e1ria neste momento t\u00e3o dif\u00edcil, e esperamos que as autoridades tragam os respons\u00e1veis \u00e0 justi\u00e7a o mais rapidamente poss\u00edvel&#8221;, completa a Uber.\n<\/p>\n<\/div>\n<div class=\"mc-column content-text active-extra-styles\" data-block-type=\"unstyled\" data-block-weight=\"59\" data-block-id=\"7\">\n<p class=\"content-text__container\" data-track-category=\"Link no Texto\" data-track-links=\"\" data-mrf-recirculation=\"Article links\">Em uma rede social, uma prima de Diely publicou uma emocionante despedida, na qual escreve que o Ano Novo para a fam\u00edlia acabou antes da meia-noite de s\u00e1bado, numa refer\u00eancia ao hor\u00e1rio que parentes foram informados da morte. &#8220;Mais uma fam\u00edlia devastada pela criminalidade do Rio de Janeiro. Agora essa fam\u00edlia \u00e9 a nossa&#8221;, escreveu a parente da v\u00edtima.\n<\/p>\n<\/div>\n<div class=\"mc-column content-text active-extra-styles\" data-block-type=\"raw\" data-block-weight=\"18\" data-block-id=\"9\">\n<p class=\"content-text__container\" data-mrf-recirculation=\"Article links\">\u00a0\n<\/p>\n<ul class=\"content-unordered-list\" data-mrf-recirculation=\"Veja a lista\">\n<li><strong>Opera\u00e7\u00e3o na favela<\/strong>:<a class=\"\" href=\"https:\/\/oglobo.globo.com\/rio\/noticia\/2024\/07\/15\/policia-faz-megaoperacao-em-dez-comunidades-do-rio-onde-ha-disputa-entre-trafico-e-milicia.ghtml\" data-mrf-link=\"https:\/\/oglobo.globo.com\/rio\/noticia\/2024\/07\/15\/policia-faz-megaoperacao-em-dez-comunidades-do-rio-onde-ha-disputa-entre-trafico-e-milicia.ghtml\">\u00a0Pol\u00edcia faz megaopera\u00e7\u00e3o em dez comunidades do Rio onde h\u00e1 disputa entre tr\u00e1fico e mil\u00edcia<\/a><\/li>\n<\/ul>\n<\/div>\n<div class=\"mc-column content-text active-extra-styles\" data-block-type=\"unstyled\" data-block-weight=\"85\" data-block-id=\"10\">\n<p class=\"content-text__container\" data-track-category=\"Link no Texto\" data-track-links=\"\" data-mrf-recirculation=\"Article links\">&#8220;S\u00f3 consigo lembrar da nossa inf\u00e2ncia\u2026 das brincadeiras\u2026 da gente arrumando sua casa com aquele famoso \u201cpano de \u00f3leo\u201d no ch\u00e3o \u2026. Enfim\u2026. Sua passagem foi t\u00e3o curta mas o sorriso lindo e f\u00e1cil marcou! Que Jesus Cristo te receba de bra\u00e7os abertos \u2026 Deus ser\u00e1 contigo e com sua fam\u00edlia. N\u00e3o ir\u00e1 desamparar ningu\u00e9m! Te amamos. Foi bom te conhecer e te chamar de prima&#8221;, escreveu a mesma parente na rede social de Diely. Amigos tamb\u00e9m se manifestaram demonstrando estarem inconsol\u00e1veis com o acontecimento.\n<\/p>\n<\/div>\n<div class=\"mc-column content-text active-extra-styles\" data-block-type=\"unstyled\" data-block-weight=\"80\" data-block-id=\"11\">\n<p class=\"content-text__container\" data-track-category=\"Link no Texto\" data-track-links=\"\" data-mrf-recirculation=\"Article links\">Gerente cont\u00e1bil, Diely da Silva Maia compartilhava em sua conta do Instagram algumas de suas viagens. Al\u00e9m do \u00faltimo r\u00e9veillon no Rio, viagem em que tamb\u00e9m curtiu passeios pela Praia de Ipanema e pelo Parque Lage, assim como assistiu a um amanhecer sobre uma prancha de stand-up paddle. A jovem tamb\u00e9m esteve na cidade em setembro, quando curtiu o Rock in Rio. Entre os roteiros, est\u00e3o ainda viagens para Maresias, no litoral paulista, e \u00e0 Bahia, para visitar a fam\u00edlia.\n<\/p>\n<\/div>\n<div class=\"mc-column content-text active-extra-styles\" data-block-type=\"unstyled\" data-block-weight=\"59\" data-block-id=\"12\">\n<p class=\"content-text__container\" data-track-category=\"Link no Texto\" data-track-links=\"\" data-mrf-recirculation=\"Article links\">O Corpo de Bombeiros informou que o quartel do Recreio dos Bandeirantes foi acionado \u00e0s 21h14 para o local do crime, que fica ap\u00f3s o Am\u00e9rica Shopping, sentido Recreio dos Bandeirantes. Chegando l\u00e1, constatou a exist\u00eancia de duas v\u00edtimas, uma delas fatal. O mesmo foi informado por policiais militares do 31\u00ba BPM (Recreio dos Bandeirantes), que atenderam a ocorr\u00eancia.\n<\/p>\n<\/div>\n<div class=\"mc-column content-text active-extra-styles\" data-block-type=\"unstyled\" data-block-weight=\"51\" data-block-id=\"13\">\n<p class=\"content-text__container\" data-track-category=\"Link no Texto\" data-track-links=\"\" data-mrf-recirculation=\"Article links\">A comunidade Fontela, onde a passageira morreu, estava na lista de localidades abrangidas pela Opera\u00e7\u00e3o Ordo &#8211; que significa ordem &#8211; deflagrada pelas pol\u00edcias Militar e Civil do Rio, em meados do ano. A megaopera\u00e7\u00e3o mirava favelas onde havia disputa entre traficantes e milicianos, mas n\u00e3o apresentou grandes resultados na \u00e9poca.\n<\/p>\n<p class=\"content-text__container\" data-track-category=\"Link no Texto\" data-track-links=\"\" data-mrf-recirculation=\"Article links\">Com informa\u00e7\u00f5es o globo\n<\/p>\n<\/div>\n<\/div>\n<p><br \/>\n<br \/><a href=\"https:\/\/diariodobrasilnoticias.com.br\/noticia\/mulher-morta-apos-carro-por-aplicativo-entrar-por-engano-em-comunidade-da-zona-oeste-morava-em-sp-e-estava-de-ferias-no-rio-6771bb49d9d4e\">Source link <\/a><\/p>","protected":false},"excerpt":{"rendered":"<p>A passageira morreu no local do crime, na Estrada Benvindo de Novaes. O motorista Anderson Pinheiro, de 34 anos, tamb\u00e9m foi ferido e levado para o Hospital Municipal Louren\u00e7o Jorge,&hellip;<\/p>","protected":false},"author":1,"featured_media":84517,"comment_status":"closed","ping_status":"open","sticky":false,"template":"","format":"standard","meta":{"content-type":"","footnotes":""},"categories":[16],"tags":[123,2448,5313,1267],"class_list":["post-84516","post","type-post","status-publish","format-standard","has-post-thumbnail","hentry","category-noticias","tag-brasil","tag-diario","tag-noticia","tag-noticias"],"_links":{"self":[{"href":"https:\/\/tvbrazilusa.com\/pt\/wp-json\/wp\/v2\/posts\/84516","targetHints":{"allow":["GET"]}}],"collection":[{"href":"https:\/\/tvbrazilusa.com\/pt\/wp-json\/wp\/v2\/posts"}],"about":[{"href":"https:\/\/tvbrazilusa.com\/pt\/wp-json\/wp\/v2\/types\/post"}],"author":[{"embeddable":true,"href":"https:\/\/tvbrazilusa.com\/pt\/wp-json\/wp\/v2\/users\/1"}],"replies":[{"embeddable":true,"href":"https:\/\/tvbrazilusa.com\/pt\/wp-json\/wp\/v2\/comments?post=84516"}],"version-history":[{"count":1,"href":"https:\/\/tvbrazilusa.com\/pt\/wp-json\/wp\/v2\/posts\/84516\/revisions"}],"predecessor-version":[{"id":84518,"href":"https:\/\/tvbrazilusa.com\/pt\/wp-json\/wp\/v2\/posts\/84516\/revisions\/84518"}],"wp:featuredmedia":[{"embeddable":true,"href":"https:\/\/tvbrazilusa.com\/pt\/wp-json\/wp\/v2\/media\/84517"}],"wp:attachment":[{"href":"https:\/\/tvbrazilusa.com\/pt\/wp-json\/wp\/v2\/media?parent=84516"}],"wp:term":[{"taxonomy":"category","embeddable":true,"href":"https:\/\/tvbrazilusa.com\/pt\/wp-json\/wp\/v2\/categories?post=84516"},{"taxonomy":"post_tag","embeddable":true,"href":"https:\/\/tvbrazilusa.com\/pt\/wp-json\/wp\/v2\/tags?post=84516"}],"curies":[{"name":"wp","href":"https:\/\/api.w.org\/{rel}","templated":true}]}}