{"id":84607,"date":"2024-12-30T00:51:52","date_gmt":"2024-12-30T00:51:52","guid":{"rendered":"https:\/\/tvbrazilusa.com\/2024\/12\/30\/geracao-z-esta-perdendo-uma-habilidade-que-temos-ha-55-mil-anos-40-estao-perdendo-a-fluencia-na-comunicacao\/"},"modified":"2024-12-30T00:51:53","modified_gmt":"2024-12-30T00:51:53","slug":"geracao-z-esta-perdendo-uma-habilidade-que-temos-ha-55-mil-anos-40-estao-perdendo-a-fluencia-na-comunicacao","status":"publish","type":"post","link":"https:\/\/tvbrazilusa.com\/pt\/2024\/12\/30\/geracao-z-esta-perdendo-uma-habilidade-que-temos-ha-55-mil-anos-40-estao-perdendo-a-fluencia-na-comunicacao\/","title":{"rendered":"Gera\u00e7\u00e3o Z est\u00e1 perdendo uma habilidade que temos h\u00e1 5,5 mil anos: 40% est\u00e3o perdendo a flu\u00eancia na comunica\u00e7\u00e3o"},"content":{"rendered":"<p> <script async src=\"https:\/\/pagead2.googlesyndication.com\/pagead\/js\/adsbygoogle.js?client=ca-pub-8864793242727901\"\r\n     crossorigin=\"anonymous\"><\/script><br \/>\n<\/p>\n<div id=\"taboola-read-more\" style=\"display:block; width:100%\">\n<p>As inova\u00e7\u00f5es digitais est\u00e3o fazendo com que a\u00a0<strong><a href=\"https:\/\/br.ign.com\/ciencia\/122940\/feature\/geracao-z-millenial-boomer-e-mais-em-que-ano-comecou-cada-geracao-entenda-as-caracteristicas-e-parti\" target=\"_blank\" rel=\"noopener noreferrer\">Gera\u00e7\u00e3o Z<\/a><\/strong>\u00a0abandone n\u00e3o apenas a capacidade de escrever, mas tamb\u00e9m o conhecimento b\u00e1sico para se expressar com maior clareza. A d\u00favida se faz parte da transforma\u00e7\u00e3o que a sociedade vive ou se \u00e9 um problema da Gera\u00e7\u00e3o Z que deve ser enfrentado preocupa os especialistas. O fato \u00e9 que a Gen Z est\u00e1 perdendo o que a humanidade veio desenvolvendo h\u00e1 5.500 anos.\n<\/p>\n<h3>A perda da escrita entre a Gera\u00e7\u00e3o Z<\/h3>\n<p>De acordo com diversos estudos e depoimentos de professores de diversas universidades\u00a0<a href=\"https:\/\/www.turkiyetoday.com\/\" target=\"_blank\" rel=\"noopener noreferrer\">coletados pelo jornal turco T\u00fcrkiye Today<\/a>, os jovens da Gera\u00e7\u00e3o Z ficaram t\u00e3o acostumados a usar teclados que acabaram &#8220;entrando em choque&#8221; ao saltar da escrita digital para a tradicional. Como qualquer habilidade que \u00e9 lentamente perdida pelo n\u00e3o uso, os alunos agora demonstram uma perda consider\u00e1vel na caligrafia, muitas vezes torta na p\u00e1gina e exibindo uma letra ineleg\u00edvel.<\/p>\n<div class=\"recircblock\">\n<p>Um estudo realizado na\u00a0<a href=\"https:\/\/www.uis.no\/nb\" target=\"_blank\" rel=\"noopener noreferrer\">Universidade de Stavanger<\/a>, na Noruega, mostrou que em apenas um ano focando exclusivamente na escrita digital,\u00a0<strong>40% dos alunos perderam flu\u00eancia na escrita manual<\/strong>. Por\u00e9m, os respons\u00e1veis pelo estudo garantem que ter uma \u201ccaligrafia ruim\u201d ou ficar mais cansado do que o necess\u00e1rio ao escrever no papel n\u00e3o \u00e9 o pior que pode acontecer por conta da digitaliza\u00e7\u00e3o.\n<\/p>\n<\/div>\n<p>\u00a0<\/p>\n<p>Motivados pelo uso das redes sociais como meio de comunica\u00e7\u00e3o, os alunos muitas vezes\u00a0<strong>evitam frases longas ou n\u00e3o conseguem construir par\u00e1grafos significativos<\/strong>. A Gen Z n\u00e3o s\u00f3 tem mais\u00a0<strong>dificuldade em escrever e se comunicar de forma eficaz<\/strong>, mas independentemente de faz\u00ea-lo manualmente ou com teclado, n\u00e3o consegue criar par\u00e1grafos com frases independentes, o que torna mais ca\u00f3tico e dif\u00edcil a tentativa de compreens\u00e3o de seus textos.\n<\/p>\n<p>A boa not\u00edcia \u00e9 que a capacidade de s\u00edntese para tentar explicar qualquer conceito em menos de 10 palavras melhorou significativamente, mas a longo prazo torna o aprofundamento em t\u00f3picos mais complexos especialmente dif\u00edcil para eles. Entre a perda de certas normas ortogr\u00e1ficas e a capacidade de estruturar corretamente o que pretendem transmitir, a preocupa\u00e7\u00e3o com o caminho que a escrita tomar\u00e1 \u00e0 medida que a tecnologia continua a crescer \u00e9, cada vez mais, uma realidade tang\u00edvel.\n<\/p>\n<p>Com informa\u00e7\u00f5es IGN Brasil              <\/p>\n<\/div>\n<p><br \/>\n<br \/><a href=\"https:\/\/diariodobrasilnoticias.com.br\/noticia\/geracao-z-esta-perdendo-uma-habilidade-que-temos-ha-5-5-mil-anos-40-estao-perdendo-a-fluencia-na-comunicacao-6771edeaac5e9\">Source link <\/a><\/p>","protected":false},"excerpt":{"rendered":"<p>As inova\u00e7\u00f5es digitais est\u00e3o fazendo com que a\u00a0Gera\u00e7\u00e3o Z\u00a0abandone n\u00e3o apenas a capacidade de escrever, mas tamb\u00e9m o conhecimento b\u00e1sico para se expressar com maior clareza. A d\u00favida se faz&hellip;<\/p>","protected":false},"author":1,"featured_media":84608,"comment_status":"closed","ping_status":"open","sticky":false,"template":"","format":"standard","meta":{"content-type":"","footnotes":""},"categories":[16],"tags":[123,2448,5313,1267],"class_list":["post-84607","post","type-post","status-publish","format-standard","has-post-thumbnail","hentry","category-noticias","tag-brasil","tag-diario","tag-noticia","tag-noticias"],"_links":{"self":[{"href":"https:\/\/tvbrazilusa.com\/pt\/wp-json\/wp\/v2\/posts\/84607","targetHints":{"allow":["GET"]}}],"collection":[{"href":"https:\/\/tvbrazilusa.com\/pt\/wp-json\/wp\/v2\/posts"}],"about":[{"href":"https:\/\/tvbrazilusa.com\/pt\/wp-json\/wp\/v2\/types\/post"}],"author":[{"embeddable":true,"href":"https:\/\/tvbrazilusa.com\/pt\/wp-json\/wp\/v2\/users\/1"}],"replies":[{"embeddable":true,"href":"https:\/\/tvbrazilusa.com\/pt\/wp-json\/wp\/v2\/comments?post=84607"}],"version-history":[{"count":1,"href":"https:\/\/tvbrazilusa.com\/pt\/wp-json\/wp\/v2\/posts\/84607\/revisions"}],"predecessor-version":[{"id":84609,"href":"https:\/\/tvbrazilusa.com\/pt\/wp-json\/wp\/v2\/posts\/84607\/revisions\/84609"}],"wp:featuredmedia":[{"embeddable":true,"href":"https:\/\/tvbrazilusa.com\/pt\/wp-json\/wp\/v2\/media\/84608"}],"wp:attachment":[{"href":"https:\/\/tvbrazilusa.com\/pt\/wp-json\/wp\/v2\/media?parent=84607"}],"wp:term":[{"taxonomy":"category","embeddable":true,"href":"https:\/\/tvbrazilusa.com\/pt\/wp-json\/wp\/v2\/categories?post=84607"},{"taxonomy":"post_tag","embeddable":true,"href":"https:\/\/tvbrazilusa.com\/pt\/wp-json\/wp\/v2\/tags?post=84607"}],"curies":[{"name":"wp","href":"https:\/\/api.w.org\/{rel}","templated":true}]}}