{"id":84628,"date":"2024-12-30T02:28:29","date_gmt":"2024-12-30T02:28:29","guid":{"rendered":"https:\/\/tvbrazilusa.com\/2024\/12\/30\/o-prospecto-dos-bruins-fabian-lysell-da-brilho-na-estreia-na-nhl\/"},"modified":"2024-12-30T02:29:39","modified_gmt":"2024-12-30T02:29:39","slug":"o-prospecto-dos-bruins-fabian-lysell-da-brilho-na-estreia-na-nhl","status":"publish","type":"post","link":"https:\/\/tvbrazilusa.com\/pt\/2024\/12\/30\/o-prospecto-dos-bruins-fabian-lysell-da-brilho-na-estreia-na-nhl\/","title":{"rendered":"O prospecto dos Bruins, Fabian Lysell, d\u00e1 brilho na estreia na NHL"},"content":{"rendered":"<p> <script async src=\"https:\/\/pagead2.googlesyndication.com\/pagead\/js\/adsbygoogle.js?client=ca-pub-8864793242727901\"\r\n     crossorigin=\"anonymous\"><\/script><br \/>\n<\/p>\n<div id=\"\">\n<header class=\"m-article-header m-article-header--standard\">\n\t\t\t\t\t\t\t\t\t\t\t\t<span id=\"article-header-primary-term\"><br \/>\n\t\t\t\t\t\t\t\t<a class=\"a-term a-term--primary\" href=\"https:\/\/www.boston.com\/tag\/boston-bruins\/\"><\/p>\n<p>\t\t\t\t\t\t\t\tBruins\t\t\t\t\t\t\t\t<\/a><br \/>\n\t\t\t\t\t\t\t<\/span><\/p>\n<h2 class=\"m-article-header__sub-headline\">&#8220;\u00c9 incr\u00edvel como as coisas podem acontecer r\u00e1pido.&#8221;<\/h2>\n<figure class=\"a-photo m-article-header__photo\"><figcaption class=\"a-photo__caption\">\n<p>\tFabian Lysell fez sua estreia no Bruins na noite de s\u00e1bado. <em> (Foto AP\/Jim Davis)<\/em>\t<\/figcaption><\/figure>\n<\/header>\n<p>Fabian Lysell estava se preparando para outra viagem de \u00f4nibus at\u00e9 Hartford na manh\u00e3 de s\u00e1bado.<\/p>\n<p>Esse \u00e9 o itiner\u00e1rio habitual de fim de semana para jogadores que aprimoram suas habilidades na AHL.<\/p>\n<p>Mas os Bruins tinham outros planos para o seu principal candidato.<\/p>\n<p>Horas antes do lan\u00e7amento do disco entre Boston e os Blue Jackets, os Bruins ligaram para trazer Lysell de Providence. <\/p>\n<p>Depois de 136 jogos da temporada regular em Providence ao longo de tr\u00eas temporadas, Lysell finalmente conquistou sua chance ao mais alto n\u00edvel do h\u00f3quei. <\/p>\n<p>\u201c\u00c9 uma loucura a rapidez com que as coisas podem acontecer\u201d, disse Lysell ap\u00f3s a vit\u00f3ria do Boston por 4 a 0 sobre o Columbus. Acordei (s\u00e1bado) de manh\u00e3, n\u00e3o pensei nisso, e ent\u00e3o voc\u00ea recebe uma liga\u00e7\u00e3o e est\u00e1 aqui, ent\u00e3o \u00e9 simplesmente inacredit\u00e1vel e definitivamente especial para mim, minha fam\u00edlia e todos que me ajudaram ao longo do caminho.\u201d<\/p>\n<figure class=\"wp-block-embed is-type-rich is-provider-twitter wp-block-embed-twitter\">\n<div class=\"wp-block-embed__wrapper\">\n<blockquote class=\"twitter-tweet\" data-width=\"500\" data-dnt=\"true\">\n<p lang=\"en\" dir=\"ltr\">\ud83c\udfa5 Fabian Lysell em sua estreia na NHL: &#8220;\u00c9 uma loucura como as coisas podem acontecer r\u00e1pido. Acordei esta manh\u00e3, n\u00e3o pensei nisso. A\u00ed voc\u00ea recebe uma liga\u00e7\u00e3o e est\u00e1 aqui. \u00c9 simplesmente inacredit\u00e1vel. Definitivamente especial para mim e minha fam\u00edlia.&#8221;<\/p>\n<p>Assista a rea\u00e7\u00e3o p\u00f3s-jogo completa \u27a1\ufe0f <a href=\"https:\/\/t.co\/Lre0GaP0H9\">https:\/\/t.co\/Lre0GaP0H9<\/a> <a href=\"https:\/\/t.co\/6See0n8CWl\">pic.twitter.com\/6See0n8CWl<\/a><\/p>\n<p>-Boston Bruins (@NHLBruins) <a href=\"https:\/\/twitter.com\/NHLBruins\/status\/1873213603551298013?ref_src=twsrc%5Etfw\">29 de dezembro de 2024<\/a><\/p><\/blockquote>\n<\/div>\n<\/figure>\n<p>Com os Bruins precisando desesperadamente de uma centelha de pontua\u00e7\u00e3o, um jogador com as habilidades e rodas de jogo de Lysell serviu como uma adi\u00e7\u00e3o atraente &#8211; especialmente em uma unidade dos seis \u00faltimos, prejudicada por muitos passageiros ultimamente entre Trent Frederic, Oliver Wahlstrom e outros . <\/p>\n<p>Mesmo n\u00e3o tendo aparecido na s\u00famula, Lysell fez sua presen\u00e7a ser sentida na vit\u00f3ria de recupera\u00e7\u00e3o do Boston &#8211; ajudando a definir a contagem inicial de Justin Brazeau com apenas 2:29 do in\u00edcio da competi\u00e7\u00e3o.<\/p>\n<p>Substituindo Wahlstrom por Frederic e Brazeau, a habilidade de patina\u00e7\u00e3o de Lysell ajudou a estabelecer uma mudan\u00e7a fortuita na zona O para o grupo avan\u00e7ado de Boston.<\/p>\n<p>Depois que Brazeau passou um disco por dois patinadores do Columbus, Lysell ligou a p\u00f3s-combust\u00e3o, passando pelos dois jogadores e recuperando o disco na zona dos Blue Jackets. <\/p>\n<p>Depois de proteger o disco por baixo, Lysell devolveu o biscoito a Brazeau \u2013 que iniciou uma jogada de baixo para cima com Brandon Carlo e Mason Lohrei que terminou com Brazeau acertando um rebote no fio para uma vantagem inicial. <\/p>\n<figure class=\"wp-block-embed is-type-rich is-provider-twitter wp-block-embed-twitter\"\/>\n<p>A primeira mudan\u00e7a de Lysell como Bruin n\u00e3o levou a uma assist\u00eancia secund\u00e1ria, mas o ala de 21 anos fez o trabalho necess\u00e1rio para fazer o ataque estagnado do Boston rolar. <\/p>\n<p>\u201cAchei que ele se comportou bem. Obviamente \u00e9 uma noite emocionante para ele e sua fam\u00edlia. Ele estava no gelo no primeiro gol, o que \u00e9 sempre uma sensa\u00e7\u00e3o boa\u201d, disse o t\u00e9cnico interino Joe Sacco sobre a noite de Lysell. \u201cE ent\u00e3o, ele fez algumas coisas boas. Ele foi muito respons\u00e1vel. Ele estava tentando ser muito respons\u00e1vel longe do disco. <\/p>\n<p>\u201cVoc\u00ea podia ver que ele estava fazendo um esfor\u00e7o consciente para ser bom sem o disco, e essas s\u00e3o as coisas que ele precisa para continuar a incorporar seu jogo. Mas pensei que ele se saiu bem aqui esta noite em seu primeiro jogo.\u201d<\/p>\n<p>Estava longe de ser uma noite perfeita para Lysell, que n\u00e3o registrou nenhum chute a gol em 11h32 do tempo de gelo. Ele at\u00e9 foi eliminado da terceira linha no \u00faltimo per\u00edodo do jogo em favor de Cole Koepke, que marcou seu sexto gol na temporada na vit\u00f3ria.<\/p>\n<p>Mas considerando o qu\u00e3o ap\u00e1tico foi a combina\u00e7\u00e3o anterior de Brazeau-Frederic-Wahlstrom da terceira linha do Boston na semana passada, Lysell injetou o ritmo e a habilidade necess\u00e1rios em um segmento de baixo desempenho do elenco. <\/p>\n<p><a href=\"https:\/\/www.naturalstattrick.com\/linestats.php?fromseason=20242025&#038;thruseason=20242025&#038;stype=2&#038;sit=5v5&#038;score=all&#038;rate=n&#038;team=BOS&#038;vteam=ALL&#038;view=wowy&#038;loc=B&#038;gpfilt=none&#038;fd=2024-10-04&#038;td=2025-04-17&#038;tgp=2000&#038;strict=incl&#038;p1=8480789&#038;p2=8479365&#038;p3=8479638&#038;p4=0&#038;p5=0\">Mais de 20:22 de repeti\u00e7\u00f5es 5 contra 5 nesta temporada<\/a>a linha Brazeau-Frederic-Wahlstrom foi derrotada por 9-2 e derrotada por 1-0. <\/p>\n<p>\u201cN\u00e3o havia realmente uma pessoa que pudesse conduzir o jogo atrav\u00e9s da zona neutra entre as linhas azuis\u201d, disse Sacco antes do jogo sobre a terceira linha. \u201cTalvez isso seja algo que Fabian possa acrescentar aqui esta noite com sua velocidade e sua capacidade de transportar o disco pelas linhas azuis. <\/p>\n<p>\u201cEssa \u00e9 uma oportunidade a\u00ed. Simplesmente n\u00e3o havia muita coisa acontecendo com os tr\u00eas juntos. Ent\u00e3o, obviamente, voc\u00ea tem que fazer algumas mudan\u00e7as e alguns ajustes.\u201d<\/p>\n<p>A estreia de s\u00e1bado demorou muito para Lysell, mas o momento foi bem-vindo para o jovem atacante.<\/p>\n<p>Os pais de Lysell &#8211; Henrik e Maria &#8211; e a irm\u00e3, Frida, j\u00e1 estavam de visita da Su\u00e9cia como parte de sua visita anual de f\u00e9rias aos Estados Unidos para assistir Fabian jogar pelo Providence. Todos os tr\u00eas compareceram ao jogo de s\u00e1bado no TD Garden. <\/p>\n<p>\u201cMinha fam\u00edlia inteira est\u00e1 aqui. Eles vieram para o Natal e na verdade iriam para casa, acho que amanh\u00e3, ent\u00e3o tudo correu bem. \u2026 \u201c\u00c9 disso que se trata\u201d, disse Lysell sobre ter sua fam\u00edlia em Boston para sua estreia. \u201cEles foram meus maiores apoiadores durante todos os anos em que joguei, e me ajudaram em tudo, me levando ao rinque, cozinhando, todas essas coisas, at\u00e9 tarde da noite. Ent\u00e3o, \u00e9 mais verdade para eles, honestamente, do que para mim. \u00c9 especial.\u201d<\/p>\n<p>O tempo dir\u00e1 se os Bruins dar\u00e3o a Lysell a chance de desenvolver sua estreia promissora.<\/p>\n<p>Boston enviou Lysell de volta para Providence na tarde de domingo, embora ainda n\u00e3o se saiba se foi mais uma transa\u00e7\u00e3o em papel para ocupar espa\u00e7o no banco ou uma remodela\u00e7\u00e3o planejada da escala\u00e7\u00e3o.<\/p>\n<div class=\"o-author-single has-avatar\">\n<header class=\"m-author-card\">\n<div class=\"a-image a-image--square m-author-card__image\">\n\t\t<img decoding=\"async\" class=\"\" src=\"https:\/\/www.boston.com\/wp-content\/uploads\/2023\/05\/Headshot_Conor-645c0406ed6cb-scaled.jpg\" alt=\"Imagem do perfil de Conor Ryan\"\/>\t<\/div>\n<\/header>\n<section class=\"author-info\">\n<div class=\"m-author__section\">\n<p>Conor Ryan \u00e9 redator da equipe que cobre Bruins, Celtics, Patriots e Red Sox para Boston.com, fun\u00e7\u00e3o que ocupa desde 2023.<\/p>\n<\/div>\n<\/section>\n<\/div>\n<div class=\"m-block m-generic-cta\t m-generic-cta--post-content\t m-generic-cta--dark\t m-generic-cta--homepage\t m-generic-cta--email-signup\t\t m-generic-cta-block-style--default \tt-amp__generic-cta\"><\/p>\n<div class=\"m-generic-cta__wrap\">\n<div class=\"m-generic-cta__content\">\n<h3 class=\"m-generic-cta__title\">Inscreva-se para receber atualiza\u00e7\u00f5es do Bruins\ud83c\udfd2 <\/h3>\n<p class=\"m-generic-cta__subtitle\">Receba as \u00faltimas not\u00edcias e an\u00e1lises em sua caixa de entrada durante a temporada de h\u00f3quei.<\/p>\n<\/p><\/div>\n<\/p><\/div>\n<\/div><\/div>\n<p><script async src=\"\/\/platform.twitter.com\/widgets.js\" charset=\"utf-8\"><\/script><script>\n\t\tvar consent=\"grant\";\n\t\t\/* The above code is parsing the JSON data from the local storage and storing it in a variable. *\/\n\t\t\t\t\tconst onetrustStorageConsent = JSON.parse(localStorage.getItem( 'consent_one_trust_bdc' ) );\n\t\t\tif ( ( onetrustStorageConsent !== null ) ) {\n\t\t\t\t\/* Checking to see if the user has consented to the use of cookies.\n\t\t\t\t* If they have not, it is deleting the cookie.\n\t\t\t\t* This will comment for now, until further notice.\n\t\t\t\t*\/\n\t\t\t\t\/\/if ( onetrustStorageConsent.C0002 === false ) {\n\t\t\t\t\/\/\tdocument.cookie=\"_fbp=;expires=Thu, 01 Jan 2010 00:00:00 UTC; path=\/; domain=.boston.com\";\n\t\t\t\t\/\/}\n\t\t\t\t\/* Checking if the user has given consent for the cookie C0002.\n\t\t\t\t* If the user has given consent, the variable consent will be set to 'grant'.\n\t\t\t\t* If the user has not given consent,the variable consent will be set to 'revoke'.\n\t\t\t\t* Documentation https:\/\/developers.facebook.com\/docs\/meta-pixel\/implementation\/gdpr\n\t\t\t\t*\/\n\t\t\t\tif ( onetrustStorageConsent.C0002 !== true ) {\n\t\t\t\t\tconsent=\"revoke\";\n\t\t\t\t}\n\t\t\t}\n\t\t\t\t!function(f,b,e,v,n,t,s)\n\t\t{if(f.fbq)return;n=f.fbq=function(){n.callMethod?\n\t\tn.callMethod.apply(n,arguments):n.queue.push(arguments)};\n\t\tif(!f._fbq)f._fbq=n;n.push=n;n.loaded=!0;n.version='2.0';\n\t\tn.queue=[];t=b.createElement(e);t.async=!0;\n\t\tt.src=v;s=b.getElementsByTagName(e)[0];\n\t\ts.parentNode.insertBefore(t,s)}(window, document,'script',\n\t\t'https:\/\/connect.facebook.net\/en_US\/fbevents.js');\n\t\tfbq('consent', consent);\n\t\tfbq('init', '989222871864976');\n\t\tfbq('track', 'PageView');\n\t<\/script><script type=\"module\">\n\t\tvar consent=\"grant\";\n\t\t\/* The above code is parsing the JSON data from the local storage and storing it in a variable. *\/\n\t\t\tconst onetrustStorageConsent = JSON.parse(localStorage.getItem( 'consent_one_trust_bdc' ) );\n\t\t\t\/* Checking to see if the user has consented to the use of cookies.\n\t\t\t* If they have not, it is deleting the cookie.\n\t\t\t* This will comment for now, until further notice.\n\t\t\t*\/\n\t\t\t\/\/if ( onetrustStorageConsent.C0002 === false ) {\n\t\t\t\/\/\tdocument.cookie=\"_fbp=;expires=Thu, 01 Jan 2010 00:00:00 UTC; path=\/; domain=.boston.com\";\n\t\t\t\/\/}\n\t\t\t\/* Checking if the user has given consent for the cookie C0002.\n\t\t\t* If the user has given consent, the variable consent will be set to 'grant'.\n\t\t\t* If the user has not given consent,the variable consent will be set to 'revoke'.\n\t\t\t* Documentation https:\/\/developers.facebook.com\/docs\/meta-pixel\/implementation\/gdpr\n\t\t\t*\/\n\t\t\tif ( ( onetrustStorageConsent !== null ) && (onetrustStorageConsent.C0002 !== true ) ) {\n\t\t\t\tconsent=\"revoke\";\n\t\t\t}\n\t\t\t\t!function(f,b,e,v,n,t,s){if(f.fbq)return;n=f.fbq=function()\n\t\t{n.callMethod? n.callMethod.apply(n,arguments):n.queue.push(arguments)}\n\t\t;if(!f._fbq)f._fbq=n;\n\t\tn.push=n;n.loaded=!0;n.version='2.0';n.queue=[];t=b.createElement(e);t.async=!0;\n\t\tt.src=v;s=b.getElementsByTagName(e)[0];s.parentNode.insertBefore(t,s)}(window,\n\t\tdocument,'script','https:\/\/connect.facebook.net\/en_US\/fbevents.js');\n\t\tfbq('consent', consent);\n\t\tfbq('init', '813236348753005');\n\t\tfbq('track', \"PageView\");\n\t<\/script><br \/>\n<br \/><br \/>\n<br \/><a href=\"https:\/\/www.boston.com\/sports\/boston-bruins\/2024\/12\/29\/boston-bruins-fabian-lysell-nhl-hockey-rookie-debut-columbus\/\">Source link <\/a><\/p>","protected":false},"excerpt":{"rendered":"<p>Bruins &#8220;\u00c9 incr\u00edvel como as coisas podem acontecer r\u00e1pido.&#8221; Fabian Lysell fez sua estreia no Bruins na noite de s\u00e1bado. (Foto AP\/Jim Davis) Fabian Lysell estava se preparando para outra&hellip;<\/p>","protected":false},"author":1,"featured_media":84629,"comment_status":"closed","ping_status":"open","sticky":false,"template":"","format":"standard","meta":{"content-type":"","footnotes":""},"categories":[1],"tags":[],"class_list":["post-84628","post","type-post","status-publish","format-standard","has-post-thumbnail","hentry","category-uncategorized"],"_links":{"self":[{"href":"https:\/\/tvbrazilusa.com\/pt\/wp-json\/wp\/v2\/posts\/84628","targetHints":{"allow":["GET"]}}],"collection":[{"href":"https:\/\/tvbrazilusa.com\/pt\/wp-json\/wp\/v2\/posts"}],"about":[{"href":"https:\/\/tvbrazilusa.com\/pt\/wp-json\/wp\/v2\/types\/post"}],"author":[{"embeddable":true,"href":"https:\/\/tvbrazilusa.com\/pt\/wp-json\/wp\/v2\/users\/1"}],"replies":[{"embeddable":true,"href":"https:\/\/tvbrazilusa.com\/pt\/wp-json\/wp\/v2\/comments?post=84628"}],"version-history":[{"count":1,"href":"https:\/\/tvbrazilusa.com\/pt\/wp-json\/wp\/v2\/posts\/84628\/revisions"}],"predecessor-version":[{"id":84630,"href":"https:\/\/tvbrazilusa.com\/pt\/wp-json\/wp\/v2\/posts\/84628\/revisions\/84630"}],"wp:featuredmedia":[{"embeddable":true,"href":"https:\/\/tvbrazilusa.com\/pt\/wp-json\/wp\/v2\/media\/84629"}],"wp:attachment":[{"href":"https:\/\/tvbrazilusa.com\/pt\/wp-json\/wp\/v2\/media?parent=84628"}],"wp:term":[{"taxonomy":"category","embeddable":true,"href":"https:\/\/tvbrazilusa.com\/pt\/wp-json\/wp\/v2\/categories?post=84628"},{"taxonomy":"post_tag","embeddable":true,"href":"https:\/\/tvbrazilusa.com\/pt\/wp-json\/wp\/v2\/tags?post=84628"}],"curies":[{"name":"wp","href":"https:\/\/api.w.org\/{rel}","templated":true}]}}