{"id":84652,"date":"2024-12-30T03:52:29","date_gmt":"2024-12-30T03:52:29","guid":{"rendered":"https:\/\/tvbrazilusa.com\/2024\/12\/30\/charles-dolan-fundador-da-hbo-e-cablevision-morre-aos-98-anos\/"},"modified":"2024-12-30T03:59:45","modified_gmt":"2024-12-30T03:59:45","slug":"charles-dolan-fundador-da-hbo-e-cablevision-morre-aos-98-anos","status":"publish","type":"post","link":"https:\/\/tvbrazilusa.com\/pt\/2024\/12\/30\/charles-dolan-fundador-da-hbo-e-cablevision-morre-aos-98-anos\/","title":{"rendered":"Charles Dolan, fundador da HBO e Cablevision, morre aos 98 anos"},"content":{"rendered":"<p> <script async src=\"https:\/\/pagead2.googlesyndication.com\/pagead\/js\/adsbygoogle.js?client=ca-pub-8864793242727901\"\r\n     crossorigin=\"anonymous\"><\/script><br \/>\n<\/p>\n<div id=\"\">\n<header class=\"m-article-header m-article-header--standard\">\n\t\t\t\t\t\t\t\t\t\t\t\t<span id=\"article-header-primary-term\"><br \/>\n\t\t\t\t\t\t\t\t<a class=\"a-term a-term--primary\" href=\"https:\/\/www.boston.com\/tag\/business\/\"><\/p>\n<p>\t\t\t\t\t\t\t\tNeg\u00f3cios\t\t\t\t\t\t\t\t<\/a><br \/>\n\t\t\t\t\t\t\t<\/span><\/p>\n<h2 class=\"m-article-header__sub-headline\">Um comunicado divulgado no s\u00e1bado por sua fam\u00edlia disse que Dolan morreu de causas naturais, informou o Newsday na noite de s\u00e1bado.<\/h2>\n<figure class=\"a-photo m-article-header__photo\"><figcaption class=\"a-photo__caption\">\n<p>\tARQUIVO \u2013 Charles Dolan, \u00e0 esquerda, com seu filho James Dolan na sala de controle da Cablevision Systems em Hauppage, em Long Island, Nova York, em 27 de abril de 1997.<em> Vic De Lucia\/The New York Times<\/em>\t<\/figcaption><\/figure>\n<div class=\"m-article-header__meta\">\n<div class=\"m-article-header__byline\">\n<p class=\"m-article-header__author\">\n<p>\t\t\t\t\t\t\t\tPor BRIAN PD HANNON, Associated Press\t\t\t\t\t\t\t<\/p>\n<p>\t\t\t\t\t\t\t\t\t\t\t\t\t\t\t<time class=\"m-article-header__date\"><\/p>\n<p>\t\t\t\t\t\t\t\t\t29 de dezembro de 2024\t\t\t\t\t\t\t\t<\/time><\/p>\n<p><span>2 minutos para ler<\/span><\/p>\n<\/p><\/div>\n<\/p><\/div>\n<\/header>\n<p>Charles F. Dolan, que fundou algumas das mais proeminentes empresas de m\u00eddia dos EUA, incluindo Home Box Office Inc. e Cablevision Systems Corp., morreu aos 98 anos, de acordo com uma reportagem.<\/p>\n<p>Um comunicado divulgado no s\u00e1bado por sua fam\u00edlia disse que Dolan morreu de causas naturais, informou o Newsday na noite de s\u00e1bado.<\/p>\n<p>\u201c\u00c9 com profundo pesar que anunciamos o falecimento de nosso amado pai e patriarca, Charles Dolan, o vision\u00e1rio fundador da HBO e da Cablevision\u201d, disse o comunicado.<\/p>\n<p>O legado de Dolan na transmiss\u00e3o a cabo inclui o lan\u00e7amento em 1972 do Home Box Office, mais tarde conhecido como HBO, e a funda\u00e7\u00e3o da Cablevision em 1973 e da esta\u00e7\u00e3o de televis\u00e3o American Movie Classics em 1984. Ele tamb\u00e9m lan\u00e7ou o News 12 na cidade de Nova York, o primeiro canal a cabo 24 horas. canal de not\u00edcias locais nos EUA, informou o Newsday.<\/p>\n<p>O nativo de Cleveland, que abandonou a Universidade John Carroll, no sub\u00farbio de Cleveland, concluiu a venda da Cablevision para a Altice, uma empresa europeia de telecomunica\u00e7\u00f5es e cabo, por US$ 17,7 bilh\u00f5es em junho de 2016.<\/p>\n<p>Dolan, cuja resid\u00eancia principal ficava em Cove Neck Village, em Long Island, Nova York, tamb\u00e9m detinha o controle acion\u00e1rio de empresas propriet\u00e1rias do Madison Square Garden, do Radio City Music Hall e das franquias esportivas New York Knicks e New York Rangers, informou o Newsday.<\/p>\n<p>James L. Dolan, um de seus filhos, foi CEO da Cablevision de 1995 at\u00e9 a venda de 2016 para a Altice. Ele agora \u00e9 presidente executivo e CEO da Madison Square Garden Sports Corp. A empresa \u00e9 propriet\u00e1ria dos Knicks e Rangers, entre outras propriedades, de acordo com o site MSG Sports.<\/p>\n<p>Uma declara\u00e7\u00e3o da MSG Entertainment, MSG Sports e Sphere Entertainment relembrou a \u201cvis\u00e3o\u201d de Dolan.<\/p>\n<p>&#8220;Senhor. A vis\u00e3o de Dolan construiu a base para as empresas que somos hoje e, como membro dos nossos Conselhos, ele continuou a ajudar a moldar o nosso futuro. O impacto que ele causou nas ind\u00fastrias de m\u00eddia, esportes e entretenimento, inclusive como fundador da Cablevision e da HBO, \u00e9 imensur\u00e1vel\u201d, disse o comunicado. \u201cN\u00e3o esperamos que isso mude direta ou indiretamente a propriedade da fam\u00edlia Dolan.\u201d<\/p>\n<p>A Newsday, que a Cablevision comprou em 2008, tamb\u00e9m ficou sob o controle da Altice com a venda. Patrick Dolan, outro filho de Charles Dolan, liderou um grupo que recomprou 75% do Newsday Media Group em julho de 2016. Patrick Dolan ent\u00e3o comprou os 25% restantes da participa\u00e7\u00e3o em 2018.<\/p>\n<p>No momento de sua morte, Charles Dolan e sua fam\u00edlia tinham um patrim\u00f4nio l\u00edquido de US$ 5,4 bilh\u00f5es, informou a Forbes.<\/p>\n<p>Ele foi fundador e presidente em\u00e9rito da Funda\u00e7\u00e3o Lustgarten em Uniondale, Nova York, que conduz pesquisas sobre o c\u00e2ncer de p\u00e2ncreas.<\/p>\n<p>Ele deixa seis filhos, 19 netos e cinco bisnetos. Sua esposa, Helen Ann Dolan, morreu em 2023, informou o Newsday.<\/p>\n<\/p><\/div>\n<p><script>\n\t\tvar consent=\"grant\";\n\t\t\/* The above code is parsing the JSON data from the local storage and storing it in a variable. *\/\n\t\t\t\t\tconst onetrustStorageConsent = JSON.parse(localStorage.getItem( 'consent_one_trust_bdc' ) );\n\t\t\tif ( ( onetrustStorageConsent !== null ) ) {\n\t\t\t\t\/* Checking to see if the user has consented to the use of cookies.\n\t\t\t\t* If they have not, it is deleting the cookie.\n\t\t\t\t* This will comment for now, until further notice.\n\t\t\t\t*\/\n\t\t\t\t\/\/if ( onetrustStorageConsent.C0002 === false ) {\n\t\t\t\t\/\/\tdocument.cookie=\"_fbp=;expires=Thu, 01 Jan 2010 00:00:00 UTC; path=\/; domain=.boston.com\";\n\t\t\t\t\/\/}\n\t\t\t\t\/* Checking if the user has given consent for the cookie C0002.\n\t\t\t\t* If the user has given consent, the variable consent will be set to 'grant'.\n\t\t\t\t* If the user has not given consent,the variable consent will be set to 'revoke'.\n\t\t\t\t* Documentation https:\/\/developers.facebook.com\/docs\/meta-pixel\/implementation\/gdpr\n\t\t\t\t*\/\n\t\t\t\tif ( onetrustStorageConsent.C0002 !== true ) {\n\t\t\t\t\tconsent=\"revoke\";\n\t\t\t\t}\n\t\t\t}\n\t\t\t\t!function(f,b,e,v,n,t,s)\n\t\t{if(f.fbq)return;n=f.fbq=function(){n.callMethod?\n\t\tn.callMethod.apply(n,arguments):n.queue.push(arguments)};\n\t\tif(!f._fbq)f._fbq=n;n.push=n;n.loaded=!0;n.version='2.0';\n\t\tn.queue=[];t=b.createElement(e);t.async=!0;\n\t\tt.src=v;s=b.getElementsByTagName(e)[0];\n\t\ts.parentNode.insertBefore(t,s)}(window, document,'script',\n\t\t'https:\/\/connect.facebook.net\/en_US\/fbevents.js');\n\t\tfbq('consent', consent);\n\t\tfbq('init', '989222871864976');\n\t\tfbq('track', 'PageView');\n\t<\/script><script type=\"module\">\n\t\tvar consent=\"grant\";\n\t\t\/* The above code is parsing the JSON data from the local storage and storing it in a variable. *\/\n\t\t\tconst onetrustStorageConsent = JSON.parse(localStorage.getItem( 'consent_one_trust_bdc' ) );\n\t\t\t\/* Checking to see if the user has consented to the use of cookies.\n\t\t\t* If they have not, it is deleting the cookie.\n\t\t\t* This will comment for now, until further notice.\n\t\t\t*\/\n\t\t\t\/\/if ( onetrustStorageConsent.C0002 === false ) {\n\t\t\t\/\/\tdocument.cookie=\"_fbp=;expires=Thu, 01 Jan 2010 00:00:00 UTC; path=\/; domain=.boston.com\";\n\t\t\t\/\/}\n\t\t\t\/* Checking if the user has given consent for the cookie C0002.\n\t\t\t* If the user has given consent, the variable consent will be set to 'grant'.\n\t\t\t* If the user has not given consent,the variable consent will be set to 'revoke'.\n\t\t\t* Documentation https:\/\/developers.facebook.com\/docs\/meta-pixel\/implementation\/gdpr\n\t\t\t*\/\n\t\t\tif ( ( onetrustStorageConsent !== null ) && (onetrustStorageConsent.C0002 !== true ) ) {\n\t\t\t\tconsent=\"revoke\";\n\t\t\t}\n\t\t\t\t!function(f,b,e,v,n,t,s){if(f.fbq)return;n=f.fbq=function()\n\t\t{n.callMethod? n.callMethod.apply(n,arguments):n.queue.push(arguments)}\n\t\t;if(!f._fbq)f._fbq=n;\n\t\tn.push=n;n.loaded=!0;n.version='2.0';n.queue=[];t=b.createElement(e);t.async=!0;\n\t\tt.src=v;s=b.getElementsByTagName(e)[0];s.parentNode.insertBefore(t,s)}(window,\n\t\tdocument,'script','https:\/\/connect.facebook.net\/en_US\/fbevents.js');\n\t\tfbq('consent', consent);\n\t\tfbq('init', '813236348753005');\n\t\tfbq('track', \"PageView\");\n\t<\/script><br \/>\n<br \/><br \/>\n<br \/><a href=\"https:\/\/www.boston.com\/news\/business\/2024\/12\/29\/charles-dolan-hbo-and-cablevision-founder-dies-at-98\/\">Source link <\/a><\/p>","protected":false},"excerpt":{"rendered":"<p>Neg\u00f3cios Um comunicado divulgado no s\u00e1bado por sua fam\u00edlia disse que Dolan morreu de causas naturais, informou o Newsday na noite de s\u00e1bado. ARQUIVO \u2013 Charles Dolan, \u00e0 esquerda, com&hellip;<\/p>","protected":false},"author":1,"featured_media":84653,"comment_status":"closed","ping_status":"open","sticky":false,"template":"","format":"standard","meta":{"content-type":"","footnotes":""},"categories":[1],"tags":[],"class_list":["post-84652","post","type-post","status-publish","format-standard","has-post-thumbnail","hentry","category-uncategorized"],"_links":{"self":[{"href":"https:\/\/tvbrazilusa.com\/pt\/wp-json\/wp\/v2\/posts\/84652","targetHints":{"allow":["GET"]}}],"collection":[{"href":"https:\/\/tvbrazilusa.com\/pt\/wp-json\/wp\/v2\/posts"}],"about":[{"href":"https:\/\/tvbrazilusa.com\/pt\/wp-json\/wp\/v2\/types\/post"}],"author":[{"embeddable":true,"href":"https:\/\/tvbrazilusa.com\/pt\/wp-json\/wp\/v2\/users\/1"}],"replies":[{"embeddable":true,"href":"https:\/\/tvbrazilusa.com\/pt\/wp-json\/wp\/v2\/comments?post=84652"}],"version-history":[{"count":1,"href":"https:\/\/tvbrazilusa.com\/pt\/wp-json\/wp\/v2\/posts\/84652\/revisions"}],"predecessor-version":[{"id":84654,"href":"https:\/\/tvbrazilusa.com\/pt\/wp-json\/wp\/v2\/posts\/84652\/revisions\/84654"}],"wp:featuredmedia":[{"embeddable":true,"href":"https:\/\/tvbrazilusa.com\/pt\/wp-json\/wp\/v2\/media\/84653"}],"wp:attachment":[{"href":"https:\/\/tvbrazilusa.com\/pt\/wp-json\/wp\/v2\/media?parent=84652"}],"wp:term":[{"taxonomy":"category","embeddable":true,"href":"https:\/\/tvbrazilusa.com\/pt\/wp-json\/wp\/v2\/categories?post=84652"},{"taxonomy":"post_tag","embeddable":true,"href":"https:\/\/tvbrazilusa.com\/pt\/wp-json\/wp\/v2\/tags?post=84652"}],"curies":[{"name":"wp","href":"https:\/\/api.w.org\/{rel}","templated":true}]}}