{"id":84681,"date":"2024-12-30T06:16:13","date_gmt":"2024-12-30T06:16:13","guid":{"rendered":"https:\/\/tvbrazilusa.com\/2024\/12\/30\/%f0%9f%8c%b1-servico-leetran-estendido-para-a-vespera-de-ano-novo\/"},"modified":"2024-12-30T06:21:32","modified_gmt":"2024-12-30T06:21:32","slug":"%f0%9f%8c%b1-servico-leetran-estendido-para-a-vespera-de-ano-novo","status":"publish","type":"post","link":"https:\/\/tvbrazilusa.com\/pt\/2024\/12\/30\/%f0%9f%8c%b1-servico-leetran-estendido-para-a-vespera-de-ano-novo\/","title":{"rendered":"\ud83c\udf31 Servi\u00e7o LeeTran estendido para a v\u00e9spera de Ano Novo"},"content":{"rendered":"<p> <script async src=\"https:\/\/pagead2.googlesyndication.com\/pagead\/js\/adsbygoogle.js?client=ca-pub-8864793242727901\"\r\n     crossorigin=\"anonymous\"><\/script><br \/>\n<\/p>\n<div>\n<p>\u2615\ufe0f\ufe0f Bom dia, Fort Myers! Temos informa\u00e7\u00f5es sobre os \u00faltimos acontecimentos na cidade. Continue lendo para entrar em a\u00e7\u00e3o. <strong>No boletim informativo de hoje:<\/strong><\/p>\n<\/div>\n<div>\n<ul>\n<li>Servi\u00e7o LeeTran estendido para a v\u00e9spera de Ano Novo<\/li>\n<li>A ilumina\u00e7\u00e3o da Menor\u00e1 traz esperan\u00e7a para Fort Myers<\/li>\n<li>Visita hist\u00f3rica de Jimmy Carter a Fort Myers<\/li>\n<\/ul>\n<p>Tamb\u00e9m no calend\u00e1rio de hoje: <strong>49\u00aa Celebra\u00e7\u00e3o Anual das Noites de Feriado<\/strong> e 9 outros eventos.<\/p>\n<p><em>Enigma de hoje:<\/em> O que \u00e9 laranja e parece um papagaio? \ud83e\udd14 Continue lendo para descobrir.<\/p>\n<\/div>\n<div>\n<hr\/>\n<p> <a href=\"https:\/\/patch.com\/florida\/fort-myers\/weather\"><strong>Previs\u00e3o do tempo:<\/strong><\/a> <\/p>\n<ul>\n<li class=\"sans\"><strong>Segunda-feira:<\/strong> Uma ou duas chuvas passageiras, com m\u00e1xima de 80 e m\u00ednima de 65 graus. <\/li>\n<li class=\"sans\"><strong>Ter\u00e7a-feira:<\/strong> Parcialmente ensolarado, temperatura: alta: 78, baixa: 64. <\/li>\n<li class=\"sans\"><strong>Quarta-feira:<\/strong> Principalmente ensolarado e menos \u00famido, com m\u00e1xima de 77 e m\u00ednima de 53 graus. <\/li>\n<\/ul>\n<hr\/>\n<h4>\ud83d\udcf0 <strong>Not\u00edcias que estamos lendo<\/strong><\/h4>\n<p><b>1. LeeTran fornecer\u00e1 servi\u00e7o estendido para festividades de Ano Novo<\/b> (<a href=\"https:\/\/winknews.com\/2024\/12\/29\/leetran-to-provide-extended-service-for-new-years-eve-festivities\" target=\"_blank\" rel=\"nofollow\">winknews. com<\/a>) \u2013 LeeTran est\u00e1 estendendo seus servi\u00e7os de transporte no centro de Fort Myers e Fort Myers Beach para a v\u00e9spera de Ano Novo. Os bondes das linhas Azul e Dourada e os bondes de praia gratuitos funcionar\u00e3o at\u00e9 a 1h, acomodando os foli\u00f5es presentes nas festividades. <br \/><a href=\"https:\/\/fort-myers-fl.patch.am\/rate-item?d=u&#038;h=eyJsb2MiOiI3NjkyIiwic291cmNlIjoid2lua25ld3MuY29tIiwidGl0bGUiOiJMZWVUcmFuIHRvIHByb3ZpZGUgZXh0ZW5kZWQgc2VydmljZSBmb3IgTmV3IFllYXIncyBFdmUgZmVzdGl2aXRpZXMiLCJ1cmwiOiJodHRwczpcL1wvd2lua25ld3MuY29tXC8yMDI0XC8xMlwvMjlcL2xlZXRyYW4tdG8tcHJvdmlkZS1leHRlbmRlZC1zZXJ2aWNlLWZvci1uZXcteWVhcnMtZXZlLWZlc3Rpdml0aWVzIiwiYXJ0aWQiOiI1YmQxYmVkZGRlNjc1ZjQ2ZTk0MGE3YzViMTU0M2I3ZiJ9\" target=\"_blank\" rel=\"nofollow\"><\/a>   <a href=\"https:\/\/fort-myers-fl.patch.am\/rate-item?d=d&#038;h=eyJsb2MiOiI3NjkyIiwic291cmNlIjoid2lua25ld3MuY29tIiwidGl0bGUiOiJMZWVUcmFuIHRvIHByb3ZpZGUgZXh0ZW5kZWQgc2VydmljZSBmb3IgTmV3IFllYXIncyBFdmUgZmVzdGl2aXRpZXMiLCJ1cmwiOiJodHRwczpcL1wvd2lua25ld3MuY29tXC8yMDI0XC8xMlwvMjlcL2xlZXRyYW4tdG8tcHJvdmlkZS1leHRlbmRlZC1zZXJ2aWNlLWZvci1uZXcteWVhcnMtZXZlLWZlc3Rpdml0aWVzIiwiYXJ0aWQiOiI1YmQxYmVkZGRlNjc1ZjQ2ZTk0MGE3YzViMTU0M2I3ZiJ9\" target=\"_blank\" rel=\"nofollow\"><img decoding=\"async\" class=\"thumbs\" width=\"16\" height=\"16\" src=\"https:\/\/patch.com\/img\/cdn\/assets\/layout\/thumb_down_16x16.png\" data-sizes=\"(min-width: 780px) 726px, 100vw\" srcset=\"https:\/\/patch.com\/img\/cdn\/assets\/layout\/thumb_down_16x16.png?width=640 640w, https:\/\/patch.com\/img\/cdn\/assets\/layout\/thumb_down_16x16.png?width=726 726w\"\/><\/a><\/p>\n<\/div>\n<div>\n<p><b>2. Chabad Lubavitch da SWFL realiza cerim\u00f4nia de ilumina\u00e7\u00e3o da menor\u00e1<\/b> (<a href=\"https:\/\/winknews.com\/2024\/12\/29\/chabad-lubavitch-of-swfl-holds-menorah-lighting-ceremony\" target=\"_blank\" rel=\"nofollow\">winknews. com<\/a>) \u2013 O Chabad Lubavitch do sudoeste da Fl\u00f3rida realizou sua cerim\u00f4nia anual de ilumina\u00e7\u00e3o da menor\u00e1 no Castle Golf em Fort Myers, apresentando o sobrevivente Isaac Ashurov. O evento celebrou o Hanukkah com uma mensagem de esperan\u00e7a e unidade para a comunidade judaica. <br \/><a href=\"https:\/\/fort-myers-fl.patch.am\/rate-item?d=u&#038;h=eyJsb2MiOiI3NjkyIiwic291cmNlIjoid2lua25ld3MuY29tIiwidGl0bGUiOiJDaGFiYWQgTHViYXZpdGNoIG9mIFNXRkwgaG9sZHMgbWVub3JhaCBsaWdodGluZyBjZXJlbW9ueSIsInVybCI6Imh0dHBzOlwvXC93aW5rbmV3cy5jb21cLzIwMjRcLzEyXC8yOVwvY2hhYmFkLWx1YmF2aXRjaC1vZi1zd2ZsLWhvbGRzLW1lbm9yYWgtbGlnaHRpbmctY2VyZW1vbnkiLCJhcnRpZCI6Ijk3NDM3N2E2ZGViMGNlMTM5MzU2MmQ4OTZjZjAzNzI2In0=\" target=\"_blank\" rel=\"nofollow\"><img decoding=\"async\" class=\"thumbs\" width=\"16\" height=\"16\" src=\"https:\/\/patch.com\/img\/cdn\/assets\/layout\/thumb_up_16x16.png\" data-rel=\"penci-gallery-image-content\"  data-sizes=\"(min-width: 780px) 726px, 100vw\" srcset=\"https:\/\/patch.com\/img\/cdn\/assets\/layout\/thumb_up_16x16.png?width=640 640w, https:\/\/patch.com\/img\/cdn\/assets\/layout\/thumb_up_16x16.png?width=726 726w\"\/><\/a>   <a href=\"https:\/\/fort-myers-fl.patch.am\/rate-item?d=d&#038;h=eyJsb2MiOiI3NjkyIiwic291cmNlIjoid2lua25ld3MuY29tIiwidGl0bGUiOiJDaGFiYWQgTHViYXZpdGNoIG9mIFNXRkwgaG9sZHMgbWVub3JhaCBsaWdodGluZyBjZXJlbW9ueSIsInVybCI6Imh0dHBzOlwvXC93aW5rbmV3cy5jb21cLzIwMjRcLzEyXC8yOVwvY2hhYmFkLWx1YmF2aXRjaC1vZi1zd2ZsLWhvbGRzLW1lbm9yYWgtbGlnaHRpbmctY2VyZW1vbnkiLCJhcnRpZCI6Ijk3NDM3N2E2ZGViMGNlMTM5MzU2MmQ4OTZjZjAzNzI2In0=\" target=\"_blank\" rel=\"nofollow\"><img decoding=\"async\" class=\"thumbs\" width=\"16\" height=\"16\" src=\"https:\/\/patch.com\/img\/cdn\/assets\/layout\/thumb_down_16x16.png\" data-sizes=\"(min-width: 780px) 726px, 100vw\" srcset=\"https:\/\/patch.com\/img\/cdn\/assets\/layout\/thumb_down_16x16.png?width=640 640w, https:\/\/patch.com\/img\/cdn\/assets\/layout\/thumb_down_16x16.png?width=726 726w\"\/><\/a><\/p>\n<p><b>3. Presidente Jimmy Carter: Ele alguma vez apareceu no sudoeste da Fl\u00f3rida, em N\u00e1poles ou em Fort Myers?<\/b> (<a href=\"https:\/\/www.news-press.com\/story\/news\/local\/2024\/12\/29\/jimmy-carter-death-florida-campaign-stop-included-naples-fort-myers\/77303104007\" target=\"_blank\" rel=\"nofollow\">news-press.com<\/a>) &#8211; Jimmy Carter, o 39\u00ba presidente dos EUA, certa vez fez campanha em Fort Myers como parte de sua candidatura presidencial de 1976. A sua visita incluiu uma paragem no Holiday Inn, onde interagiu com l\u00edderes locais e abordou quest\u00f5es regionais. <br \/><a href=\"https:\/\/fort-myers-fl.patch.am\/rate-item?d=u&#038;h=eyJsb2MiOiI3NjkyIiwic291cmNlIjoibmV3cy1wcmVzcy5jb20iLCJ0aXRsZSI6IlByZXNpZGVudCBKaW1teSBDYXJ0ZXI6IERpZCBoZSBldmVyIGFwcGVhciBpbiBTb3V0aHdlc3QgRmxvcmlkYSwgTmFwbGVzIG9yIEZvcnQgTXllcnM\/IiwidXJsIjoiaHR0cHM6XC9cL3d3dy5uZXdzLXByZXNzLmNvbVwvc3RvcnlcL25ld3NcL2xvY2FsXC8yMDI0XC8xMlwvMjlcL2ppbW15LWNhcnRlci1kZWF0aC1mbG9yaWRhLWNhbXBhaWduLXN0b3AtaW5jbHVkZWQtbmFwbGVzLWZvcnQtbXllcnNcLzc3MzAzMTA0MDA3IiwiYXJ0aWQiOiI2OGRjY2Y5ZmI3YWU2Yzg3NWM0YzMxZDYxMWIwMjIwZCJ9\" target=\"_blank\" rel=\"nofollow\"><img decoding=\"async\" class=\"thumbs\" width=\"16\" height=\"16\" src=\"https:\/\/patch.com\/img\/cdn\/assets\/layout\/thumb_up_16x16.png\" data-rel=\"penci-gallery-image-content\"  data-sizes=\"(min-width: 780px) 726px, 100vw\" srcset=\"https:\/\/patch.com\/img\/cdn\/assets\/layout\/thumb_up_16x16.png?width=640 640w, https:\/\/patch.com\/img\/cdn\/assets\/layout\/thumb_up_16x16.png?width=726 726w\"\/><\/a>   <a href=\"https:\/\/fort-myers-fl.patch.am\/rate-item?d=d&#038;h=eyJsb2MiOiI3NjkyIiwic291cmNlIjoibmV3cy1wcmVzcy5jb20iLCJ0aXRsZSI6IlByZXNpZGVudCBKaW1teSBDYXJ0ZXI6IERpZCBoZSBldmVyIGFwcGVhciBpbiBTb3V0aHdlc3QgRmxvcmlkYSwgTmFwbGVzIG9yIEZvcnQgTXllcnM\/IiwidXJsIjoiaHR0cHM6XC9cL3d3dy5uZXdzLXByZXNzLmNvbVwvc3RvcnlcL25ld3NcL2xvY2FsXC8yMDI0XC8xMlwvMjlcL2ppbW15LWNhcnRlci1kZWF0aC1mbG9yaWRhLWNhbXBhaWduLXN0b3AtaW5jbHVkZWQtbmFwbGVzLWZvcnQtbXllcnNcLzc3MzAzMTA0MDA3IiwiYXJ0aWQiOiI2OGRjY2Y5ZmI3YWU2Yzg3NWM0YzMxZDYxMWIwMjIwZCJ9\" target=\"_blank\" rel=\"nofollow\"><img decoding=\"async\" class=\"thumbs\" width=\"16\" height=\"16\" src=\"https:\/\/patch.com\/img\/cdn\/assets\/layout\/thumb_down_16x16.png\" data-sizes=\"(min-width: 780px) 726px, 100vw\" srcset=\"https:\/\/patch.com\/img\/cdn\/assets\/layout\/thumb_down_16x16.png?width=640 640w, https:\/\/patch.com\/img\/cdn\/assets\/layout\/thumb_down_16x16.png?width=726 726w\"\/><\/a><\/p>\n<\/div>\n<div>\n<p><b>4. Convidado em &#8216;The Detail&#8217; explica Legacy Trail Expansion &#8211; WSLR + Fogartyville<\/b> (<a href=\"https:\/\/wslr.org\/guest-on-the-detail-talks-legacy-trail-expansion\" target=\"_blank\" rel=\"nofollow\">wslr.org<\/a>) \u2013 A expans\u00e3o da Legacy Trail visa conectar v\u00e1rias cidades da Fl\u00f3rida, incluindo Fort Myers, melhorando a infraestrutura regional para bicicletas. Este ambicioso projecto procura promover desloca\u00e7\u00f5es mais seguras e o redesenvolvimento econ\u00f3mico atrav\u00e9s de um sistema abrangente de trilhos. <br \/><a href=\"https:\/\/fort-myers-fl.patch.am\/rate-item?d=u&#038;h=eyJsb2MiOiI3NjkyIiwic291cmNlIjoid3Nsci5vcmciLCJ0aXRsZSI6Ikd1ZXN0IG9uICdUaGUgRGV0YWlsJyBleHBsYWlucyBMZWdhY3kgVHJhaWwgRXhwYW5zaW9uIC0gV1NMUitGb2dhcnR5dmlsbGUiLCJ1cmwiOiJodHRwczpcL1wvd3Nsci5vcmdcL2d1ZXN0LW9uLXRoZS1kZXRhaWwtdGFsa3MtbGVnYWN5LXRyYWlsLWV4cGFuc2lvbiIsImFydGlkIjoiY2M1YjAzNTg5Nzk0OGM0MjBlZmFhNmI5YWJjMWEwNTcifQ==\" target=\"_blank\" rel=\"nofollow\"><img decoding=\"async\" class=\"thumbs\" width=\"16\" height=\"16\" src=\"https:\/\/patch.com\/img\/cdn\/assets\/layout\/thumb_up_16x16.png\" data-rel=\"penci-gallery-image-content\"  data-sizes=\"(min-width: 780px) 726px, 100vw\" srcset=\"https:\/\/patch.com\/img\/cdn\/assets\/layout\/thumb_up_16x16.png?width=640 640w, https:\/\/patch.com\/img\/cdn\/assets\/layout\/thumb_up_16x16.png?width=726 726w\"\/><\/a>   <a href=\"https:\/\/fort-myers-fl.patch.am\/rate-item?d=d&#038;h=eyJsb2MiOiI3NjkyIiwic291cmNlIjoid3Nsci5vcmciLCJ0aXRsZSI6Ikd1ZXN0IG9uICdUaGUgRGV0YWlsJyBleHBsYWlucyBMZWdhY3kgVHJhaWwgRXhwYW5zaW9uIC0gV1NMUitGb2dhcnR5dmlsbGUiLCJ1cmwiOiJodHRwczpcL1wvd3Nsci5vcmdcL2d1ZXN0LW9uLXRoZS1kZXRhaWwtdGFsa3MtbGVnYWN5LXRyYWlsLWV4cGFuc2lvbiIsImFydGlkIjoiY2M1YjAzNTg5Nzk0OGM0MjBlZmFhNmI5YWJjMWEwNTcifQ==\" target=\"_blank\" rel=\"nofollow\"><img decoding=\"async\" class=\"thumbs\" width=\"16\" height=\"16\" src=\"https:\/\/patch.com\/img\/cdn\/assets\/layout\/thumb_down_16x16.png\" data-sizes=\"(min-width: 780px) 726px, 100vw\" srcset=\"https:\/\/patch.com\/img\/cdn\/assets\/layout\/thumb_down_16x16.png?width=640 640w, https:\/\/patch.com\/img\/cdn\/assets\/layout\/thumb_down_16x16.png?width=726 726w\"\/><\/a><\/p>\n<hr\/>\n<h4>\ud83d\uddd3 <strong>Pr\u00f3ximos eventos em Fort Myers<\/strong><br \/><\/h4>\n<p><a href=\"https:\/\/patch.com\/florida\/fort-myers\/compose\/event\">  Adicione seu evento ao nosso calend\u00e1rio e newsletter! <\/a><\/p>\n<\/div>\n<div>\n<p> <em>Perdemos alguma coisa em nosso calend\u00e1rio? <a href=\"https:\/\/patch.com\/florida\/fort-myers\/compose\/event\">Adicione um evento aqui<\/a>! <\/em> <\/p>\n<hr\/>\n<p><em>Quer um link para sua empresa neste boletim informativo? <a href=\"https:\/\/patch.com\/florida\/fort-myers\/compose\/bizpost\">Clique aqui<\/a>.<\/em><\/p>\n<hr\/>\n<h4>\ud83d\uddd3 <strong>Eventos pr\u00f3ximos<\/strong><\/h4>\n<ul>\n<h5> <span class=\"text-green-8\"><b>Segunda-feira, 30 de dezembro<\/b><\/span> <\/h5>\n<li><span> <b>Basquete, meninas VR<\/b> (Lochmoor Waterway Estates) <br \/>Segunda-feira, 30 de dezembro, 14h<br \/>Ida S. Baker High School, 3500 Agualinda Blvd., Cape Coral, Fl\u00f3rida 33914 <\/span><\/li>\n<li><span> <a href=\"https:\/\/www.kimmiesrecoveryzone.org\/event-details-registration\/food-pantry-2024-12-30-11-00\" target=\"_blank\" rel=\"nofollow\"><b>Despensa de Alimentos<\/b><\/a>  (Parque de p\u00e1ginas) <br \/>Segunda-feira, 30 de dezembro, 16h<br \/><\/span><\/li>\n<blockquote><p> <b>Precisa divulgar seu evento?<br \/><a href=\"https:\/\/patch.com\/florida\/fort-myers\/compose\/event\">Adicione seu evento aqui<\/a>!<\/b> <\/p><\/blockquote>\n<h5> <span class=\"text-green-8\"><b>Ter\u00e7a-feira, 31 de dezembro<\/b><\/span> <\/h5>\n<li><span> <b>F\u00e9rias de inverno\/Sem aulas<\/b> (Buckingham) <br \/>Ter\u00e7a, 31 de dezembro<br \/>Escola Secund\u00e1ria Oak Hammock, Fort Myers, FL 33905 <\/span><\/li>\n<li><span> <b>Visite Terry Lynn (todos os n\u00edveis)<\/b> (Lago Cipreste) <br \/>Ter\u00e7a, 31 de dezembro, 8h<br \/>Alliance for the Arts, 10091 McGregor Blvd., Fort Myers, FL, 33919, Estados Unidos <\/span><\/li>\n<\/ul>\n<p> <em>Perdemos alguma coisa em nosso calend\u00e1rio? <a href=\"https:\/\/patch.com\/florida\/fort-myers\/compose\/event\">Adicione voc\u00ea mesmo um evento<\/a>! <\/em> <\/p>\n<hr\/>\n<p>\ud83d\udd28 <strong>Precisa de ajuda com um projeto em casa?<\/strong> Patch fez parceria com Thumbtack para tornar a contrata\u00e7\u00e3o de um profissional local confi\u00e1vel r\u00e1pida e f\u00e1cil. <a href=\"https:\/\/patch.com\/florida\/fort-myers\/businesses\" target=\"_blank\">Clique aqui para come\u00e7ar.<\/a><\/p>\n<hr\/>\n<h4>\ud83d\udcac <strong>Conversa<\/strong><\/h4>\n<p>O que seus vizinhos est\u00e3o falando nas redes sociais<\/p>\n<\/div>\n<div>\n<ul>\n<li><b>Condom\u00ednio para alugar.<\/b> <br \/>2 quartos 2 banheiros mobiliados. Janeiro, mar\u00e7o e abril. 218-348-3540 (<a href=\"https:\/\/nextdoor.com\/p\/wn3tJL3DgGt-\/?from_partner=patch&#038;share_id=wn3tJL3DgGt-&#038;utm_medium=public_api&#038;utm_source=patch&#038;utm_content=wn3tJL3DgGt-&#038;next_url=\/p\/wn3tJL3DgGt-&#038;utm_medium=email&#038;utm_campaign=pilot\" target=\"_blank\" rel=\"nofollow\">Ao lado<\/a> Ponto Patrimonial) <\/li>\n<li><b>Bom dia e feliz domingo\ud83e\udd17 O Paradise Vintage Market em North Ft Myers tem 32.000 p\u00e9s quadrados e mais de 140 fornecedores exclusivos.<\/b> <br \/>Fica na 13821 North Cleveland Ave\u2026 no pr\u00e9dio est\u00e1 escrito Antique Mall em grandes letras vermelhas. Todo mundo que visita o mercado adora. Eu sou um\u2026 (<a href=\"https:\/\/nextdoor.com\/p\/Js4c9HHWQR_4\/?from_partner=patch&#038;share_id=Js4c9HHWQR_4&#038;utm_medium=public_api&#038;utm_source=patch&#038;utm_content=Js4c9HHWQR_4&#038;next_url=\/p\/Js4c9HHWQR_4&#038;utm_medium=email&#038;utm_campaign=pilot\" target=\"_blank\" rel=\"nofollow\">Ao lado<\/a> Whisky Creek) <\/li>\n<\/ul>\n<hr\/>\n<p> <b>Ok Fort Myers!<\/b> Ent\u00e3o agora voc\u00ea est\u00e1 por dentro do que est\u00e1 acontecendo hoje. Obrigado pela leitura e at\u00e9 a pr\u00f3xima vez na sua caixa de entrada! <\/p>\n<p> <b>&#8211; A equipe do Patch AM<\/b> <\/p>\n<p> <em>PS A resposta para o enigma de hoje:<\/em> Uma cenoura. <\/p>\n<hr\/>\n<h4>\ud83d\udc49 <strong>Ajude a melhorar o Patch AM<\/strong><\/h4>\n<hr\/>\n<p> <a href=\"https:\/\/nextdoor.com\/sharekit\/?source=Fort%20Myers%20Patch%20AM&#038;body=Catch+up+on+what+you+need+to+know+from+the+Fort+Myers+Patch+AM+daily+update%3A+https%3A%2F%2Fpatch.com%2Fflorida%2Ffort-myers&#038;utm_source=patch&#038;utm_medium=email&#038;utm_campaign=pilot\" target=\"_blank\" class=\"text-weight-bold text-green-8 sans\">Compartilhar no NextDoor<\/a>     <a href=\"https:\/\/www.facebook.com\/share.php?u=https:\/\/patch.com\/florida\/fort-myers&#038;title=Catch+up+on+what+you+need+to+know+from+the+Fort+Myers+Patch+AM+daily+update%3A+https%3A%2F%2Fpatch.com%2Fflorida%2Ffort-myers\" target=\"_blank\" class=\"text-weight-bold text-light-blue-10 sans\">Compartilhar no Facebook<\/a><\/p>\n<\/div>\n<p><br \/>\n<br \/><a href=\"http:\/\/patch.com\/florida\/fort-myers\/extended-leetran-service-new-years-eve-nodx-20241230?utm_source=article-mostrecent&#038;utm_medium=rss&#038;utm_term=community%20corner&#038;utm_campaign=recirc&#038;utm_content=aol\">Source link <\/a><\/p>","protected":false},"excerpt":{"rendered":"<p>\u2615\ufe0f\ufe0f Bom dia, Fort Myers! Temos informa\u00e7\u00f5es sobre os \u00faltimos acontecimentos na cidade. Continue lendo para entrar em a\u00e7\u00e3o. No boletim informativo de hoje: Servi\u00e7o LeeTran estendido para a v\u00e9spera&hellip;<\/p>","protected":false},"author":1,"featured_media":71100,"comment_status":"closed","ping_status":"open","sticky":false,"template":"","format":"standard","meta":{"content-type":"","footnotes":""},"categories":[1],"tags":[],"class_list":["post-84681","post","type-post","status-publish","format-standard","has-post-thumbnail","hentry","category-uncategorized"],"_links":{"self":[{"href":"https:\/\/tvbrazilusa.com\/pt\/wp-json\/wp\/v2\/posts\/84681","targetHints":{"allow":["GET"]}}],"collection":[{"href":"https:\/\/tvbrazilusa.com\/pt\/wp-json\/wp\/v2\/posts"}],"about":[{"href":"https:\/\/tvbrazilusa.com\/pt\/wp-json\/wp\/v2\/types\/post"}],"author":[{"embeddable":true,"href":"https:\/\/tvbrazilusa.com\/pt\/wp-json\/wp\/v2\/users\/1"}],"replies":[{"embeddable":true,"href":"https:\/\/tvbrazilusa.com\/pt\/wp-json\/wp\/v2\/comments?post=84681"}],"version-history":[{"count":1,"href":"https:\/\/tvbrazilusa.com\/pt\/wp-json\/wp\/v2\/posts\/84681\/revisions"}],"predecessor-version":[{"id":84682,"href":"https:\/\/tvbrazilusa.com\/pt\/wp-json\/wp\/v2\/posts\/84681\/revisions\/84682"}],"wp:featuredmedia":[{"embeddable":true,"href":"https:\/\/tvbrazilusa.com\/pt\/wp-json\/wp\/v2\/media\/71100"}],"wp:attachment":[{"href":"https:\/\/tvbrazilusa.com\/pt\/wp-json\/wp\/v2\/media?parent=84681"}],"wp:term":[{"taxonomy":"category","embeddable":true,"href":"https:\/\/tvbrazilusa.com\/pt\/wp-json\/wp\/v2\/categories?post=84681"},{"taxonomy":"post_tag","embeddable":true,"href":"https:\/\/tvbrazilusa.com\/pt\/wp-json\/wp\/v2\/tags?post=84681"}],"curies":[{"name":"wp","href":"https:\/\/api.w.org\/{rel}","templated":true}]}}