{"id":84723,"date":"2024-12-30T10:50:14","date_gmt":"2024-12-30T10:50:14","guid":{"rendered":"https:\/\/tvbrazilusa.com\/2024\/12\/30\/apos-acidente-aereo-na-coreia-do-sul-outro-aviao-apresenta-problema\/"},"modified":"2024-12-30T10:50:15","modified_gmt":"2024-12-30T10:50:15","slug":"apos-acidente-aereo-na-coreia-do-sul-outro-aviao-apresenta-problema","status":"publish","type":"post","link":"https:\/\/tvbrazilusa.com\/pt\/2024\/12\/30\/apos-acidente-aereo-na-coreia-do-sul-outro-aviao-apresenta-problema\/","title":{"rendered":"Ap\u00f3s acidente a\u00e9reo na Coreia do Sul, outro avi\u00e3o apresenta problema"},"content":{"rendered":"<p> <script async src=\"https:\/\/pagead2.googlesyndication.com\/pagead\/js\/adsbygoogle.js?client=ca-pub-8864793242727901\"\r\n     crossorigin=\"anonymous\"><\/script><br \/>\n<\/p>\n<p>Um avi\u00e3o de passageiros da Jeju Air que partiu do aeroporto de Gimpo, em Seul, para a cidade Jeju na Coreia do Sul nesta segunda-feira (30) teve um problema n\u00e3o identificado no trem de pouso ap\u00f3s a decolagem, de acordo com ag\u00eancia de not\u00edcias Yonhap.\n<\/p>\n<div id=\"mid2\" data-google-query-id=\"CNP7jbKlz4oDFas0uQYd5esNfw\">\n<p>A aeronave retornou a Gimpo, onde pousou em seguran\u00e7a, informou a Yonhap, citando uma fonte n\u00e3o identificada.<\/p>\n<p>O relato aconteceu um dia ap\u00f3s um grande acidente a\u00e9reo com um avi\u00e3o da mesma companhia no domingo (29). Segundo autoridades locais, 179 pessoas morreram na ocasi\u00e3o.\n<\/p>\n<p>Este \u00e9 o pior desastre a\u00e9reo do pa\u00eds em d\u00e9cadas. Duas pessoas sobreviveram, ambos tripulantes.\n<\/p>\n<p>O avi\u00e3o da Jeju Air transportava 175 passageiros e seis tripulantes quando fez uma aterrissagem for\u00e7ada no aeroporto do condado de Muan. Todos a bordo eram sul-coreanos, exceto dois cidad\u00e3os tailandeses.\n<\/p>\n<p><strong>Empresa se recusa a comentar acidente a\u00e9reo<\/strong><br \/>Um porta-voz da Jeju Air n\u00e3o estava dispon\u00edvel para comentar o assunto. A Jeju Air se recusou a comentar a causa do acidente de domingo (29) durante as coletivas de imprensa, dizendo que uma investiga\u00e7\u00e3o est\u00e1 em andamento.\n<\/p>\n<p>Christian Beckert, especialista em seguran\u00e7a de voo e piloto da Lufthansa, disse que as imagens de v\u00eddeo sugerem que, al\u00e9m dos reversores, a maioria dos sistemas de freio do avi\u00e3o n\u00e3o foi ativada, criando um \u201cgrande problema\u201d e um pouso r\u00e1pido.\n<\/p>\n<p>Beckert disse que \u00e9 improv\u00e1vel que um ataque de p\u00e1ssaro tenha danificado o trem de pouso enquanto ele ainda estava levantado e que, se tivesse acontecido quando ele estava abaixado, teria sido dif\u00edcil levant\u00e1-lo novamente.\n<\/p>\n<p>\u201c\u00c9 muito, muito raro e incomum n\u00e3o baixar o trem de pouso, porque h\u00e1 sistemas independentes que permitem baixar o trem com um sistema alternativo\u201d, disse ele.\n<\/p>\n<p>A investiga\u00e7\u00e3o deve revelar um quadro mais claro, acrescentou.\n<\/p>\n<p>De acordo com as regras globais de avia\u00e7\u00e3o, a Coreia do Sul conduzir\u00e1 uma investiga\u00e7\u00e3o civil e envolver\u00e1 o Conselho Nacional de Seguran\u00e7a nos Transportes dos Estados Unidos, onde o avi\u00e3o foi fabricado.\n<\/p>\n<p>Os especialistas afirmam que os acidentes a\u00e9reos geralmente s\u00e3o causados por um conjunto de fatores e que pode levar meses para se chegar a uma conclus\u00e3o sobre a sequ\u00eancia de eventos.\n<\/p>\n<p>O gravador de dados de voo foi encontrado \u00e0s 11h30 pelo hor\u00e1rio local, cerca de duas horas e meia ap\u00f3s o acidente, e o gravador de voz da cabine de comando \u00e0s 14h24, informaram as autoridades sul-coreanas.\n<\/p>\n<div id=\"middle_5\" class=\"custom__ad__element\" data-google-query-id=\"CIqx1culz4oDFVFMuAQdVTM95g\">\n<p>O consultor de avia\u00e7\u00e3o australiano Trevor Jensen disse que os servi\u00e7os de inc\u00eandio e emerg\u00eancia normalmente estariam prontos para um pouso de barriga, \u201cportanto, isso parece n\u00e3o ter sido planejado\u201d.\n<\/p>\n<p>Fonte: CNN Brasil\n<\/p>\n<\/div>\n<\/div>\n<p><br \/>\n<br \/><a href=\"https:\/\/diariodobrasilnoticias.com.br\/noticia\/apos-acidente-aereo-na-coreia-do-sul-outro-aviao-apresenta-problema-6772776cc3def\">Source link <\/a><\/p>","protected":false},"excerpt":{"rendered":"<p>Um avi\u00e3o de passageiros da Jeju Air que partiu do aeroporto de Gimpo, em Seul, para a cidade Jeju na Coreia do Sul nesta segunda-feira (30) teve um problema n\u00e3o&hellip;<\/p>","protected":false},"author":1,"featured_media":84724,"comment_status":"closed","ping_status":"open","sticky":false,"template":"","format":"standard","meta":{"content-type":"","footnotes":""},"categories":[16],"tags":[123,2448,5313,1267],"class_list":["post-84723","post","type-post","status-publish","format-standard","has-post-thumbnail","hentry","category-noticias","tag-brasil","tag-diario","tag-noticia","tag-noticias"],"_links":{"self":[{"href":"https:\/\/tvbrazilusa.com\/pt\/wp-json\/wp\/v2\/posts\/84723","targetHints":{"allow":["GET"]}}],"collection":[{"href":"https:\/\/tvbrazilusa.com\/pt\/wp-json\/wp\/v2\/posts"}],"about":[{"href":"https:\/\/tvbrazilusa.com\/pt\/wp-json\/wp\/v2\/types\/post"}],"author":[{"embeddable":true,"href":"https:\/\/tvbrazilusa.com\/pt\/wp-json\/wp\/v2\/users\/1"}],"replies":[{"embeddable":true,"href":"https:\/\/tvbrazilusa.com\/pt\/wp-json\/wp\/v2\/comments?post=84723"}],"version-history":[{"count":1,"href":"https:\/\/tvbrazilusa.com\/pt\/wp-json\/wp\/v2\/posts\/84723\/revisions"}],"predecessor-version":[{"id":84725,"href":"https:\/\/tvbrazilusa.com\/pt\/wp-json\/wp\/v2\/posts\/84723\/revisions\/84725"}],"wp:featuredmedia":[{"embeddable":true,"href":"https:\/\/tvbrazilusa.com\/pt\/wp-json\/wp\/v2\/media\/84724"}],"wp:attachment":[{"href":"https:\/\/tvbrazilusa.com\/pt\/wp-json\/wp\/v2\/media?parent=84723"}],"wp:term":[{"taxonomy":"category","embeddable":true,"href":"https:\/\/tvbrazilusa.com\/pt\/wp-json\/wp\/v2\/categories?post=84723"},{"taxonomy":"post_tag","embeddable":true,"href":"https:\/\/tvbrazilusa.com\/pt\/wp-json\/wp\/v2\/tags?post=84723"}],"curies":[{"name":"wp","href":"https:\/\/api.w.org\/{rel}","templated":true}]}}