{"id":84738,"date":"2024-12-30T11:26:05","date_gmt":"2024-12-30T11:26:05","guid":{"rendered":"https:\/\/tvbrazilusa.com\/2024\/12\/30\/jornal-norte-americano-afirma-que-biden-lamenta-decisao-de-nao-disputar-a-reeleicao\/"},"modified":"2024-12-30T11:26:07","modified_gmt":"2024-12-30T11:26:07","slug":"jornal-norte-americano-afirma-que-biden-lamenta-decisao-de-nao-disputar-a-reeleicao","status":"publish","type":"post","link":"https:\/\/tvbrazilusa.com\/pt\/2024\/12\/30\/jornal-norte-americano-afirma-que-biden-lamenta-decisao-de-nao-disputar-a-reeleicao\/","title":{"rendered":"Jornal norte-americano afirma que Biden lamenta decis\u00e3o de n\u00e3o disputar a reelei\u00e7\u00e3o"},"content":{"rendered":"<p> <script async src=\"https:\/\/pagead2.googlesyndication.com\/pagead\/js\/adsbygoogle.js?client=ca-pub-8864793242727901\"\r\n     crossorigin=\"anonymous\"><\/script><br \/>\n<\/p>\n<div id=\"taboola-read-more\" style=\"display:block; width:100%\">\n<p>O presidente dos Estados Unidos, Joe Biden, se arrependeu de ter sa\u00eddo da disputa pela reelei\u00e7\u00e3o, informou o jornal norte-americano Washington Post.\n<\/p>\n<p>Conforme fontes an\u00f4nimas, o democrata e seus assessores afirmam que o melhor era permanecer e enfrentar o advers\u00e1rio, Donald Trump.<\/p>\n<p>Biden cedeu \u00e0 press\u00e3o de l\u00edderes do Partido Democrata, depois de enfrentar dificuldades em pesquisas e ter uma performance ruim em um debate contra Trump, em junho.\n<\/p>\n<p>A decis\u00e3o abriu caminho para a vice-presidente Kamala Harris liderar a chapa democrata. No entanto, Kamala foi derrotada por Trump, que assumir\u00e1 a Presid\u00eancia para um segundo mandato em 20 de janeiro.\n<\/p>\n<p>Biden tem sido cuidadoso para n\u00e3o culpar Kamala ou a sua campanha pela derrota, mas reconheceu que Nancy Pelosi, ex-presidente da C\u00e2mara, desempenhou papel crucial ao pression\u00e1-lo a sair. Nancy estava preocupada de que a presen\u00e7a de Biden afetasse as chances democratas nas elei\u00e7\u00f5es legislativas.\n<\/p>\n<p>Em entrevista ao CBS News Sunday Morning em agosto, Biden admitiu que Pelosi liderou a press\u00e3o devido a preocupa\u00e7\u00f5es com a reelei\u00e7\u00e3o dos democratas no Congresso. Em setembro, no programa The View, ele expressou confian\u00e7a de que teria vencido Trump em novembro, mas isso n\u00e3o se refletiu no sucesso eleitoral de Kamala.\n<\/p>\n<p>Reflex\u00f5es dos democratas<br \/>Muitos democratas culpam a derrota de Kamala pela decis\u00e3o tardia de Biden em desistir. Biden prometeu ser um presidente transit\u00f3rio, servindo apenas um mandato antes de passar o comando para uma nova gera\u00e7\u00e3o.\n<\/p>\n<p>O senador Richard Blumenthal comentou que a candidatura de Biden desafiou o conceito de transi\u00e7\u00e3o.\n<\/p>\n<p>Alguns conselheiros pr\u00f3ximos do democrata, sem critic\u00e1-lo diretamente, apontam que seu estilo de governan\u00e7a tradicional n\u00e3o se alinha com as demandas da pol\u00edtica moderna.\n<\/p>\n<p>Jake Sullivan, conselheiro de seguran\u00e7a nacional, destacou que Biden opera em um horizonte de d\u00e9cadas, enquanto o ciclo pol\u00edtico \u00e9 de quatro anos.\n<\/p>\n<p>Os arrependimentos de Biden\n<\/p>\n<p>Nas \u00faltimas semanas, Biden reconheceu erros durante seu mandato, incluindo falhas no debate e a decis\u00e3o de n\u00e3o colocar seu nome nos cheques de al\u00edvio da pandemia de 2021.\n<\/p>\n<p>Al\u00e9m disso, ele se arrependeu de ter escolhido Merrick Garland como procurador-geral, criticando sua abordagem em casos envolvendo seu filho, Hunter.\n<\/p>\n<p>O atual presidente tamb\u00e9m expressou frustra\u00e7\u00e3o com a lentid\u00e3o de Garland em processar Trump por envolvimento nos eventos de 6 de janeiro, cujas acusa\u00e7\u00f5es foram arquivadas.\n<\/p>\n<p>Ele e seus assessores admitiram que poderiam ter elevado melhor o \u00e2nimo dos americanos durante a pandemia.<\/p>\n<p>Fonte: Revista Oeste              <\/p>\n<\/div>\n<p><br \/>\n<br \/><a href=\"https:\/\/diariodobrasilnoticias.com.br\/noticia\/jornal-norte-americano-afirma-que-biden-lamenta-decisao-de-nao-disputar-a-reeleicao-677271978341f\">Source link <\/a><\/p>","protected":false},"excerpt":{"rendered":"<p>O presidente dos Estados Unidos, Joe Biden, se arrependeu de ter sa\u00eddo da disputa pela reelei\u00e7\u00e3o, informou o jornal norte-americano Washington Post. Conforme fontes an\u00f4nimas, o democrata e seus assessores&hellip;<\/p>","protected":false},"author":1,"featured_media":84739,"comment_status":"closed","ping_status":"open","sticky":false,"template":"","format":"standard","meta":{"content-type":"","footnotes":""},"categories":[16],"tags":[123,2448,5313,1267],"class_list":["post-84738","post","type-post","status-publish","format-standard","has-post-thumbnail","hentry","category-noticias","tag-brasil","tag-diario","tag-noticia","tag-noticias"],"_links":{"self":[{"href":"https:\/\/tvbrazilusa.com\/pt\/wp-json\/wp\/v2\/posts\/84738","targetHints":{"allow":["GET"]}}],"collection":[{"href":"https:\/\/tvbrazilusa.com\/pt\/wp-json\/wp\/v2\/posts"}],"about":[{"href":"https:\/\/tvbrazilusa.com\/pt\/wp-json\/wp\/v2\/types\/post"}],"author":[{"embeddable":true,"href":"https:\/\/tvbrazilusa.com\/pt\/wp-json\/wp\/v2\/users\/1"}],"replies":[{"embeddable":true,"href":"https:\/\/tvbrazilusa.com\/pt\/wp-json\/wp\/v2\/comments?post=84738"}],"version-history":[{"count":1,"href":"https:\/\/tvbrazilusa.com\/pt\/wp-json\/wp\/v2\/posts\/84738\/revisions"}],"predecessor-version":[{"id":84740,"href":"https:\/\/tvbrazilusa.com\/pt\/wp-json\/wp\/v2\/posts\/84738\/revisions\/84740"}],"wp:featuredmedia":[{"embeddable":true,"href":"https:\/\/tvbrazilusa.com\/pt\/wp-json\/wp\/v2\/media\/84739"}],"wp:attachment":[{"href":"https:\/\/tvbrazilusa.com\/pt\/wp-json\/wp\/v2\/media?parent=84738"}],"wp:term":[{"taxonomy":"category","embeddable":true,"href":"https:\/\/tvbrazilusa.com\/pt\/wp-json\/wp\/v2\/categories?post=84738"},{"taxonomy":"post_tag","embeddable":true,"href":"https:\/\/tvbrazilusa.com\/pt\/wp-json\/wp\/v2\/tags?post=84738"}],"curies":[{"name":"wp","href":"https:\/\/api.w.org\/{rel}","templated":true}]}}