{"id":84750,"date":"2024-12-30T12:06:09","date_gmt":"2024-12-30T12:06:09","guid":{"rendered":"https:\/\/tvbrazilusa.com\/2024\/12\/30\/cinco-anos-apos-covid-brasil-nao-tem-plano-para-lidar-com-futuras-pandemias\/"},"modified":"2024-12-30T12:06:10","modified_gmt":"2024-12-30T12:06:10","slug":"cinco-anos-apos-covid-brasil-nao-tem-plano-para-lidar-com-futuras-pandemias","status":"publish","type":"post","link":"https:\/\/tvbrazilusa.com\/pt\/2024\/12\/30\/cinco-anos-apos-covid-brasil-nao-tem-plano-para-lidar-com-futuras-pandemias\/","title":{"rendered":"Cinco anos ap\u00f3s Covid, Brasil n\u00e3o tem plano para lidar com futuras pandemias"},"content":{"rendered":"<p> <script async src=\"https:\/\/pagead2.googlesyndication.com\/pagead\/js\/adsbygoogle.js?client=ca-pub-8864793242727901\"\r\n     crossorigin=\"anonymous\"><\/script><br \/>\n<\/p>\n<div id=\"taboola-read-more\" style=\"display:block; width:100%\">\n<p>H\u00e1 cinco anos, em 31 de dezembro de 2019, a cidade de Wuhan, na China, reportava para a OMS (Organiza\u00e7\u00e3o Mundial da Sa\u00fade) casos de pneumonia de origem desconhecida que causavam preocupa\u00e7\u00e3o. Duas semanas depois, seria confirmada a exist\u00eancia de uma nova forma de coronav\u00edrus, batizada de Covid-19.\n<\/p>\n<p>A doen\u00e7a evoluiria para a pior pandemia desde a gripe espanhola, causando 7 milh\u00f5es de mortes confirmadas globalmente na \u00faltima meia d\u00e9cada. O Brasil chega ao fim desses cinco anos como vice-campe\u00e3o nas mortes totais acumuladas e sem planos para combater pandemias futuras.<\/p>\n<p>O Minist\u00e9rio da Sa\u00fade contabiliza 714 mil mortes por Covid, n\u00famero absoluto menor apenas que o dos Estados Unidos, cuja taxa \u00e9 de 1,2 milh\u00e3o de mortos, segundo dados do Our World in Data, da Universidade de Oxford. Com uma popula\u00e7\u00e3o de mais de 200 milh\u00f5es, o Brasil \u00e9 o 20\u00ba pa\u00eds com maior incid\u00eancia de mortes por milh\u00e3o de pessoas.\n<\/p>\n<p>O n\u00famero de v\u00edtimas da doen\u00e7a a cada 1 milh\u00e3o de habitantes no Brasil \u00e9 de 3.399. Considerar a propor\u00e7\u00e3o \u00e9 importante porque, quanto maior a popula\u00e7\u00e3o de um pa\u00eds, mais prov\u00e1vel que seu n\u00famero total de mortes seja mais alto. O pa\u00eds com mais mortes por milh\u00e3o de habitantes \u00e9 o Peru \u2014que fica em s\u00e9timo lugar no total acumulado, com 220 mil v\u00edtimas.\n<\/p>\n<p>Ainda assim, o n\u00famero brasileiro \u00e9 considerado elevado. \u201cN\u00f3s temos 10% das mortes no mundo, e n\u00e3o temos 10% da popula\u00e7\u00e3o mundial, ent\u00e3o \u00e9 poss\u00edvel ver que h\u00e1 uma despropor\u00e7\u00e3o\u201d, diz o m\u00e9dico infectologista Renato Kfouri, vice-presidente da SBIm (Sociedade Brasileira de Imuniza\u00e7\u00f5es).\n<\/p>\n<p>\u201cIsso se deu porque n\u00f3s tivemos por muito tempo um negacionismo que permeou as instru\u00e7\u00f5es n\u00e3o farmacol\u00f3gicas, isto \u00e9, as orienta\u00e7\u00f5es sobre comportamento\u201d, explica Kfouri.\n<\/p>\n<p>Essas medidas s\u00e3o, por exemplo, o uso de m\u00e1scaras e o isolamento social. O fechamento de com\u00e9rcios e de espa\u00e7os como praias, cinemas e restaurantes, e o esvaziamento das cidades foram uma marca dos primeiros anos da pandemia.\n<\/p>\n<p>Alguns dos maiores pontos tur\u00edsticos globais, como a Fontana di Trevi, em Roma, ou a Torre Eiffel, em Paris, ficaram vazios, em imagens que ganharam o mundo.\n<\/p>\n<p>\u201cTodas as pandemias terminam da mesma forma, atingindo uma boa imunidade populacional\u201d, explica o m\u00e9dico. A diferen\u00e7a \u00e9 que se essa imunidade populacional vem associada \u00e0 vacina\u00e7\u00e3o, n\u00e3o ao cont\u00e1gio, o n\u00famero de mortes \u00e9 menor. \u201cVoc\u00ea pode atingir esse resultado com milhares de mortes ou milh\u00f5es de mortes\u201d, afirma.\n<\/p>\n<p>Para Alexandre Naime, professor do departamento de infectologia da Unesp (Universidade Estadual Paulista) e coordenador cient\u00edfico da SBI (Sociedade Brasileira de Infectologia), \u00e9 crucial que os pa\u00edses mantenham a notifica\u00e7\u00e3o ativa \u00e0 OMS para garantir um controle efetivo e uma resposta coordenada, mesmo com a mudan\u00e7a no cen\u00e1rio pand\u00eamico.\n<\/p>\n<p>\u201cA plataforma mundial de dados \u00e9 fundamental para compreender quais v\u00edrus respirat\u00f3rios est\u00e3o causando \u00f3bitos.\u201d\n<\/p>\n<p>De acordo com o Minist\u00e9rio da Sa\u00fade, 424 mil das v\u00edtimas nacionais da Covid morreram em 2021, quando o presidente Jair Bolsonaro defendia a \u201cimunidade de rebanho por cont\u00e1gio\u201d.\n<\/p>\n<p>Em 6 de abril daquele ano, quando o pa\u00eds ultrapassou a marca de 4.000 mortos por dia, o ent\u00e3o presidente afirmou em evento em Chapec\u00f3 (SC): \u201cN\u00e3o vamos aceitar a pol\u00edtica do fica em casa, do feche tudo, do lockdown. O v\u00edrus n\u00e3o vai embora. Esse v\u00edrus, como outros, veio para ficar\u201d.\n<\/p>\n<p>Apesar do que foi aprendido na crise sanit\u00e1ria, a professora Deisy Ventura, da Faculdade de Sa\u00fade P\u00fablica da USP (Universidade de S\u00e3o Paulo), diz que o Brasil n\u00e3o possui um plano para fazer diferente em novas pandemias. \u201cN\u00f3s sequer temos uma legisla\u00e7\u00e3o a respeito de resposta a emerg\u00eancias\u201d, afirma.\n<\/p>\n<p>N\u00f3s temos 10% das mortes no mundo, e n\u00e3o temos 10% da popula\u00e7\u00e3o mundial, ent\u00e3o \u00e9 poss\u00edvel ver que h\u00e1 uma despropor\u00e7\u00e3o de como a Covid-19 incidiu sobre a nossa popula\u00e7\u00e3o\n<\/p>\n<p>Isso porque, explica a professora, a lei promulgada em fevereiro de 2020, antes mesmo de o primeiro caso da doen\u00e7a ser registrado no Brasil, tem validade apenas para o coronav\u00edrus.\n<\/p>\n<p>\u201cFoi uma lei que fizemos \u00e0s pressas, na \u00e9poca que precis\u00e1vamos repatriar os brasileiros que estavam em Wuhan\u201d, diz ela, que defende que \u00e9 preciso criar um arcabou\u00e7o legal que impe\u00e7a que a resposta sanit\u00e1ria fique a reboque das predile\u00e7\u00f5es pol\u00edticas do momento.\n<\/p>\n<p>\u201cTem que estar escrito na lei, por exemplo, que a resposta da \u2018imunidade de rebanho por cont\u00e1gio\u2019 nunca pode ser usada como resposta\u201d, diz.\n<\/p>\n<p>No \u00e2mbito internacional, afirma a professora, os pa\u00edses tamb\u00e9m enfrentam problemas para chegar a um consenso sobre como atuar no futuro. J\u00e1 foram contabilizados 776 milh\u00f5es de casos da doen\u00e7a no mundo, segundo a OMS.\n<\/p>\n<p>Procurado pela Folha, o Minist\u00e9rio da Sa\u00fade diz que tem compromisso com a prepara\u00e7\u00e3o, vigil\u00e2ncia e resposta a emerg\u00eancias em sa\u00fade p\u00fablica. Afirma que neste ano o departamento que cuida dessa \u00e1rea foi reestruturado para aprimorar sua atua\u00e7\u00e3o em forma\u00e7\u00e3o, intelig\u00eancia e avalia\u00e7\u00e3o de riscos.\n<\/p>\n<p>Segundo o minist\u00e9rio, a moderniza\u00e7\u00e3o segue as melhores pr\u00e1ticas nacionais e internacionais e levou o departamento a ser reconhecido pela OMS como centro colaborador para treinamento em emerg\u00eancias de sa\u00fade p\u00fablica.\n<\/p>\n<p>A pasta informa ainda que o relat\u00f3rio final sobre um plano estrat\u00e9gico para preven\u00e7\u00e3o, prepara\u00e7\u00e3o e resposta a pandemias est\u00e1 previsto para mar\u00e7o de 2025, e que ele ampliar\u00e1 a base legal e operacional do pa\u00eds para responder a emerg\u00eancias futuras.\n<\/p>\n<p>\u201cAl\u00e9m disso, foi criado o Comit\u00ea T\u00e9cnico-Consultivo de Emerg\u00eancias, composto por especialistas renomados, para apoiar o desenvolvimento de estrat\u00e9gias baseadas em evid\u00eancias.\u201d\n<\/p>\n<p>Uma tentativa de se fechar um acordo global sobre preven\u00e7\u00e3o de pandemias ainda em 2024 fracassou. Isso significa que haver\u00e1 novas negocia\u00e7\u00f5es ano que vem, mas com os Estados Unidos novamente sob a gest\u00e3o de Donald Trump, que governava o pa\u00eds durante a Covid.\n<\/p>\n<p>\u201cPerdemos uma janela para resolver o acordo antes de Trump voltar ao poder\u201d, diz Ventura.\n<\/p>\n<p>Trump d\u00e1 sinais pouco animadores para a comunidade cient\u00edfica, como a indica\u00e7\u00e3o do ativista antivacina Robert F. Kennedy Jr. para a secretaria de Sa\u00fade.\n<\/p>\n<p>A vacina\u00e7\u00e3o teve papel fundamental na transi\u00e7\u00e3o da Covid de uma emerg\u00eancia de sa\u00fade p\u00fablica internacional para a conviv\u00eancia com o v\u00edrus. Atualmente, a OMS estima que 87% da popula\u00e7\u00e3o brasileira tenha recebido ao menos uma dose do imunizante contra o coronav\u00edrus.\n<\/p>\n<p>Para Kfouri, um dos legados nocivos da condu\u00e7\u00e3o da pandemia foi justamente o aumento da desconfian\u00e7a sobre a vacina. Uma pesquisa do Instituto Ipsos divulgada em novembro de 2024 mostrou que 29% dos brasileiros possuem algum grau de medo em rela\u00e7\u00e3o \u00e0 imuniza\u00e7\u00e3o.\n<\/p>\n<p>\u201cA pandemia e o surgimento de novas tecnologias vacinais criaram um ambiente para que grupos minorit\u00e1rios e barulhentos pudessem espalhar essa ideologia, e n\u00f3s vimos os \u00edndices de imuniza\u00e7\u00e3o de outras doen\u00e7as tamb\u00e9m serem afetados.\u201d\n<\/p>\n<p>Ventura tamb\u00e9m alerta para o risco de esquecimento da pandemia. \u201cA Covid-19 \u00e9 cada vez menos lembrada, por ser inconveniente. N\u00e3o temos no Brasil nem um dia de homenagem \u00e0s v\u00edtimas\u201d, diz. A C\u00e2mara dos Deputados chegou a aprovar a cria\u00e7\u00e3o de um dia nacional de mem\u00f3ria, mas a proposta n\u00e3o avan\u00e7ou no Senado.\n<\/p>\n<p>\u201cN\u00f3s estamos esquecendo o que aconteceu, e ao esquecer, a hist\u00f3ria entra em disputa, e os mesmos erros podem ser cometidos novamente.\u201d\n<\/p>\n<p>Em nota, o Minist\u00e9rio da Sa\u00fade defende que foram realizados investimentos em capacita\u00e7\u00e3o para gestores estaduais e municipais, forma\u00e7\u00e3o de comit\u00eas operacionais de emerg\u00eancia e elabora\u00e7\u00e3o de planos de conting\u00eancia.\n<\/p>\n<p>O minist\u00e9rio tamb\u00e9m destaca a inclus\u00e3o da vacina\u00e7\u00e3o contra a Covid-19 no calend\u00e1rio nacional, beneficiando gestantes e idosos e a intensifica\u00e7\u00e3o de campanhas para doen\u00e7as como poliomielite, sarampo e coqueluche.\n<\/p>\n<p><strong>Folha de S\u00e3o Paulo<\/strong>              <\/p>\n<\/div>\n<p><br \/>\n<br \/><a href=\"https:\/\/diariodobrasilnoticias.com.br\/noticia\/cinco-anos-apos-covid-brasil-nao-tem-plano-para-lidar-com-futuras-pandemias-6772833e1d850\">Source link <\/a><\/p>","protected":false},"excerpt":{"rendered":"<p>H\u00e1 cinco anos, em 31 de dezembro de 2019, a cidade de Wuhan, na China, reportava para a OMS (Organiza\u00e7\u00e3o Mundial da Sa\u00fade) casos de pneumonia de origem desconhecida que&hellip;<\/p>","protected":false},"author":1,"featured_media":84751,"comment_status":"closed","ping_status":"open","sticky":false,"template":"","format":"standard","meta":{"content-type":"","footnotes":""},"categories":[16],"tags":[123,2448,5313,1267],"class_list":["post-84750","post","type-post","status-publish","format-standard","has-post-thumbnail","hentry","category-noticias","tag-brasil","tag-diario","tag-noticia","tag-noticias"],"_links":{"self":[{"href":"https:\/\/tvbrazilusa.com\/pt\/wp-json\/wp\/v2\/posts\/84750","targetHints":{"allow":["GET"]}}],"collection":[{"href":"https:\/\/tvbrazilusa.com\/pt\/wp-json\/wp\/v2\/posts"}],"about":[{"href":"https:\/\/tvbrazilusa.com\/pt\/wp-json\/wp\/v2\/types\/post"}],"author":[{"embeddable":true,"href":"https:\/\/tvbrazilusa.com\/pt\/wp-json\/wp\/v2\/users\/1"}],"replies":[{"embeddable":true,"href":"https:\/\/tvbrazilusa.com\/pt\/wp-json\/wp\/v2\/comments?post=84750"}],"version-history":[{"count":1,"href":"https:\/\/tvbrazilusa.com\/pt\/wp-json\/wp\/v2\/posts\/84750\/revisions"}],"predecessor-version":[{"id":84752,"href":"https:\/\/tvbrazilusa.com\/pt\/wp-json\/wp\/v2\/posts\/84750\/revisions\/84752"}],"wp:featuredmedia":[{"embeddable":true,"href":"https:\/\/tvbrazilusa.com\/pt\/wp-json\/wp\/v2\/media\/84751"}],"wp:attachment":[{"href":"https:\/\/tvbrazilusa.com\/pt\/wp-json\/wp\/v2\/media?parent=84750"}],"wp:term":[{"taxonomy":"category","embeddable":true,"href":"https:\/\/tvbrazilusa.com\/pt\/wp-json\/wp\/v2\/categories?post=84750"},{"taxonomy":"post_tag","embeddable":true,"href":"https:\/\/tvbrazilusa.com\/pt\/wp-json\/wp\/v2\/tags?post=84750"}],"curies":[{"name":"wp","href":"https:\/\/api.w.org\/{rel}","templated":true}]}}