{"id":84808,"date":"2024-12-30T14:17:24","date_gmt":"2024-12-30T14:17:24","guid":{"rendered":"https:\/\/tvbrazilusa.com\/2024\/12\/30\/exercito-quebra-protocolo-e-se-distancia-da-marinha-e-aeronautica\/"},"modified":"2024-12-30T14:17:26","modified_gmt":"2024-12-30T14:17:26","slug":"exercito-quebra-protocolo-e-se-distancia-da-marinha-e-aeronautica","status":"publish","type":"post","link":"https:\/\/tvbrazilusa.com\/pt\/2024\/12\/30\/exercito-quebra-protocolo-e-se-distancia-da-marinha-e-aeronautica\/","title":{"rendered":"Ex\u00e9rcito quebra protocolo e se distancia da Marinha e Aeron\u00e1utica"},"content":{"rendered":"<p> <script async src=\"https:\/\/pagead2.googlesyndication.com\/pagead\/js\/adsbygoogle.js?client=ca-pub-8864793242727901\"\r\n     crossorigin=\"anonymous\"><\/script><br \/>\n<\/p>\n<div id=\"taboola-read-more\" style=\"display:block; width:100%\">\n<p>O Ex\u00e9rcito, pelo menos at\u00e9 \u00e0s 21h25 do dia 28 de dezembro de 2024, ainda n\u00e3o postou publicamente a tradicional mensagem de final de ano do seu Comandante. No dia 23 de dezembro foi postada apenas uma anima\u00e7\u00e3o de 10 segundos nas redes sociais com a legenda: \u201cO Ex\u00e9rcito Brasileiro deseja a todos um Feliz Natal e Pr\u00f3spero Ano Novo!\u201d.\n<\/p>\n<p>Em 2023, a mensagem foi publicada no dia 15 de dezembro pelo General de Ex\u00e9rcito Tom\u00e1s Miguel Min\u00e9 Ribeiro Paiva. Em 2022, o ent\u00e3o Comandante da For\u00e7a Terrestre, General Freire Gomes, divulgou a mensagem no dia 24 de dezembro. Em 2021, a publica\u00e7\u00e3o foi no dia 21 de dezembro.<\/p>\n<p>Com a atitude, o Ex\u00e9rcito destoa das outras 2 For\u00e7as.\n<\/p>\n<p>A Marinha divulgou a mensagem do Comandante, Almirante de Esquadra Marcos Sampaio Olsen, em 22 de dezembro. No v\u00eddeo postado no YouTube, Olsen ressaltou que os feitos de 2024 atestam a centralidade da For\u00e7a Naval para o desenvolvimento nacional.\n<\/p>\n<p>\u201cCada adestramento efetivado, obst\u00e1culo vencido e miss\u00e3o cumprida comp\u00f5e a narrativa de uma for\u00e7a que n\u00e3o esmorece ante as exig\u00eancias impostas pelo ambiente nacional, reafirmando o papel preponderante na salvaguarda dos interesses do Estado no mar\u201d.\n<\/p>\n<p>A Aeron\u00e1utica divulgou a mensagem de fim do ano do Comandante um dia depois, em 23 de dezembro. Entre muitos agradecimentos e cita\u00e7\u00f5es de momentos importantes de 2024, o Tenente-Brigadeiro do Ar Marcelo Kanitz Damasceno dedicou importante espa\u00e7o do v\u00eddeo de 07:30 para falar sobre o programa espacial brasileiro.\n<\/p>\n<p>\u201cPor interm\u00e9dio da cria\u00e7\u00e3o da empresa Alada, formularemos as condi\u00e7\u00f5es mais prop\u00edcias para impulsionar o Programa Espacial Brasileiro, em harmonia e em sincronia com a Ag\u00eancia Espacial Brasileira [AEB] e o Inpe [Instituto Nacional de Pesquisas Espaciais]. Bem assim promoveremos desenvolvimento do complexo espacial brasileiro, revelando grandes saltos tecnol\u00f3gicos e capacidades que permitir\u00e3o ampliar nossos horizontes na dire\u00e7\u00e3o do espa\u00e7o por meio do desenvolvimento do Centro de Lan\u00e7amento da Barreira do Inferno, em Natal (RN), e do Centro de Lan\u00e7amento de Alc\u00e2ntara no Maranh\u00e3o\u201d.<\/p>\n<p>Ex\u00e9rcito enfrenta crise de imagem\n<\/p>\n<p>Um dos motivos de o Ex\u00e9rcito ainda n\u00e3o ter divulgado a mensagem do Comandante, ou de ignorar completamente a tradi\u00e7\u00e3o, \u00e9 a crise de imagem enfrentada pela institui\u00e7\u00e3o, n\u00edtida na polariza\u00e7\u00e3o de coment\u00e1rios dispon\u00edveis nas redes sociais da For\u00e7a.\n<\/p>\n<p>\u00c9 por isso que o Comandante Tom\u00e1s Paiva encomendou uma pesquisa de R$ 717 mil para tentar descobrir o direcionamento e as tend\u00eancias da opini\u00e3o p\u00fablica em rela\u00e7\u00e3o a temas relevantes para o Ex\u00e9rcito, como, por exemplo, o emprego das For\u00e7as Armadas em opera\u00e7\u00f5es de GLO (Garantia da Lei e da Ordem).\n<\/p>\n<p>O Ex\u00e9rcito justifica a pesquisa argumentando que, em uma sociedade cada vez mais influenciada pela informa\u00e7\u00e3o, a narrativa pode ser considerada um ponto decisivo nas opera\u00e7\u00f5es militares e o terreno informacional passa a ser t\u00e3o importante quanto o f\u00edsico e o humano.\n<\/p>\n<p>Falta de confian\u00e7a nas For\u00e7as\n<\/p>\n<p>O hist\u00f3rico dos \u00faltimos meses aponta descren\u00e7a da sociedade em rela\u00e7\u00e3o n\u00e3o s\u00f3 ao Ex\u00e9rcito, mas \u00e0s For\u00e7as Armadas em geral.\n<\/p>\n<p>A desconfian\u00e7a da popula\u00e7\u00e3o em rela\u00e7\u00e3o a Ex\u00e9rcito, Marinha e Aeron\u00e1utica est\u00e1 em tend\u00eancia de alta desde 2017 segundo o Datafolha. A \u00faltima pesquisa, divulgada pelo instituto em 18 de dezembro, mostra que 24% dos entrevistados disseram n\u00e3o confiar nas For\u00e7as Armadas. Esse percentual era de apenas 15% h\u00e1 5 anos atr\u00e1s.\n<\/p>\n<p>Para Jo\u00e3o Roberto Martins Filho, professor da UFSCar e um dos maiores especialistas do pa\u00eds no pensamento pol\u00edtico da caserna, a dubiedade causada pelo poss\u00edvel envolvimento dos militares em tentativa de golpe e, ao mesmo tempo, a falta de apoio a ele por parte dos Comandantes do Ex\u00e9rcito e da Aeron\u00e1utica, contribui para atrair a rejei\u00e7\u00e3o dos 2 lados do jogo pol\u00edtico.\n<\/p>\n<p>\u201cHoje vemos democratas perdendo a confian\u00e7a nas For\u00e7as por causa dessas not\u00edcias todas, e ao mesmo tempo bolsonaristas insatisfeitos com elas por n\u00e3o terem interferido\u201d.\n<\/p>\n<p>Martins Filho aponta ainda o envolvimento dos militares na pol\u00edtica como outro grande motivador dessa crise de confian\u00e7a por parte da sociedade.\n<\/p>\n<p>\u201cNa medida em que os militares decidem entrar na pol\u00edtica, entram numa \u00e1rea de risco, porque a pol\u00edtica \u00e9 um ambiente de conflito. No governo Bolsonaro, a imagem foi sendo desgastada por v\u00e1rios epis\u00f3dios, porque eles assumiram um protagonismo em v\u00e1rias posi\u00e7\u00f5es\u201d.<\/p>\n<p>Fonte: Sociedade Militar              <\/p>\n<\/div>\n<p><br \/>\n<br \/><a href=\"https:\/\/diariodobrasilnoticias.com.br\/noticia\/exercito-quebra-protocolo-e-se-distancia-da-marinha-e-aeronautica-67728cc6ef43f\">Source link <\/a><\/p>","protected":false},"excerpt":{"rendered":"<p>O Ex\u00e9rcito, pelo menos at\u00e9 \u00e0s 21h25 do dia 28 de dezembro de 2024, ainda n\u00e3o postou publicamente a tradicional mensagem de final de ano do seu Comandante. No dia&hellip;<\/p>","protected":false},"author":1,"featured_media":84809,"comment_status":"closed","ping_status":"open","sticky":false,"template":"","format":"standard","meta":{"content-type":"","footnotes":""},"categories":[16],"tags":[123,2448,5313,1267],"class_list":["post-84808","post","type-post","status-publish","format-standard","has-post-thumbnail","hentry","category-noticias","tag-brasil","tag-diario","tag-noticia","tag-noticias"],"_links":{"self":[{"href":"https:\/\/tvbrazilusa.com\/pt\/wp-json\/wp\/v2\/posts\/84808","targetHints":{"allow":["GET"]}}],"collection":[{"href":"https:\/\/tvbrazilusa.com\/pt\/wp-json\/wp\/v2\/posts"}],"about":[{"href":"https:\/\/tvbrazilusa.com\/pt\/wp-json\/wp\/v2\/types\/post"}],"author":[{"embeddable":true,"href":"https:\/\/tvbrazilusa.com\/pt\/wp-json\/wp\/v2\/users\/1"}],"replies":[{"embeddable":true,"href":"https:\/\/tvbrazilusa.com\/pt\/wp-json\/wp\/v2\/comments?post=84808"}],"version-history":[{"count":1,"href":"https:\/\/tvbrazilusa.com\/pt\/wp-json\/wp\/v2\/posts\/84808\/revisions"}],"predecessor-version":[{"id":84810,"href":"https:\/\/tvbrazilusa.com\/pt\/wp-json\/wp\/v2\/posts\/84808\/revisions\/84810"}],"wp:featuredmedia":[{"embeddable":true,"href":"https:\/\/tvbrazilusa.com\/pt\/wp-json\/wp\/v2\/media\/84809"}],"wp:attachment":[{"href":"https:\/\/tvbrazilusa.com\/pt\/wp-json\/wp\/v2\/media?parent=84808"}],"wp:term":[{"taxonomy":"category","embeddable":true,"href":"https:\/\/tvbrazilusa.com\/pt\/wp-json\/wp\/v2\/categories?post=84808"},{"taxonomy":"post_tag","embeddable":true,"href":"https:\/\/tvbrazilusa.com\/pt\/wp-json\/wp\/v2\/tags?post=84808"}],"curies":[{"name":"wp","href":"https:\/\/api.w.org\/{rel}","templated":true}]}}