{"id":84814,"date":"2024-12-30T14:29:02","date_gmt":"2024-12-30T14:29:02","guid":{"rendered":"https:\/\/tvbrazilusa.com\/2024\/12\/30\/associacoes-de-esquerda-assinam-carta-em-apoio-ao-reconhecimento-da-vitoria-de-maduro-veja-lista\/"},"modified":"2024-12-30T14:29:03","modified_gmt":"2024-12-30T14:29:03","slug":"associacoes-de-esquerda-assinam-carta-em-apoio-ao-reconhecimento-da-vitoria-de-maduro-veja-lista","status":"publish","type":"post","link":"https:\/\/tvbrazilusa.com\/pt\/2024\/12\/30\/associacoes-de-esquerda-assinam-carta-em-apoio-ao-reconhecimento-da-vitoria-de-maduro-veja-lista\/","title":{"rendered":"Associa\u00e7\u00f5es de esquerda assinam carta em apoio ao reconhecimento da vit\u00f3ria de Maduro; veja lista"},"content":{"rendered":"<p> <script async src=\"https:\/\/pagead2.googlesyndication.com\/pagead\/js\/adsbygoogle.js?client=ca-pub-8864793242727901\"\r\n     crossorigin=\"anonymous\"><\/script><br \/>\n<\/p>\n<div id=\"taboola-read-more\" style=\"display:block; width:100%\">\n<p>Um grupo de associa\u00e7\u00f5es e organiza\u00e7\u00f5es de orienta\u00e7\u00e3o esquerdista redigiu uma carta endere\u00e7ada ao presidente Luiz In\u00e1cio Lula da Silva, solicitando que o governo brasileiro reconhe\u00e7a a alegada vit\u00f3ria de Nicol\u00e1s Maduro nas recentes elei\u00e7\u00f5es venezuelanas.\n<\/p>\n<p>A comunica\u00e7\u00e3o foi direcionada exclusivamente ao presidente e a Celso Amorim, assessor especial respons\u00e1vel pela pol\u00edtica externa do Brasil, deixando de fora o ministro das Rela\u00e7\u00f5es Exteriores, Mauro Vieira.<\/p>\n<p>AR<br \/>Um grupo de associa\u00e7\u00f5es e organiza\u00e7\u00f5es de orienta\u00e7\u00e3o esquerdista redigiu uma carta endere\u00e7ada ao presidente Luiz In\u00e1cio Lula da Silva, solicitando que o governo brasileiro reconhe\u00e7a a alegada vit\u00f3ria de Nicol\u00e1s Maduro nas recentes elei\u00e7\u00f5es venezuelanas.\n<\/p>\n<p>A comunica\u00e7\u00e3o foi direcionada exclusivamente ao presidente e a Celso Amorim, assessor especial respons\u00e1vel pela pol\u00edtica externa do Brasil, deixando de fora o ministro das Rela\u00e7\u00f5es Exteriores, Mauro Vieira.\n<\/p>\n<p>Pr\u00f3ximo v\u00eddeo em 3Cancelar<br \/>No conte\u00fado da carta, os signat\u00e1rios enfatizam a import\u00e2ncia de reconhecer a legitimidade da reelei\u00e7\u00e3o de Maduro, ressaltando os la\u00e7os hist\u00f3ricos de amizade e coopera\u00e7\u00e3o entre Brasil e Venezuela.\n<\/p>\n<p>O documento menciona que a manuten\u00e7\u00e3o de boas rela\u00e7\u00f5es deve ser baseada no respeito m\u00fatuo e na compreens\u00e3o das complexidades internas de cada pa\u00eds, reiterando princ\u00edpios consagrados na Constitui\u00e7\u00e3o Federal e na Carta das Na\u00e7\u00f5es Unidas.\n<\/p>\n<p>A carta tamb\u00e9m destaca a pol\u00edtica externa do governo Lula, que busca fortalecer acordos com pa\u00edses vizinhos, como exemplificado pela renova\u00e7\u00e3o do acordo sobre tarifas da hidrel\u00e9trica de Itaipu com o Paraguai.\n<\/p>\n<p>Segundo os autores da carta, a oposi\u00e7\u00e3o venezuelana representa uma amea\u00e7a \u00e0 estabilidade regional. O texto menciona ainda as preocupa\u00e7\u00f5es sobre a ascens\u00e3o de movimentos extremistas na Venezuela, quando, na verdade, o extremismo pol\u00edtico \u00e9 o pr\u00f3prio regime ditatorial de Maduro.\n<\/p>\n<p>A ditadura venezuelana<br \/>A ditadura venezuelana vem se consolidando como um dos regimes mais cru\u00e9is da hist\u00f3ria da Am\u00e9rica Latina. Pris\u00f5es em massa de opositores pol\u00edticos, dentre os quais menores de idade, torturas, supress\u00e3o de liberdades individuais, amea\u00e7as, terrorismo de Estado \u00e9 o que se verifica no pa\u00eds vizinho.\n<\/p>\n<p>A oposi\u00e7\u00e3o venezuelana j\u00e1 apresentou provas de que saiu vitoriosa do pleito, apesar de toda a estrutura repressiva e fraudulenta do Estado. O presidente escolhido pela maioria do povo venezuelano, como in\u00fameros pa\u00edses j\u00e1 reconheceram, foi o diplomata Edmundo Gonz\u00e1lez.\n<\/p>\n<p>O Antagonista tem denunciado diuturnamente as arbitrariedades do nefasto regime de Nicol\u00e1s Maduro e lamenta que a Associa\u00e7\u00e3o Brasileira de Imprensa tenha assinado a referida carta solicitando apoio do Brasil para a manuten\u00e7\u00e3o de um regime inimigo de todas as liberdades, inclusive a liberdade de imprensa.\n<\/p>\n<p>Abaixo est\u00e3o listadas as organiza\u00e7\u00f5es populares que assinaram a referida carta.\n<\/p>\n<p>Organiza\u00e7\u00f5es populares que assinaram a carta<br \/>Afronte \u2013 Movimento Nacional de Juventude\n<\/p>\n<p>Associa\u00e7\u00e3o Brasileira de Imprensa (ABI), Comiss\u00e3o de Rela\u00e7\u00f5es Internacionais\n<\/p>\n<p>Associa\u00e7\u00e3o Brasileira de Juristas pela Democracia, ABJD\n<\/p>\n<p>Centro Brasileiro de Solidariedade Aos Povos e Luta Pela Paz, CEBRAPAZ\n<\/p>\n<p>Central dos Trabalhadores e Trabalhadoras do Brasil, CTB\n<\/p>\n<p>Confedera\u00e7\u00e3o Nacional das Associa\u00e7\u00f5es de Moradores, CONAM\n<\/p>\n<p>Federa\u00e7\u00e3o \u00c1rabe Palestina do Brasil, FEPAL\n<\/p>\n<p>Instituto Brasil Palestina, IBRASPAL\n<\/p>\n<p>Levante Popular da Juventude\n<\/p>\n<p>Marcha Mundial das Mulheres, MMM\n<\/p>\n<p>Movimento Brasil Popular, MBP\n<\/p>\n<p>Movimento de Trabalhadoras e Trabalhadores por Direitos MTD\n<\/p>\n<p>Movimento dos Trabalhadores Rurais Sem Terra, MST\n<\/p>\n<p>Movimento pela Soberania Popular na Minera\u00e7\u00e3o, MAM\n<\/p>\n<p>Uni\u00e3o Brasileira de Mulheres, UBM\n<\/p>\n<p>Uni\u00e3o Brasileira dos Estudantes Secundaristas, UBES\n<\/p>\n<p>Uni\u00e3o da Juventude Socialista, UJS\n<\/p>\n<p>Uni\u00e3o de Negros pela Igualdade, UNEGRO\n<\/p>\n<p>Uni\u00e3o Nacional LGBT, UNALGBT<\/p>\n<p>Fonte: O antagonista              <\/p>\n<\/div>\n<p><br \/>\n<br \/><a href=\"https:\/\/diariodobrasilnoticias.com.br\/noticia\/associacoes-de-esquerda-assinam-carta-em-apoio-ao-reconhecimento-da-vitoria-de-maduro-veja-lista-6772a3e0eaec9\">Source link <\/a><\/p>","protected":false},"excerpt":{"rendered":"<p>Um grupo de associa\u00e7\u00f5es e organiza\u00e7\u00f5es de orienta\u00e7\u00e3o esquerdista redigiu uma carta endere\u00e7ada ao presidente Luiz In\u00e1cio Lula da Silva, solicitando que o governo brasileiro reconhe\u00e7a a alegada vit\u00f3ria de&hellip;<\/p>","protected":false},"author":1,"featured_media":84815,"comment_status":"closed","ping_status":"open","sticky":false,"template":"","format":"standard","meta":{"content-type":"","footnotes":""},"categories":[16],"tags":[123,2448,5313,1267],"class_list":["post-84814","post","type-post","status-publish","format-standard","has-post-thumbnail","hentry","category-noticias","tag-brasil","tag-diario","tag-noticia","tag-noticias"],"_links":{"self":[{"href":"https:\/\/tvbrazilusa.com\/pt\/wp-json\/wp\/v2\/posts\/84814","targetHints":{"allow":["GET"]}}],"collection":[{"href":"https:\/\/tvbrazilusa.com\/pt\/wp-json\/wp\/v2\/posts"}],"about":[{"href":"https:\/\/tvbrazilusa.com\/pt\/wp-json\/wp\/v2\/types\/post"}],"author":[{"embeddable":true,"href":"https:\/\/tvbrazilusa.com\/pt\/wp-json\/wp\/v2\/users\/1"}],"replies":[{"embeddable":true,"href":"https:\/\/tvbrazilusa.com\/pt\/wp-json\/wp\/v2\/comments?post=84814"}],"version-history":[{"count":1,"href":"https:\/\/tvbrazilusa.com\/pt\/wp-json\/wp\/v2\/posts\/84814\/revisions"}],"predecessor-version":[{"id":84816,"href":"https:\/\/tvbrazilusa.com\/pt\/wp-json\/wp\/v2\/posts\/84814\/revisions\/84816"}],"wp:featuredmedia":[{"embeddable":true,"href":"https:\/\/tvbrazilusa.com\/pt\/wp-json\/wp\/v2\/media\/84815"}],"wp:attachment":[{"href":"https:\/\/tvbrazilusa.com\/pt\/wp-json\/wp\/v2\/media?parent=84814"}],"wp:term":[{"taxonomy":"category","embeddable":true,"href":"https:\/\/tvbrazilusa.com\/pt\/wp-json\/wp\/v2\/categories?post=84814"},{"taxonomy":"post_tag","embeddable":true,"href":"https:\/\/tvbrazilusa.com\/pt\/wp-json\/wp\/v2\/tags?post=84814"}],"curies":[{"name":"wp","href":"https:\/\/api.w.org\/{rel}","templated":true}]}}