{"id":84855,"date":"2024-12-30T15:37:54","date_gmt":"2024-12-30T15:37:54","guid":{"rendered":"https:\/\/tvbrazilusa.com\/2024\/12\/30\/ponte-no-to-corpo-de-vereador-e-achado-em-veiculo-submerso\/"},"modified":"2024-12-30T15:37:57","modified_gmt":"2024-12-30T15:37:57","slug":"ponte-no-to-corpo-de-vereador-e-achado-em-veiculo-submerso","status":"publish","type":"post","link":"https:\/\/tvbrazilusa.com\/pt\/2024\/12\/30\/ponte-no-to-corpo-de-vereador-e-achado-em-veiculo-submerso\/","title":{"rendered":"Ponte no TO: Corpo de vereador \u00e9 achado em ve\u00edculo submerso"},"content":{"rendered":"<p> <script async src=\"https:\/\/pagead2.googlesyndication.com\/pagead\/js\/adsbygoogle.js?client=ca-pub-8864793242727901\"\r\n     crossorigin=\"anonymous\"><\/script><br \/>\n<\/p>\n<div id=\"taboola-read-more\" style=\"display:block; width:100%\">\n<p>O corpo de mais uma v\u00edtima da queda da ponte entre Aguiarn\u00f3polis (TO) e Estreito (MA) foi resgatado neste domingo (29). At\u00e9 o momento, dez pessoas morreram. Outras sete continuam desaparecidas.\n<\/p>\n<p>O tenente coronel do Corpo de Bombeiros do Tocantins, Donaldo Lourinho, confirmou \u00e0 Ag\u00eancia Brasil o resgate do corpo de Ailsson Gomes Carneiro, de 57 anos. Ele era vereador da cidade de Novo Repartimento, no Par\u00e1, e foi retirado de uma caminhonete Triton, encontrada na \u00faltima quinta (26).<\/p>\n<\/p>\n<p>Foto: Arquivo Pessoal<\/p>\n<p>No \u00faltimo s\u00e1bado (28), os mergulhadores j\u00e1 haviam resgatado Elisangela dos Santos Chagas, 50 anos, companheira de Ailsson.\n<\/p>\n<p>As equipes continuam nas tentativas para a retirada de um corpo localizado no interior de um caminh\u00e3o.\n<\/p>\n<p>As condi\u00e7\u00f5es clim\u00e1ticas pioraram nas \u00faltimas horas, pois as chuvas na regi\u00e3o tornam as \u00e1guas do Rio Tocantins mais turvas.\n<\/p>\n<p>A busca por desaparecidos ap\u00f3s a queda da Ponte Juscelino Kubitschek de Oliveira, na BR-226, foi retomada ontem, ap\u00f3s terem sido afastados os riscos de desabamento de novos trechos da estrutura. A ponte desabou no \u00faltimo domingo (22).\n<\/p>\n<p>*Ag\u00eancia Brasil<\/p>\n<p>Fonte: Pleno News              <\/p>\n<\/div>\n<p><br \/>\n<br \/><a href=\"https:\/\/diariodobrasilnoticias.com.br\/noticia\/ponte-no-to-corpo-de-vereador-e-achado-em-veiculo-submerso-67729d987e50b\">Source link <\/a><\/p>","protected":false},"excerpt":{"rendered":"<p>O corpo de mais uma v\u00edtima da queda da ponte entre Aguiarn\u00f3polis (TO) e Estreito (MA) foi resgatado neste domingo (29). At\u00e9 o momento, dez pessoas morreram. Outras sete continuam&hellip;<\/p>","protected":false},"author":1,"featured_media":84856,"comment_status":"closed","ping_status":"open","sticky":false,"template":"","format":"standard","meta":{"content-type":"","footnotes":""},"categories":[16],"tags":[123,2448,5313,1267],"class_list":["post-84855","post","type-post","status-publish","format-standard","has-post-thumbnail","hentry","category-noticias","tag-brasil","tag-diario","tag-noticia","tag-noticias"],"_links":{"self":[{"href":"https:\/\/tvbrazilusa.com\/pt\/wp-json\/wp\/v2\/posts\/84855","targetHints":{"allow":["GET"]}}],"collection":[{"href":"https:\/\/tvbrazilusa.com\/pt\/wp-json\/wp\/v2\/posts"}],"about":[{"href":"https:\/\/tvbrazilusa.com\/pt\/wp-json\/wp\/v2\/types\/post"}],"author":[{"embeddable":true,"href":"https:\/\/tvbrazilusa.com\/pt\/wp-json\/wp\/v2\/users\/1"}],"replies":[{"embeddable":true,"href":"https:\/\/tvbrazilusa.com\/pt\/wp-json\/wp\/v2\/comments?post=84855"}],"version-history":[{"count":1,"href":"https:\/\/tvbrazilusa.com\/pt\/wp-json\/wp\/v2\/posts\/84855\/revisions"}],"predecessor-version":[{"id":84857,"href":"https:\/\/tvbrazilusa.com\/pt\/wp-json\/wp\/v2\/posts\/84855\/revisions\/84857"}],"wp:featuredmedia":[{"embeddable":true,"href":"https:\/\/tvbrazilusa.com\/pt\/wp-json\/wp\/v2\/media\/84856"}],"wp:attachment":[{"href":"https:\/\/tvbrazilusa.com\/pt\/wp-json\/wp\/v2\/media?parent=84855"}],"wp:term":[{"taxonomy":"category","embeddable":true,"href":"https:\/\/tvbrazilusa.com\/pt\/wp-json\/wp\/v2\/categories?post=84855"},{"taxonomy":"post_tag","embeddable":true,"href":"https:\/\/tvbrazilusa.com\/pt\/wp-json\/wp\/v2\/tags?post=84855"}],"curies":[{"name":"wp","href":"https:\/\/api.w.org\/{rel}","templated":true}]}}