{"id":84907,"date":"2024-12-30T16:36:52","date_gmt":"2024-12-30T16:36:52","guid":{"rendered":"https:\/\/tvbrazilusa.com\/2024\/12\/30\/oficial-penitenciario-veterano-acusado-de-agressao-domestica-jacksonville-hoje\/"},"modified":"2024-12-30T16:45:57","modified_gmt":"2024-12-30T16:45:57","slug":"oficial-penitenciario-veterano-acusado-de-agressao-domestica-jacksonville-hoje","status":"publish","type":"post","link":"https:\/\/tvbrazilusa.com\/pt\/2024\/12\/30\/oficial-penitenciario-veterano-acusado-de-agressao-domestica-jacksonville-hoje\/","title":{"rendered":"Oficial penitenci\u00e1rio veterano acusado de agress\u00e3o dom\u00e9stica | Jacksonville hoje"},"content":{"rendered":"<p> <script async src=\"https:\/\/pagead2.googlesyndication.com\/pagead\/js\/adsbygoogle.js?client=ca-pub-8864793242727901\"\r\n     crossorigin=\"anonymous\"><\/script><br \/>\n<\/p>\n<div>\n<p>Um oficial penitenci\u00e1rio veterano foi preso sob acusa\u00e7\u00e3o de agress\u00e3o dom\u00e9stica ap\u00f3s um incidente na quinta-feira, disse o Gabinete do Xerife de Jacksonville.<\/p>\n<p>Sargento Donald Boston, 47, foi autuado pela acusa\u00e7\u00e3o de contraven\u00e7\u00e3o e depois libertado, mostram os registros da pris\u00e3o do condado de Duval.<\/p>\n<p>Boston \u00e9 agente penitenci\u00e1rio de Jacksonville h\u00e1 mais de 17 anos. Ele foi preso depois de agarrar o bra\u00e7o de um membro da fam\u00edlia durante uma discuss\u00e3o, disse o diretor do gabinete do xerife, Joe Cowan. <\/p>\n<p>\u201cQuando Boston agarrou a v\u00edtima, ela se afastou, fazendo com que ca\u00edsse no ch\u00e3o\u201d, disse Cowan. <a href=\"https:\/\/www.facebook.com\/JacksonvilleSheriffsOffice\/videos\/620308010503977\" rel=\"nofollow noopener\" target=\"_blank\">em uma coletiva de imprensa<\/a> Segunda-feira. \u201cA v\u00edtima n\u00e3o ficou ferida. Boston sofreu uma lacera\u00e7\u00e3o no bra\u00e7o. Com base na totalidade das circunst\u00e2ncias, Boston foi preso pelos detetives de integridade por agress\u00e3o dom\u00e9stica.\u201d <\/p>\n<p>Boston foi destitu\u00eddo de sua autoridade e colocado em status administrativo, disse o diretor. Quando o caso criminal de Boston terminar, uma investiga\u00e7\u00e3o interna come\u00e7ar\u00e1 sobre o incidente da semana passada, disse Cowan.<\/p>\n<p>Boston \u00e9 o 14\u00ba funcion\u00e1rio do Gabinete do Xerife preso pela ag\u00eancia este ano. Mais cinco foram presos por outros departamentos de pol\u00edcia.<\/p>\n<p>A \u00faltima pris\u00e3o foi <a href=\"https:\/\/www.facebook.com\/JacksonvilleSheriffsOffice\/videos\/942191407781944\" rel=\"nofollow noopener\" target=\"_blank\">corre\u00e7\u00f5es Tenente Alphonso Waddell<\/a> em 25 de novembro.<\/p>\n<\/div>\n<p><br \/>\n<br \/><a href=\"https:\/\/jaxtoday.org\/2024\/12\/30\/jacksonville-corrections-officer-arrested\/\">Source link <\/a><\/p>","protected":false},"excerpt":{"rendered":"<p>Um oficial penitenci\u00e1rio veterano foi preso sob acusa\u00e7\u00e3o de agress\u00e3o dom\u00e9stica ap\u00f3s um incidente na quinta-feira, disse o Gabinete do Xerife de Jacksonville. Sargento Donald Boston, 47, foi autuado pela&hellip;<\/p>","protected":false},"author":1,"featured_media":84908,"comment_status":"closed","ping_status":"open","sticky":false,"template":"","format":"standard","meta":{"content-type":"","footnotes":""},"categories":[1],"tags":[],"class_list":["post-84907","post","type-post","status-publish","format-standard","has-post-thumbnail","hentry","category-uncategorized"],"_links":{"self":[{"href":"https:\/\/tvbrazilusa.com\/pt\/wp-json\/wp\/v2\/posts\/84907","targetHints":{"allow":["GET"]}}],"collection":[{"href":"https:\/\/tvbrazilusa.com\/pt\/wp-json\/wp\/v2\/posts"}],"about":[{"href":"https:\/\/tvbrazilusa.com\/pt\/wp-json\/wp\/v2\/types\/post"}],"author":[{"embeddable":true,"href":"https:\/\/tvbrazilusa.com\/pt\/wp-json\/wp\/v2\/users\/1"}],"replies":[{"embeddable":true,"href":"https:\/\/tvbrazilusa.com\/pt\/wp-json\/wp\/v2\/comments?post=84907"}],"version-history":[{"count":1,"href":"https:\/\/tvbrazilusa.com\/pt\/wp-json\/wp\/v2\/posts\/84907\/revisions"}],"predecessor-version":[{"id":84909,"href":"https:\/\/tvbrazilusa.com\/pt\/wp-json\/wp\/v2\/posts\/84907\/revisions\/84909"}],"wp:featuredmedia":[{"embeddable":true,"href":"https:\/\/tvbrazilusa.com\/pt\/wp-json\/wp\/v2\/media\/84908"}],"wp:attachment":[{"href":"https:\/\/tvbrazilusa.com\/pt\/wp-json\/wp\/v2\/media?parent=84907"}],"wp:term":[{"taxonomy":"category","embeddable":true,"href":"https:\/\/tvbrazilusa.com\/pt\/wp-json\/wp\/v2\/categories?post=84907"},{"taxonomy":"post_tag","embeddable":true,"href":"https:\/\/tvbrazilusa.com\/pt\/wp-json\/wp\/v2\/tags?post=84907"}],"curies":[{"name":"wp","href":"https:\/\/api.w.org\/{rel}","templated":true}]}}