{"id":84958,"date":"2024-12-30T17:50:21","date_gmt":"2024-12-30T17:50:21","guid":{"rendered":"https:\/\/tvbrazilusa.com\/2024\/12\/30\/decreto-de-lula-favoreceu-ong-responsavel-pelo-janjapalooza\/"},"modified":"2024-12-30T17:50:22","modified_gmt":"2024-12-30T17:50:22","slug":"decreto-de-lula-favoreceu-ong-responsavel-pelo-janjapalooza","status":"publish","type":"post","link":"https:\/\/tvbrazilusa.com\/pt\/2024\/12\/30\/decreto-de-lula-favoreceu-ong-responsavel-pelo-janjapalooza\/","title":{"rendered":"Decreto de Lula favoreceu ONG respons\u00e1vel pelo &#8216;Janjapalooza&#8217;"},"content":{"rendered":"<p> <script async src=\"https:\/\/pagead2.googlesyndication.com\/pagead\/js\/adsbygoogle.js?client=ca-pub-8864793242727901\"\r\n     crossorigin=\"anonymous\"><\/script><br \/>\n<\/p>\n<div id=\"taboola-read-more\" style=\"display:block; width:100%\">\n<p>Em mar\u00e7o, o presidente Luiz In\u00e1cio Lula da Silva assinou um decreto que dobrou a taxa de administra\u00e7\u00e3o para contratos com organismos internacionais, e uma ONG que tem rela\u00e7\u00e3o pr\u00f3xima com a primeira-dama, Janja da Silva, foi beneficiada com a medida. A informa\u00e7\u00e3o consta de reportagem publicada nesta segunda-feira, 30, pelo portal UOL.\n<\/p>\n<p>O decreto aumentou a taxa de administra\u00e7\u00e3o de 5% para at\u00e9 10%, e a entidade beneficiada com a mudan\u00e7a da regra, com rela\u00e7\u00e3o com Janja, \u00e9 a Organiza\u00e7\u00e3o dos Estados Ibero-Americanos para Educa\u00e7\u00e3o, Ci\u00eancia e Cultura (OEI).<\/p>\n<p>A OEI assinou um contrato em setembro para eventos do G20. Em novembro, durante a c\u00fapula no Rio de Janeiro, a OEI executou o projeto, que incluiu um festival de m\u00fasica, apelidado de \u201cJanjapalooza\u201d.\n<\/p>\n<p>O evento, que gerou controv\u00e9rsias devido \u00e0 sua associa\u00e7\u00e3o com Janja, foi oficialmente chamado de Alian\u00e7a Global contra a Fome e a Pobreza.\n<\/p>\n<p>Al\u00e9m disso, a OEI organizou a C\u00fapula Social. O UOL apurou que a Ag\u00eancia Terru\u00e1, que possui o Banco do Brasil entre seus clientes, foi contratada para o festival.\n<\/p>\n<p>Os detalhes financeiros completos do evento ainda n\u00e3o foram divulgados, mas o Minist\u00e9rio da Cultura informou que cada artista contratado recebeu R$ 30 mil, totalizando R$ 870 mil. Patroc\u00ednios de R$ 15 milh\u00f5es cada foram recebidos de Itaipu Binacional e da Prefeitura do Rio de Janeiro.\n<\/p>\n<p>TCU indicou possibilidade de sobrepre\u00e7o de custos<br \/>Desde o in\u00edcio do governo Lula, a OEI recebeu cerca de R$ 146 milh\u00f5es, com R$ 53 milh\u00f5es destinados a parcerias com o Minist\u00e9rio da Educa\u00e7\u00e3o. O decreto de mar\u00e7o ampliou os servi\u00e7os permitidos para organiza\u00e7\u00f5es internacionais, contrariando decis\u00f5es anteriores do Tribunal de Contas da Uni\u00e3o (TCU).\n<\/p>\n<p>O TCU expressou preocupa\u00e7\u00f5es sobre a superestima\u00e7\u00e3o de custos em contratos p\u00fablicos para aumentar a remunera\u00e7\u00e3o das taxas de administra\u00e7\u00e3o. Em abril, a primeira-dama Janja esteve em Madri com Mariano Jabonero, secret\u00e1rio-geral da OEI, discutindo uma rede de inclus\u00e3o e igualdade.\n<\/p>\n<p>A rela\u00e7\u00e3o de Janja com a ONG<br \/>Em novembro, Janja recebeu Leonardo Barchini, ent\u00e3o diretor da OEI no Brasil, para tratar de quest\u00f5es semelhantes. Criada em 1949, a OEI come\u00e7ou a atuar no Brasil em 2004, no primeiro governo de Lula, com foco no fortalecimento de pol\u00edticas p\u00fablicas de educa\u00e7\u00e3o, ci\u00eancia e cultura.\n<\/p>\n<div id=\"hd80s9wa1h892edh8192\" class=\"entry-content break-word select-none\">\n<p>Uma apura\u00e7\u00e3o do UOL, via Lei de Acesso \u00e0 Informa\u00e7\u00e3o, revelou um processo administrativo que envolve outro acordo entre o Minist\u00e9rio da Cultura e a OEI. O or\u00e7amento inicial era de R$ 3,1 milh\u00f5es, com uma taxa de administra\u00e7\u00e3o de 8% (R$ 248 mil). A OEI solicitou um aditivo de R$ 1,3 milh\u00e3o, elevando a taxa para R$ 350 mil, ainda em tr\u00e2mite no minist\u00e9rio.\n<\/p>\n<p>O UOL procurou a Presid\u00eancia da Rep\u00fablica, que encaminhou a demanda ao Minist\u00e9rio da Cultura, mas n\u00e3o obteve resposta. A OEI e Janja tamb\u00e9m n\u00e3o se pronunciaram.\n<\/p>\n<\/div>\n<p>Finte: Revista Oeste<\/p>\n<\/p><\/div>\n<p><br \/>\n<br \/><a href=\"https:\/\/diariodobrasilnoticias.com.br\/noticia\/decreto-de-lula-favoreceu-ong-responsavel-pelo-janjapalooza-6772b4584565a\">Source link <\/a><\/p>","protected":false},"excerpt":{"rendered":"<p>Em mar\u00e7o, o presidente Luiz In\u00e1cio Lula da Silva assinou um decreto que dobrou a taxa de administra\u00e7\u00e3o para contratos com organismos internacionais, e uma ONG que tem rela\u00e7\u00e3o pr\u00f3xima&hellip;<\/p>","protected":false},"author":1,"featured_media":84959,"comment_status":"closed","ping_status":"open","sticky":false,"template":"","format":"standard","meta":{"content-type":"","footnotes":""},"categories":[16],"tags":[123,2448,5313,1267],"class_list":["post-84958","post","type-post","status-publish","format-standard","has-post-thumbnail","hentry","category-noticias","tag-brasil","tag-diario","tag-noticia","tag-noticias"],"_links":{"self":[{"href":"https:\/\/tvbrazilusa.com\/pt\/wp-json\/wp\/v2\/posts\/84958","targetHints":{"allow":["GET"]}}],"collection":[{"href":"https:\/\/tvbrazilusa.com\/pt\/wp-json\/wp\/v2\/posts"}],"about":[{"href":"https:\/\/tvbrazilusa.com\/pt\/wp-json\/wp\/v2\/types\/post"}],"author":[{"embeddable":true,"href":"https:\/\/tvbrazilusa.com\/pt\/wp-json\/wp\/v2\/users\/1"}],"replies":[{"embeddable":true,"href":"https:\/\/tvbrazilusa.com\/pt\/wp-json\/wp\/v2\/comments?post=84958"}],"version-history":[{"count":1,"href":"https:\/\/tvbrazilusa.com\/pt\/wp-json\/wp\/v2\/posts\/84958\/revisions"}],"predecessor-version":[{"id":84960,"href":"https:\/\/tvbrazilusa.com\/pt\/wp-json\/wp\/v2\/posts\/84958\/revisions\/84960"}],"wp:featuredmedia":[{"embeddable":true,"href":"https:\/\/tvbrazilusa.com\/pt\/wp-json\/wp\/v2\/media\/84959"}],"wp:attachment":[{"href":"https:\/\/tvbrazilusa.com\/pt\/wp-json\/wp\/v2\/media?parent=84958"}],"wp:term":[{"taxonomy":"category","embeddable":true,"href":"https:\/\/tvbrazilusa.com\/pt\/wp-json\/wp\/v2\/categories?post=84958"},{"taxonomy":"post_tag","embeddable":true,"href":"https:\/\/tvbrazilusa.com\/pt\/wp-json\/wp\/v2\/tags?post=84958"}],"curies":[{"name":"wp","href":"https:\/\/api.w.org\/{rel}","templated":true}]}}