{"id":84961,"date":"2024-12-30T17:46:38","date_gmt":"2024-12-30T17:46:38","guid":{"rendered":"https:\/\/tvbrazilusa.com\/2024\/12\/30\/os-patriots-colocarao-drake-maye-como-a-escolha-numero-1-em-jogo-jerod-mayo-disse-que-e-em-consideracao\/"},"modified":"2024-12-30T17:56:29","modified_gmt":"2024-12-30T17:56:29","slug":"os-patriots-colocarao-drake-maye-como-a-escolha-numero-1-em-jogo-jerod-mayo-disse-que-e-em-consideracao","status":"publish","type":"post","link":"https:\/\/tvbrazilusa.com\/pt\/2024\/12\/30\/os-patriots-colocarao-drake-maye-como-a-escolha-numero-1-em-jogo-jerod-mayo-disse-que-e-em-consideracao\/","title":{"rendered":"Os Patriots colocar\u00e3o Drake Maye como a escolha n\u00famero 1 em jogo? Jerod Mayo disse que \u00e9 &#8217;em considera\u00e7\u00e3o&#8217;"},"content":{"rendered":"<p> <script async src=\"https:\/\/pagead2.googlesyndication.com\/pagead\/js\/adsbygoogle.js?client=ca-pub-8864793242727901\"\r\n     crossorigin=\"anonymous\"><\/script><br \/>\n<\/p>\n<div id=\"\">\n<header class=\"m-article-header m-article-header--standard\">\n\t\t\t\t\t\t\t\t\t\t\t\t<span id=\"article-header-primary-term\"><br \/>\n\t\t\t\t\t\t\t\t<a class=\"a-term a-term--primary\" href=\"https:\/\/www.boston.com\/tag\/new-england-patriots\/\"><\/p>\n<p>\t\t\t\t\t\t\t\tPatriotas\t\t\t\t\t\t\t\t<\/a><br \/>\n\t\t\t\t\t\t\t<\/span><\/p>\n<h2 class=\"m-article-header__sub-headline\">O jogo de domingo pode decidir quem fica com a escolha n\u00famero 1. Maye levou uma pancada na cabe\u00e7a na semana passada. Vale a pena jogar com ele?<\/h2>\n<figure class=\"a-photo m-article-header__photo\"><figcaption class=\"a-photo__caption\">\n<p>\tDrake Maye<em> AP Foto\/Robert F. Bukaty<\/em>\t<\/figcaption><\/figure>\n<\/header>\n<div class=\"m-block t-amp__list-container m-article-list-container m-article-list-container--frame-border a-border-frame  a-list-header__headline--red m-article-list--alternative--default  m-article-list--floated\">\n<ul class=\"t-amp__list a-list--no-style m-article-list m-article-list--recirculation m-article-list--has-images\">\n<li class=\"m-article-list__item m-article-list__item--featured\">\n\t\t\t<a class=\"m-article-list__link-wrapper\" href=\"https:\/\/www.boston.com\/sports\/new-england-patriots\/2024\/12\/30\/jerod-mayo-drake-maye-patriots-deserve-a-second-year\/?p1=article_recirc_inline_feature\" data-p1=\"article_recirc_inline_feature\"><br \/>\n\t\t\t\t<img fetchpriority=\"high\" decoding=\"async\" width=\"768\" height=\"432\" src=\"https:\/\/bdc2020.o0bc.com\/wp-content\/uploads\/2024\/12\/HEAN67F2PABL3S2DYD4RPWXED4-67711ff828dd1-768x432.jpg\" class=\"t-amp__list-image m-article-list__image m-article-list__image--full wp-post-image\" alt=\"Jerod Mayo Drake Maye Patriotas\" aria-hidden=\"true\" srcset=\"https:\/\/bdc2020.o0bc.com\/wp-content\/uploads\/2024\/12\/HEAN67F2PABL3S2DYD4RPWXED4-67711ff828dd1-768x432.jpg?width=200 200w, https:\/\/bdc2020.o0bc.com\/wp-content\/uploads\/2024\/12\/HEAN67F2PABL3S2DYD4RPWXED4-67711ff828dd1-768x432.jpg?width=300 300w, https:\/\/bdc2020.o0bc.com\/wp-content\/uploads\/2024\/12\/HEAN67F2PABL3S2DYD4RPWXED4-67711ff828dd1-768x432.jpg?width=400 400w, https:\/\/bdc2020.o0bc.com\/wp-content\/uploads\/2024\/12\/HEAN67F2PABL3S2DYD4RPWXED4-67711ff828dd1-768x432.jpg?width=500 500w, https:\/\/bdc2020.o0bc.com\/wp-content\/uploads\/2024\/12\/HEAN67F2PABL3S2DYD4RPWXED4-67711ff828dd1-768x432.jpg?width=600 600w, https:\/\/bdc2020.o0bc.com\/wp-content\/uploads\/2024\/12\/HEAN67F2PABL3S2DYD4RPWXED4-67711ff828dd1-768x432.jpg?width=700 700w, https:\/\/bdc2020.o0bc.com\/wp-content\/uploads\/2024\/12\/HEAN67F2PABL3S2DYD4RPWXED4-67711ff828dd1-768x432.jpg?width=800 800w, https:\/\/bdc2020.o0bc.com\/wp-content\/uploads\/2024\/12\/HEAN67F2PABL3S2DYD4RPWXED4-67711ff828dd1-768x432.jpg?width=900 900w\" sizes=\"(max-width: 768px) 100vw, 768px\"\/>\t\t\t\t\t<\/p>\n<p><h4 class=\"m-article-list__headline t-amp__list-headline\">\n\t\t\t\t\t\t\t<span class=\"m-article-list__link a-link a-link--inline a-link--text-link a-link--text-link-dark\"><\/p>\n<p>\t\t\t\t\t\t\tDepois de deixar Drake Maye no jogo, talvez o t\u00e9cnico do Patriots, Jerod Mayo, n\u00e3o mere\u00e7a um segundo ano\t\t\t\t\t\t\t<\/span><br \/>\n\t\t\t\t\t\t<\/h4>\n<\/p>\n<p>\t\t\t\t<\/a>\n\t\t\t<\/li>\n<li class=\"m-article-list__item\">\n\t\t\t\t\t<a class=\"m-article-list__link-wrapper\" href=\"https:\/\/www.boston.com\/sports\/morning-sports-update\/2024\/12\/30\/jerod-mayo-patriots-job-status-kraft-ownership\/?p1=article_recirc_inline_feed\" data-p1=\"article_recirc_inline_feed\"><\/p>\n<p><h4 class=\"m-article-list__headline\">\n\t\t\t\t\t\t\t\t\t<span class=\"m-article-list__link a-link a-link--inline a-link--text-link a-link--text-link-dark\"><\/p>\n<p>\t\t\t\t\t\t\t\t\tJerod Mayo foi questionado sobre seu futuro com os Patriots\t\t\t\t\t\t\t\t\t<\/span><br \/>\n\t\t\t\t\t\t\t\t<\/h4>\n<\/p>\n<p>\t\t\t\t\t\t<\/a>\n\t\t\t\t\t<\/li>\n<\/ul>\n<\/div>\n<p>Faltando um jogo para o fim da temporada, o <a href=\"https:\/\/www.boston.com\/tag\/new-england-patriots\/\">Patriotas<\/a> controlar seu pr\u00f3prio destino de ordem de rascunho. Uma derrota contra os Bills no domingo seria <a href=\"https:\/\/www.boston.com\/sports\/new-england-patriots\/2024\/12\/29\/new-england-patriots-nfl-draft-no-1-pick-first-giants-titans\/?p1=hp_primary\">conquistar a escolha geral n\u00famero 1 no Draft de 2025 da NFL.<\/a><\/p>\n<p>Al\u00e9m disso, o quarterback Drake Maye levou uma pancada na cabe\u00e7a no s\u00e1bado <a href=\"https:\/\/www.boston.com\/sports\/new-england-patriots\/2024\/12\/28\/patriots-chargers-game-updates-live-blog\">40-7<\/a> derrota para os Chargers que o tirou brevemente do jogo. Ele disse aos rep\u00f3rteres depois do jogo que <a href=\"https:\/\/www.boston.com\/sports\/new-england-patriots\/2024\/12\/28\/patriots-drake-maye-head-injury-hit-chargers-update\/\">me senti bem apesar de ter tocado a campainha<\/a>. O t\u00e9cnico Jerod Mayo disse na segunda-feira que n\u00e3o est\u00e1 no protocolo de concuss\u00e3o.<\/p>\n<p>Com isso dito, h\u00e1 uma chance de que os Patriots ainda queiram ser extremamente cuidadosos com seu promissor quarterback novato. <\/p>\n<p>  Mayo disse que a ideia de sentar Maye no jogo de domingo contra o Buffalo n\u00e3o est\u00e1 fora de quest\u00e3o. <\/p>\n<p>\u201cEu diria que agora tudo est\u00e1 sendo levado em considera\u00e7\u00e3o e veremos como ser\u00e1 a semana\u201d, disse Mayo. <\/p>\n<p>A sa\u00fade de Maye e o desempenho dos Patriots no draft s\u00e3o dois dos maiores fatores que determinar\u00e3o o sucesso da franquia nos pr\u00f3ximos anos. Assentar Maye no domingo n\u00e3o apenas garantiria que ele n\u00e3o sofreria uma les\u00e3o em um jogo sem sentido, mas tamb\u00e9m daria aos Patriots uma chance melhor de perder o jogo. <\/p>\n<p>Ainda assim, colocar um quarterback titular saud\u00e1vel o suficiente para jogar pode ser visto por alguns como uma jogada idiota, e tankar \u00e9 geralmente desaprovado.<\/p>\n<p>\u201cMinha expectativa \u00e9 que se os caras estiverem saud\u00e1veis, ent\u00e3o eles estar\u00e3o prontos para ir l\u00e1 e jogar\u201d, disse Mayo. \u201cMais uma vez, teremos que ver como vai a semana. Eu entendo a pergunta. A galera est\u00e1 trabalhando muito e precisamos jogar futebol.\u201d<\/p>\n<p>Os Patriots t\u00eam Jacoby Brissett, que come\u00e7ou o ano como titular, dispon\u00edvel caso decidam n\u00e3o jogar contra Maye. Brissett fez duas tentativas de passe, completando uma, enquanto Maye estava fora no s\u00e1bado. <\/p>\n<p>Eles tamb\u00e9m poderiam recorrer a um colega novato e ao terceiro quarterback de emerg\u00eancia<a href=\"https:\/\/www.espn.com\/nfl\/player\/_\/id\/4360698\/joe-milton-iii\"> Joe Milton III.<\/a> O quarterback de 1,80 metro e 245 libras tem um canh\u00e3o no bra\u00e7o, e esta pode ser uma oportunidade de lhe dar alguma experi\u00eancia de jogo em um cen\u00e1rio de apostas baixas. Mayo disse que n\u00e3o descartou interpretar Milton. <\/p>\n<p>\u201c\u00c9 absolutamente uma possibilidade\u201d, disse Mayo. \u201cMas, como eu disse antes, todas as coisas ainda est\u00e3o sob considera\u00e7\u00e3o.\u201d <\/p>\n<p>A Nova Inglaterra est\u00e1 chegando ao fim de uma temporada longa e dif\u00edcil. Mayo foi convidado a refletir sobre suas maiores realiza\u00e7\u00f5es como treinador principal no primeiro ano.<\/p>\n<p> \u201cDirei apenas que sou capaz de resistir \u00e0 tempestade\u201d, disse Mayo. \u201cParece que j\u00e1 estamos na tempestade h\u00e1 muito tempo. Acho que os jogadores como um todo, eu diria que trabalharam todos os dias durante uma temporada dif\u00edcil. \u201c<\/p>\n<p>\u201cAcho que essa foi uma grande pe\u00e7a do quebra-cabe\u00e7a\u201d, acrescentou. \u201cEspero que possamos continuar com isso daqui para frente. Tivemos oito jogos de um placar este ano. N\u00f3s simplesmente precisamos, honestamente, vencer esses jogos. Isso \u00e9 o que a NFL \u00e9. Esse ser\u00e1 o objetivo daqui para frente.\u201d<\/p>\n<div class=\"o-author-single has-avatar\">\n<header class=\"m-author-card\">\n<div class=\"a-image a-image--square m-author-card__image\">\n\t\t<img decoding=\"async\" class=\"\" src=\"https:\/\/www.boston.com\/wp-content\/uploads\/2024\/10\/cropped-Screen-Shot-2024-01-26-at-4.59.30-PM-6706db53ae1d7-6706dcbabfba0-242x242.png\" alt=\"Imagem do perfil de Khari A. Thompson\"\/>\t<\/div>\n<div class=\"m-author-card__text\">\n<h3 class=\"m-author-card__title\"><a href=\"https:\/\/www.boston.com\/author\/kharia-thompson\">Khari A. Thompson<\/a><\/h3>\n<p><span class=\"m-author-card__subtitle\">Rep\u00f3rter Esportivo<\/span>\t<\/div>\n<\/header>\n<section class=\"author-info\">\n<div class=\"m-author__section\">\n<p>Khari Thompson cobre esportes profissionais para Boston.com. Antes de ingressar no time em 2022, Khari cobriu futebol universit\u00e1rio para o The Clarion Ledger em Jackson, Mississipi.<\/p>\n<\/div>\n<\/section>\n<\/div>\n<div class=\"m-block m-generic-cta\t m-generic-cta--post-content\t m-generic-cta--dark\t m-generic-cta--homepage\t m-generic-cta--email-signup\t\t m-generic-cta-block-style--default \tt-amp__generic-cta\"><\/p>\n<div class=\"m-generic-cta__wrap\">\n<div class=\"m-generic-cta__content\">\n<h3 class=\"m-generic-cta__title\">Inscreva-se para receber atualiza\u00e7\u00f5es do Patriots\ud83c\udfc8<\/h3>\n<p class=\"m-generic-cta__subtitle\">Receba as \u00faltimas not\u00edcias e an\u00e1lises em sua caixa de entrada durante a temporada de futebol.<\/p>\n<\/p><\/div>\n<\/p><\/div>\n<\/div><\/div>\n<p><script>\n\t\tvar consent=\"grant\";\n\t\t\/* The above code is parsing the JSON data from the local storage and storing it in a variable. *\/\n\t\t\t\t\tconst onetrustStorageConsent = JSON.parse(localStorage.getItem( 'consent_one_trust_bdc' ) );\n\t\t\tif ( ( onetrustStorageConsent !== null ) ) {\n\t\t\t\t\/* Checking to see if the user has consented to the use of cookies.\n\t\t\t\t* If they have not, it is deleting the cookie.\n\t\t\t\t* This will comment for now, until further notice.\n\t\t\t\t*\/\n\t\t\t\t\/\/if ( onetrustStorageConsent.C0002 === false ) {\n\t\t\t\t\/\/\tdocument.cookie=\"_fbp=;expires=Thu, 01 Jan 2010 00:00:00 UTC; path=\/; domain=.boston.com\";\n\t\t\t\t\/\/}\n\t\t\t\t\/* Checking if the user has given consent for the cookie C0002.\n\t\t\t\t* If the user has given consent, the variable consent will be set to 'grant'.\n\t\t\t\t* If the user has not given consent,the variable consent will be set to 'revoke'.\n\t\t\t\t* Documentation https:\/\/developers.facebook.com\/docs\/meta-pixel\/implementation\/gdpr\n\t\t\t\t*\/\n\t\t\t\tif ( onetrustStorageConsent.C0002 !== true ) {\n\t\t\t\t\tconsent=\"revoke\";\n\t\t\t\t}\n\t\t\t}\n\t\t\t\t!function(f,b,e,v,n,t,s)\n\t\t{if(f.fbq)return;n=f.fbq=function(){n.callMethod?\n\t\tn.callMethod.apply(n,arguments):n.queue.push(arguments)};\n\t\tif(!f._fbq)f._fbq=n;n.push=n;n.loaded=!0;n.version='2.0';\n\t\tn.queue=[];t=b.createElement(e);t.async=!0;\n\t\tt.src=v;s=b.getElementsByTagName(e)[0];\n\t\ts.parentNode.insertBefore(t,s)}(window, document,'script',\n\t\t'https:\/\/connect.facebook.net\/en_US\/fbevents.js');\n\t\tfbq('consent', consent);\n\t\tfbq('init', '989222871864976');\n\t\tfbq('track', 'PageView');\n\t<\/script><script type=\"module\">\n\t\tvar consent=\"grant\";\n\t\t\/* The above code is parsing the JSON data from the local storage and storing it in a variable. *\/\n\t\t\tconst onetrustStorageConsent = JSON.parse(localStorage.getItem( 'consent_one_trust_bdc' ) );\n\t\t\t\/* Checking to see if the user has consented to the use of cookies.\n\t\t\t* If they have not, it is deleting the cookie.\n\t\t\t* This will comment for now, until further notice.\n\t\t\t*\/\n\t\t\t\/\/if ( onetrustStorageConsent.C0002 === false ) {\n\t\t\t\/\/\tdocument.cookie=\"_fbp=;expires=Thu, 01 Jan 2010 00:00:00 UTC; path=\/; domain=.boston.com\";\n\t\t\t\/\/}\n\t\t\t\/* Checking if the user has given consent for the cookie C0002.\n\t\t\t* If the user has given consent, the variable consent will be set to 'grant'.\n\t\t\t* If the user has not given consent,the variable consent will be set to 'revoke'.\n\t\t\t* Documentation https:\/\/developers.facebook.com\/docs\/meta-pixel\/implementation\/gdpr\n\t\t\t*\/\n\t\t\tif ( ( onetrustStorageConsent !== null ) && (onetrustStorageConsent.C0002 !== true ) ) {\n\t\t\t\tconsent=\"revoke\";\n\t\t\t}\n\t\t\t\t!function(f,b,e,v,n,t,s){if(f.fbq)return;n=f.fbq=function()\n\t\t{n.callMethod? n.callMethod.apply(n,arguments):n.queue.push(arguments)}\n\t\t;if(!f._fbq)f._fbq=n;\n\t\tn.push=n;n.loaded=!0;n.version='2.0';n.queue=[];t=b.createElement(e);t.async=!0;\n\t\tt.src=v;s=b.getElementsByTagName(e)[0];s.parentNode.insertBefore(t,s)}(window,\n\t\tdocument,'script','https:\/\/connect.facebook.net\/en_US\/fbevents.js');\n\t\tfbq('consent', consent);\n\t\tfbq('init', '813236348753005');\n\t\tfbq('track', \"PageView\");\n\t<\/script><br \/>\n<br \/><br \/>\n<br \/><a href=\"https:\/\/www.boston.com\/sports\/new-england-patriots\/2024\/12\/30\/drake-maye-jerod-mayo-season-finale-benched-quotes-comments\/\">Source link <\/a><\/p>","protected":false},"excerpt":{"rendered":"<p>Patriotas O jogo de domingo pode decidir quem fica com a escolha n\u00famero 1. Maye levou uma pancada na cabe\u00e7a na semana passada. Vale a pena jogar com ele? Drake&hellip;<\/p>","protected":false},"author":1,"featured_media":84962,"comment_status":"closed","ping_status":"open","sticky":false,"template":"","format":"standard","meta":{"content-type":"","footnotes":""},"categories":[1],"tags":[],"class_list":["post-84961","post","type-post","status-publish","format-standard","has-post-thumbnail","hentry","category-uncategorized"],"_links":{"self":[{"href":"https:\/\/tvbrazilusa.com\/pt\/wp-json\/wp\/v2\/posts\/84961","targetHints":{"allow":["GET"]}}],"collection":[{"href":"https:\/\/tvbrazilusa.com\/pt\/wp-json\/wp\/v2\/posts"}],"about":[{"href":"https:\/\/tvbrazilusa.com\/pt\/wp-json\/wp\/v2\/types\/post"}],"author":[{"embeddable":true,"href":"https:\/\/tvbrazilusa.com\/pt\/wp-json\/wp\/v2\/users\/1"}],"replies":[{"embeddable":true,"href":"https:\/\/tvbrazilusa.com\/pt\/wp-json\/wp\/v2\/comments?post=84961"}],"version-history":[{"count":1,"href":"https:\/\/tvbrazilusa.com\/pt\/wp-json\/wp\/v2\/posts\/84961\/revisions"}],"predecessor-version":[{"id":84963,"href":"https:\/\/tvbrazilusa.com\/pt\/wp-json\/wp\/v2\/posts\/84961\/revisions\/84963"}],"wp:featuredmedia":[{"embeddable":true,"href":"https:\/\/tvbrazilusa.com\/pt\/wp-json\/wp\/v2\/media\/84962"}],"wp:attachment":[{"href":"https:\/\/tvbrazilusa.com\/pt\/wp-json\/wp\/v2\/media?parent=84961"}],"wp:term":[{"taxonomy":"category","embeddable":true,"href":"https:\/\/tvbrazilusa.com\/pt\/wp-json\/wp\/v2\/categories?post=84961"},{"taxonomy":"post_tag","embeddable":true,"href":"https:\/\/tvbrazilusa.com\/pt\/wp-json\/wp\/v2\/tags?post=84961"}],"curies":[{"name":"wp","href":"https:\/\/api.w.org\/{rel}","templated":true}]}}