{"id":84977,"date":"2024-12-30T18:14:44","date_gmt":"2024-12-30T18:14:44","guid":{"rendered":"https:\/\/tvbrazilusa.com\/2024\/12\/30\/mulher-e-atingida-por-bala-perdida-enquanto-tomava-sol-em-condominio\/"},"modified":"2024-12-30T18:14:45","modified_gmt":"2024-12-30T18:14:45","slug":"mulher-e-atingida-por-bala-perdida-enquanto-tomava-sol-em-condominio","status":"publish","type":"post","link":"https:\/\/tvbrazilusa.com\/pt\/2024\/12\/30\/mulher-e-atingida-por-bala-perdida-enquanto-tomava-sol-em-condominio\/","title":{"rendered":"Mulher \u00e9 atingida por bala perdida enquanto tomava sol em condom\u00ednio"},"content":{"rendered":"<p> <script async src=\"https:\/\/pagead2.googlesyndication.com\/pagead\/js\/adsbygoogle.js?client=ca-pub-8864793242727901\"\r\n     crossorigin=\"anonymous\"><\/script><br \/>\n<\/p>\n<div id=\"taboola-read-more\" style=\"display:block; width:100%\">\n<p>Uma mulher foi atingida de rasp\u00e3o na cabe\u00e7a por uma bala perdida enquanto tomava sol em um condom\u00ednio na Barra da Tijuca, zona oeste do Rio de Janeiro. O caso ocorreu no \u00faltimo domingo (29). Ela foi socorrida pelo Corpo de Bombeiros e levada para o hospital municipal Louren\u00e7o Jorge.\n<\/p>\n<p>A mulher atingida tem 58 anos e \u00e9 moradora de um condom\u00ednio de classe m\u00e9dia localizado na antiga Vila do Pan.<\/p>\n<p>Em nota, a Secretaria Municipal de Sa\u00fade informou que a mulher foi atendida e recebeu alta, o ferimento n\u00e3o apresentou risco de vida. Procurada, a Pol\u00edcia Civil informou que o caso est\u00e1 sendo investigado pela 32\u00aa DP (Taquara).\n<\/p>\n<p>Pr\u00f3ximo dali, um tiroteio assustou clientes que frequentavam um supermercado no Tanque. A ocorr\u00eancia causou a interrup\u00e7\u00e3o do servi\u00e7o do BRT na linha Transcarioca por algumas horas. N\u00e3o houve feridos. Questionada se esse fato teria liga\u00e7\u00e3o com o acontecimento na Vila do Pan, a pol\u00edcia n\u00e3o respondeu.<\/p>\n<p>Fonte: CNN Brasil              <\/p>\n<\/div>\n<p><br \/>\n<br \/><a href=\"https:\/\/diariodobrasilnoticias.com.br\/noticia\/mulher-e-atingida-por-bala-perdida-enquanto-tomava-sol-em-condominio-6772b5cc9c8f2\">Source link <\/a><\/p>","protected":false},"excerpt":{"rendered":"<p>Uma mulher foi atingida de rasp\u00e3o na cabe\u00e7a por uma bala perdida enquanto tomava sol em um condom\u00ednio na Barra da Tijuca, zona oeste do Rio de Janeiro. O caso&hellip;<\/p>","protected":false},"author":1,"featured_media":84978,"comment_status":"closed","ping_status":"open","sticky":false,"template":"","format":"standard","meta":{"content-type":"","footnotes":""},"categories":[16],"tags":[123,2448,5313,1267],"class_list":["post-84977","post","type-post","status-publish","format-standard","has-post-thumbnail","hentry","category-noticias","tag-brasil","tag-diario","tag-noticia","tag-noticias"],"_links":{"self":[{"href":"https:\/\/tvbrazilusa.com\/pt\/wp-json\/wp\/v2\/posts\/84977","targetHints":{"allow":["GET"]}}],"collection":[{"href":"https:\/\/tvbrazilusa.com\/pt\/wp-json\/wp\/v2\/posts"}],"about":[{"href":"https:\/\/tvbrazilusa.com\/pt\/wp-json\/wp\/v2\/types\/post"}],"author":[{"embeddable":true,"href":"https:\/\/tvbrazilusa.com\/pt\/wp-json\/wp\/v2\/users\/1"}],"replies":[{"embeddable":true,"href":"https:\/\/tvbrazilusa.com\/pt\/wp-json\/wp\/v2\/comments?post=84977"}],"version-history":[{"count":1,"href":"https:\/\/tvbrazilusa.com\/pt\/wp-json\/wp\/v2\/posts\/84977\/revisions"}],"predecessor-version":[{"id":84979,"href":"https:\/\/tvbrazilusa.com\/pt\/wp-json\/wp\/v2\/posts\/84977\/revisions\/84979"}],"wp:featuredmedia":[{"embeddable":true,"href":"https:\/\/tvbrazilusa.com\/pt\/wp-json\/wp\/v2\/media\/84978"}],"wp:attachment":[{"href":"https:\/\/tvbrazilusa.com\/pt\/wp-json\/wp\/v2\/media?parent=84977"}],"wp:term":[{"taxonomy":"category","embeddable":true,"href":"https:\/\/tvbrazilusa.com\/pt\/wp-json\/wp\/v2\/categories?post=84977"},{"taxonomy":"post_tag","embeddable":true,"href":"https:\/\/tvbrazilusa.com\/pt\/wp-json\/wp\/v2\/tags?post=84977"}],"curies":[{"name":"wp","href":"https:\/\/api.w.org\/{rel}","templated":true}]}}