{"id":84995,"date":"2024-12-30T18:45:09","date_gmt":"2024-12-30T18:45:09","guid":{"rendered":"https:\/\/tvbrazilusa.com\/2024\/12\/30\/bc-bolsonaro-city-ganha-destaque-nas-buscas-atrai-turistas-e-planeja-a-maior-queima-de-fogos-do-brasil\/"},"modified":"2024-12-30T18:45:10","modified_gmt":"2024-12-30T18:45:10","slug":"bc-bolsonaro-city-ganha-destaque-nas-buscas-atrai-turistas-e-planeja-a-maior-queima-de-fogos-do-brasil","status":"publish","type":"post","link":"https:\/\/tvbrazilusa.com\/pt\/2024\/12\/30\/bc-bolsonaro-city-ganha-destaque-nas-buscas-atrai-turistas-e-planeja-a-maior-queima-de-fogos-do-brasil\/","title":{"rendered":"BC: \u2018Bolsonaro City\u2019 ganha destaque nas buscas, atrai turistas e planeja a maior queima de fogos do Brasil"},"content":{"rendered":"<p> <script async src=\"https:\/\/pagead2.googlesyndication.com\/pagead\/js\/adsbygoogle.js?client=ca-pub-8864793242727901\"\r\n     crossorigin=\"anonymous\"><\/script><br \/>\n<\/p>\n<div id=\"taboola-read-more\" style=\"display:block; width:100%\">\n<p>Apelidada de \u2018Bolsonaro City\u2019, por ser um reduto totalmente dominado pelo eleitorado de Jair Bolsonaro (PL), e considerada o eixo mais bolsonarista de todo o pa\u00eds, a cidade de Balne\u00e1rio Cambori\u00fa prepara este ano a maior queima de fogos do Brasil, superando at\u00e9 mesmo Copacabana, no Rio de Janeiro.\n<\/p>\n<p>O estado de Santa Catarina \u00e9 h\u00e1 tempos reconhecido como um territ\u00f3rio historicamente antipetista, onde o PT nunca encontrou espa\u00e7o, terreno ou acolhimento pol\u00edtico. A resist\u00eancia ainda mais consolidada ganhou refor\u00e7os em 2016, quando uma onda de apoio a Jair Bolsonaro transformou o estado em um dos principais s\u00edmbolos do bolsonarismo no pa\u00eds.<\/p>\n<p>Com ampla maioria dos votos, Bolsonaro consolidou vit\u00f3rias hist\u00f3ricas na regi\u00e3o, sem sofrer dificuldades ou derrotas. A liga\u00e7\u00e3o de Santa Catarina com a direita \u00e9 ineg\u00e1vel, marcada por um forte patriotismo e uma identidade pol\u00edtica profundamente conservadora. Neste ano, o seu filho, Jair Renan Bolsonaro, do PL, foi o mais votado na cidade nas elei\u00e7\u00f5es municipais.\n<\/p>\n<p>O estado tamb\u00e9m conquistou visibilidade por ser um exemplo de desenvolvimento e sucesso regional e financeiro. Conhecido como \u201co Brasil que deu certo\u201d, Santa Catarina chama aten\u00e7\u00e3o pela riqueza, prosperidade e pela concentra\u00e7\u00e3o de pessoas que veem o trabalho e a independ\u00eancia estatal como pilares de vida. Nos \u00faltimos anos, cidades como Balne\u00e1rio Cambori\u00fa se tornaram vitrines desse cen\u00e1rio, sobretudo por causa dos altos \u00edndices de qualidade de vida e crescimento financeiro.\n<\/p>\n<\/p><\/div>\n<p><br \/>\n<br \/><a href=\"https:\/\/diariodobrasilnoticias.com.br\/noticia\/bc-bolsonaro-city-ganha-destaque-nas-buscas-atrai-turistas-e-planeja-a-maior-queima-de-fogos-do-brasil-6772c85c31fcc\">Source link <\/a><\/p>","protected":false},"excerpt":{"rendered":"<p>Apelidada de \u2018Bolsonaro City\u2019, por ser um reduto totalmente dominado pelo eleitorado de Jair Bolsonaro (PL), e considerada o eixo mais bolsonarista de todo o pa\u00eds, a cidade de Balne\u00e1rio&hellip;<\/p>","protected":false},"author":1,"featured_media":84996,"comment_status":"closed","ping_status":"open","sticky":false,"template":"","format":"standard","meta":{"content-type":"","footnotes":""},"categories":[16],"tags":[123,2448,5313,1267],"class_list":["post-84995","post","type-post","status-publish","format-standard","has-post-thumbnail","hentry","category-noticias","tag-brasil","tag-diario","tag-noticia","tag-noticias"],"_links":{"self":[{"href":"https:\/\/tvbrazilusa.com\/pt\/wp-json\/wp\/v2\/posts\/84995","targetHints":{"allow":["GET"]}}],"collection":[{"href":"https:\/\/tvbrazilusa.com\/pt\/wp-json\/wp\/v2\/posts"}],"about":[{"href":"https:\/\/tvbrazilusa.com\/pt\/wp-json\/wp\/v2\/types\/post"}],"author":[{"embeddable":true,"href":"https:\/\/tvbrazilusa.com\/pt\/wp-json\/wp\/v2\/users\/1"}],"replies":[{"embeddable":true,"href":"https:\/\/tvbrazilusa.com\/pt\/wp-json\/wp\/v2\/comments?post=84995"}],"version-history":[{"count":1,"href":"https:\/\/tvbrazilusa.com\/pt\/wp-json\/wp\/v2\/posts\/84995\/revisions"}],"predecessor-version":[{"id":84997,"href":"https:\/\/tvbrazilusa.com\/pt\/wp-json\/wp\/v2\/posts\/84995\/revisions\/84997"}],"wp:featuredmedia":[{"embeddable":true,"href":"https:\/\/tvbrazilusa.com\/pt\/wp-json\/wp\/v2\/media\/84996"}],"wp:attachment":[{"href":"https:\/\/tvbrazilusa.com\/pt\/wp-json\/wp\/v2\/media?parent=84995"}],"wp:term":[{"taxonomy":"category","embeddable":true,"href":"https:\/\/tvbrazilusa.com\/pt\/wp-json\/wp\/v2\/categories?post=84995"},{"taxonomy":"post_tag","embeddable":true,"href":"https:\/\/tvbrazilusa.com\/pt\/wp-json\/wp\/v2\/tags?post=84995"}],"curies":[{"name":"wp","href":"https:\/\/api.w.org\/{rel}","templated":true}]}}