{"id":85066,"date":"2024-12-30T21:11:05","date_gmt":"2024-12-30T21:11:05","guid":{"rendered":"https:\/\/tvbrazilusa.com\/2024\/12\/30\/recem-nascida-e-abandonada-em-calcada\/"},"modified":"2024-12-30T21:11:06","modified_gmt":"2024-12-30T21:11:06","slug":"recem-nascida-e-abandonada-em-calcada","status":"publish","type":"post","link":"https:\/\/tvbrazilusa.com\/pt\/2024\/12\/30\/recem-nascida-e-abandonada-em-calcada\/","title":{"rendered":"Rec\u00e9m-nascida \u00e9 abandonada em cal\u00e7ada"},"content":{"rendered":"<p> <script async src=\"https:\/\/pagead2.googlesyndication.com\/pagead\/js\/adsbygoogle.js?client=ca-pub-8864793242727901\"\r\n     crossorigin=\"anonymous\"><\/script><br \/>\n<\/p>\n<div id=\"taboola-read-more\" style=\"display:block; width:100%\">\n<p>No \u00faltimo domingo, uma beb\u00ea rec\u00e9m-nascida foi encontrada sozinha em uma cal\u00e7ada em Goi\u00e2nia. Os bombeiros foram solicitados e rapidamente se deslocaram at\u00e9 o local para oferecer assist\u00eancia \u00e0 crian\u00e7a, que aparentava ter apenas alguns dias de vida.\n<\/p>\n<p>Ao chegarem, os bombeiros identificaram que a menina apresentava um hematoma na testa e uma escoria\u00e7\u00e3o no p\u00e9 esquerdo. Sensibilizados pela situa\u00e7\u00e3o, os moradores locais haviam envolvido a crian\u00e7a em cobertores para proteg\u00ea-la do frio enquanto aguardavam a chegada do resgate.<\/p>\n<p><strong>Como a Crian\u00e7a Foi Amparada Antes do Resgate?<\/strong>\n<\/p>\n<p>AR<br \/>No \u00faltimo domingo, uma beb\u00ea rec\u00e9m-nascida foi encontrada sozinha em uma cal\u00e7ada em Goi\u00e2nia. Os bombeiros foram solicitados e rapidamente se deslocaram at\u00e9 o local para oferecer assist\u00eancia \u00e0 crian\u00e7a, que aparentava ter apenas alguns dias de vida.\n<\/p>\n<p>Ao chegarem, os bombeiros identificaram que a menina apresentava um hematoma na testa e uma escoria\u00e7\u00e3o no p\u00e9 esquerdo. Sensibilizados pela situa\u00e7\u00e3o, os moradores locais haviam envolvido a crian\u00e7a em cobertores para proteg\u00ea-la do frio enquanto aguardavam a chegada do resgate.\n<\/p>\n<p>Como a Crian\u00e7a Foi Amparada Antes do Resgate?<br \/>At\u00e9 a chegada das equipes de resgate, uma moradora da regi\u00e3o, que tamb\u00e9m tem um beb\u00ea, amamentou a rec\u00e9m-nascida. Esta a\u00e7\u00e3o foi essencial para prestar os primeiros socorros \u00e0 crian\u00e7a, que n\u00e3o tinha qualquer identifica\u00e7\u00e3o consigo.\n<\/p>\n<p>Os bombeiros, ao chegar, verificaram os sinais vitais da beb\u00ea e realizaram a limpeza dos ferimentos. Esses primeiros atendimentos garantiram a estabilidade inicial da rec\u00e9m-nascida antes de ser levada a um hospital para cuidados mais detalhados.\n<\/p>\n<p>Quais Foram os Pr\u00f3ximos Passos Ap\u00f3s o Resgate?<br \/>Ap\u00f3s o resgate inicial, a beb\u00ea foi transportada para a Maternidade Municipal de Aparecida de Goi\u00e2nia. Nesta unidade de sa\u00fade, a menina passou por uma avalia\u00e7\u00e3o m\u00e9dica completa. Ela permanece sob vigil\u00e2ncia constante dos profissionais de sa\u00fade, que seguem monitorando seu estado geral.\n<\/p>\n<p>As autoridades locais foram acionadas para investigar o caso e tentar localizar os respons\u00e1veis pelo abandono. O bem-estar da beb\u00ea e sua identifica\u00e7\u00e3o s\u00e3o priorit\u00e1rios nas investiga\u00e7\u00f5es em curso.\n<\/p>\n<p>O Papel da Comunidade em Situa\u00e7\u00f5es de Emerg\u00eancia<br \/>A colabora\u00e7\u00e3o da comunidade foi fundamental no resgate da beb\u00ea, demonstrando o impacto da solidariedade em situa\u00e7\u00f5es de emerg\u00eancia. Ao envolverem a crian\u00e7a em mantas e oferecerem alimenta\u00e7\u00e3o, os moradores de Goi\u00e2nia mostraram um forte senso de uni\u00e3o e compaix\u00e3o.\n<\/p>\n<p>Casos como este destacam a import\u00e2ncia de a\u00e7\u00f5es r\u00e1pidas e coordenadas por parte tanto dos cidad\u00e3os quanto das autoridades, para assegurar a seguran\u00e7a e bem-estar de crian\u00e7as em situa\u00e7\u00f5es vulner\u00e1veis.\n<\/p>\n<p>Quais Medidas Podem Ser Adotadas para Prevenir Abandonos?<br \/>A preven\u00e7\u00e3o do abandono de rec\u00e9m-nascidos necessita de a\u00e7\u00f5es integradas entre governo e sociedade. Campanhas de conscientiza\u00e7\u00e3o sobre os direitos das crian\u00e7as e a promo\u00e7\u00e3o de servi\u00e7os de apoio \u00e0 maternidade s\u00e3o passos importantes.\n<\/p>\n<p>Fortalecimento de redes de apoio a gestantes em situa\u00e7\u00e3o de vulnerabilidade.<br \/>Promo\u00e7\u00e3o de programas que ofere\u00e7am suporte psicol\u00f3gico e material \u00e0s m\u00e3es.<br \/>Ado\u00e7\u00e3o de pol\u00edticas p\u00fablicas para facilitar a entrega de beb\u00eas em locais seguros e legais sem a\u00e7\u00f5es punitivas.<br \/>Essas medidas, aliadas a uma maior sensibiliza\u00e7\u00e3o da sociedade, podem colaborar para a diminui\u00e7\u00e3o de casos de abandono, assegurando que todas as crian\u00e7as tenham o direito a um in\u00edcio de vida seguro e protegido.\n<\/p>\n<p>Fonte: O Antagonista              <\/p>\n<\/div>\n<p><br \/>\n<br \/><a href=\"https:\/\/diariodobrasilnoticias.com.br\/noticia\/recem-nascida-e-abandonada-em-calcada-6772e758bc754\">Source link <\/a><\/p>","protected":false},"excerpt":{"rendered":"<p>No \u00faltimo domingo, uma beb\u00ea rec\u00e9m-nascida foi encontrada sozinha em uma cal\u00e7ada em Goi\u00e2nia. Os bombeiros foram solicitados e rapidamente se deslocaram at\u00e9 o local para oferecer assist\u00eancia \u00e0 crian\u00e7a,&hellip;<\/p>","protected":false},"author":1,"featured_media":85067,"comment_status":"closed","ping_status":"open","sticky":false,"template":"","format":"standard","meta":{"content-type":"","footnotes":""},"categories":[16],"tags":[123,2448,5313,1267],"class_list":["post-85066","post","type-post","status-publish","format-standard","has-post-thumbnail","hentry","category-noticias","tag-brasil","tag-diario","tag-noticia","tag-noticias"],"_links":{"self":[{"href":"https:\/\/tvbrazilusa.com\/pt\/wp-json\/wp\/v2\/posts\/85066","targetHints":{"allow":["GET"]}}],"collection":[{"href":"https:\/\/tvbrazilusa.com\/pt\/wp-json\/wp\/v2\/posts"}],"about":[{"href":"https:\/\/tvbrazilusa.com\/pt\/wp-json\/wp\/v2\/types\/post"}],"author":[{"embeddable":true,"href":"https:\/\/tvbrazilusa.com\/pt\/wp-json\/wp\/v2\/users\/1"}],"replies":[{"embeddable":true,"href":"https:\/\/tvbrazilusa.com\/pt\/wp-json\/wp\/v2\/comments?post=85066"}],"version-history":[{"count":1,"href":"https:\/\/tvbrazilusa.com\/pt\/wp-json\/wp\/v2\/posts\/85066\/revisions"}],"predecessor-version":[{"id":85068,"href":"https:\/\/tvbrazilusa.com\/pt\/wp-json\/wp\/v2\/posts\/85066\/revisions\/85068"}],"wp:featuredmedia":[{"embeddable":true,"href":"https:\/\/tvbrazilusa.com\/pt\/wp-json\/wp\/v2\/media\/85067"}],"wp:attachment":[{"href":"https:\/\/tvbrazilusa.com\/pt\/wp-json\/wp\/v2\/media?parent=85066"}],"wp:term":[{"taxonomy":"category","embeddable":true,"href":"https:\/\/tvbrazilusa.com\/pt\/wp-json\/wp\/v2\/categories?post=85066"},{"taxonomy":"post_tag","embeddable":true,"href":"https:\/\/tvbrazilusa.com\/pt\/wp-json\/wp\/v2\/tags?post=85066"}],"curies":[{"name":"wp","href":"https:\/\/api.w.org\/{rel}","templated":true}]}}