{"id":85096,"date":"2024-12-30T22:04:48","date_gmt":"2024-12-30T22:04:48","guid":{"rendered":"https:\/\/tvbrazilusa.com\/2024\/12\/30\/passageira-abre-a-porta-de-emergencia-e-senta-na-asa-do-aviao-veja-video\/"},"modified":"2024-12-30T22:04:49","modified_gmt":"2024-12-30T22:04:49","slug":"passageira-abre-a-porta-de-emergencia-e-senta-na-asa-do-aviao-veja-video","status":"publish","type":"post","link":"https:\/\/tvbrazilusa.com\/pt\/2024\/12\/30\/passageira-abre-a-porta-de-emergencia-e-senta-na-asa-do-aviao-veja-video\/","title":{"rendered":"Passageira abre a porta de emerg\u00eancia e senta na asa do avi\u00e3o; VEJA V\u00cdDEO"},"content":{"rendered":"<p> <script async src=\"https:\/\/pagead2.googlesyndication.com\/pagead\/js\/adsbygoogle.js?client=ca-pub-8864793242727901\"\r\n     crossorigin=\"anonymous\"><\/script><br \/>\n<\/p>\n<div id=\"taboola-read-more\" style=\"display:block; width:100%\">\n<p>Uma passageira abriu a porta de emerg\u00eancia do avi\u00e3o ap\u00f3s o pouso e caminhou pela asa da aeronave no aeroporto de Seattle, nos Estados Unidos. A mulher ficou sentada por cerca de 3 minutos at\u00e9 receber ajuda para descer em seguran\u00e7a.\n<\/p>\n<p><strong>ASSISTA:<\/strong><\/p>\n<p>Fonte: @bandjornalismo              <\/p>\n<\/div>\n<p><br \/>\n<br \/><a href=\"https:\/\/diariodobrasilnoticias.com.br\/noticia\/passageira-abre-a-porta-de-emergencia-e-senta-na-asa-do-aviao-veja-video-6772fb11934c4\">Source link <\/a><\/p>","protected":false},"excerpt":{"rendered":"<p>Uma passageira abriu a porta de emerg\u00eancia do avi\u00e3o ap\u00f3s o pouso e caminhou pela asa da aeronave no aeroporto de Seattle, nos Estados Unidos. A mulher ficou sentada por&hellip;<\/p>","protected":false},"author":1,"featured_media":85097,"comment_status":"closed","ping_status":"open","sticky":false,"template":"","format":"standard","meta":{"content-type":"","footnotes":""},"categories":[16],"tags":[123,2448,5313,1267],"class_list":["post-85096","post","type-post","status-publish","format-standard","has-post-thumbnail","hentry","category-noticias","tag-brasil","tag-diario","tag-noticia","tag-noticias"],"_links":{"self":[{"href":"https:\/\/tvbrazilusa.com\/pt\/wp-json\/wp\/v2\/posts\/85096","targetHints":{"allow":["GET"]}}],"collection":[{"href":"https:\/\/tvbrazilusa.com\/pt\/wp-json\/wp\/v2\/posts"}],"about":[{"href":"https:\/\/tvbrazilusa.com\/pt\/wp-json\/wp\/v2\/types\/post"}],"author":[{"embeddable":true,"href":"https:\/\/tvbrazilusa.com\/pt\/wp-json\/wp\/v2\/users\/1"}],"replies":[{"embeddable":true,"href":"https:\/\/tvbrazilusa.com\/pt\/wp-json\/wp\/v2\/comments?post=85096"}],"version-history":[{"count":1,"href":"https:\/\/tvbrazilusa.com\/pt\/wp-json\/wp\/v2\/posts\/85096\/revisions"}],"predecessor-version":[{"id":85098,"href":"https:\/\/tvbrazilusa.com\/pt\/wp-json\/wp\/v2\/posts\/85096\/revisions\/85098"}],"wp:featuredmedia":[{"embeddable":true,"href":"https:\/\/tvbrazilusa.com\/pt\/wp-json\/wp\/v2\/media\/85097"}],"wp:attachment":[{"href":"https:\/\/tvbrazilusa.com\/pt\/wp-json\/wp\/v2\/media?parent=85096"}],"wp:term":[{"taxonomy":"category","embeddable":true,"href":"https:\/\/tvbrazilusa.com\/pt\/wp-json\/wp\/v2\/categories?post=85096"},{"taxonomy":"post_tag","embeddable":true,"href":"https:\/\/tvbrazilusa.com\/pt\/wp-json\/wp\/v2\/tags?post=85096"}],"curies":[{"name":"wp","href":"https:\/\/api.w.org\/{rel}","templated":true}]}}