{"id":85105,"date":"2024-12-30T22:16:36","date_gmt":"2024-12-30T22:16:36","guid":{"rendered":"https:\/\/tvbrazilusa.com\/2024\/12\/30\/governo-lula-2024-encerra-com-recordes-negativos\/"},"modified":"2024-12-30T22:16:37","modified_gmt":"2024-12-30T22:16:37","slug":"governo-lula-2024-encerra-com-recordes-negativos","status":"publish","type":"post","link":"https:\/\/tvbrazilusa.com\/pt\/2024\/12\/30\/governo-lula-2024-encerra-com-recordes-negativos\/","title":{"rendered":"Governo Lula: 2024 encerra com recordes negativos"},"content":{"rendered":"<p> <script async src=\"https:\/\/pagead2.googlesyndication.com\/pagead\/js\/adsbygoogle.js?client=ca-pub-8864793242727901\"\r\n     crossorigin=\"anonymous\"><\/script><br \/>\n<\/p>\n<div id=\"taboola-read-more\" style=\"display:block; width:100%\">\n<p>O segundo ano do terceiro mandato do governo Lula (PT) termina com recordes negativos em \u00e1reas como Sa\u00fade, Meio Ambiente e Gest\u00e3o. Problemas como recordes de morte de dengue, aumento das queimadas, s\u00e3o alguns desses dados coletados e divulgados pela revista Veja.\n<\/p>\n<p>Na \u00e1rea da Sa\u00fade, foram 5.950 mortes por dengue e mais de 6,2 milh\u00f5es de casos confirmados. Os n\u00fameros representam um aumento de 400% comparados ao ano de 2023, quando foram registrados 1.179 \u00f3bitos.<\/p>\n<p>No Meio Ambiente a gest\u00e3o petista tamb\u00e9m n\u00e3o foi capaz de evitar um dos problemas que eles mais criticavam no governo de Jair Bolsonaro (PL): a queimada das florestas. Foram 29,7 milh\u00f5es de hectares queimados entre janeiro e novembro de 2024, um aumento de 93% em rela\u00e7\u00e3o ao ano passado. Os dados s\u00e3o do Monitor do Fogo, do MapBiomas.\n<\/p>\n<p>Quando o assunto \u00e9 gest\u00e3o, s\u00e3o pelo menos tr\u00eas grandes problemas que o governo Lula n\u00e3o teve capacidade de controlar, como \u00e9 o caso da Previd\u00eancia, com uma fila 1,7 milh\u00e3o de pedidos no Instituto Nacional do Seguro Social. O cidad\u00e3o que precisa do benef\u00edcio precisa aguardar pelo menos 41 dias pela concess\u00e3o, sendo que a promessa do governo era zerar a fila.\n<\/p>\n<p>As estatais tamb\u00e9m ficaram no vermelho neste ano, de janeiro a agosto o d\u00e9ficit registrado nas empresas do governo federal chegam a R$ 3,3 bilh\u00f5es, o maior rombo em 15 anos. At\u00e9 os Correios, que chegou a dar lucro no passado, agora est\u00e1 na lista das estatais deficit\u00e1rias.\n<\/p>\n<p>Outro ponto negativo da gest\u00e3o Lula III \u00e9 a alta do d\u00f3lar que bateu v\u00e1rios recordes este ano, chegando a ultrapassar R$ 6,30, o maior valor da hist\u00f3ria.\n<\/p>\n<p>Fonte: Pleno News              <\/p>\n<\/div>\n<p><br \/>\n<br \/><a href=\"https:\/\/diariodobrasilnoticias.com.br\/noticia\/governo-lula-2024-encerra-com-recordes-negativos-6772fbddba3b6\">Source link <\/a><\/p>","protected":false},"excerpt":{"rendered":"<p>O segundo ano do terceiro mandato do governo Lula (PT) termina com recordes negativos em \u00e1reas como Sa\u00fade, Meio Ambiente e Gest\u00e3o. Problemas como recordes de morte de dengue, aumento&hellip;<\/p>","protected":false},"author":1,"featured_media":85106,"comment_status":"closed","ping_status":"open","sticky":false,"template":"","format":"standard","meta":{"content-type":"","footnotes":""},"categories":[16],"tags":[123,2448,5313,1267],"class_list":["post-85105","post","type-post","status-publish","format-standard","has-post-thumbnail","hentry","category-noticias","tag-brasil","tag-diario","tag-noticia","tag-noticias"],"_links":{"self":[{"href":"https:\/\/tvbrazilusa.com\/pt\/wp-json\/wp\/v2\/posts\/85105","targetHints":{"allow":["GET"]}}],"collection":[{"href":"https:\/\/tvbrazilusa.com\/pt\/wp-json\/wp\/v2\/posts"}],"about":[{"href":"https:\/\/tvbrazilusa.com\/pt\/wp-json\/wp\/v2\/types\/post"}],"author":[{"embeddable":true,"href":"https:\/\/tvbrazilusa.com\/pt\/wp-json\/wp\/v2\/users\/1"}],"replies":[{"embeddable":true,"href":"https:\/\/tvbrazilusa.com\/pt\/wp-json\/wp\/v2\/comments?post=85105"}],"version-history":[{"count":1,"href":"https:\/\/tvbrazilusa.com\/pt\/wp-json\/wp\/v2\/posts\/85105\/revisions"}],"predecessor-version":[{"id":85107,"href":"https:\/\/tvbrazilusa.com\/pt\/wp-json\/wp\/v2\/posts\/85105\/revisions\/85107"}],"wp:featuredmedia":[{"embeddable":true,"href":"https:\/\/tvbrazilusa.com\/pt\/wp-json\/wp\/v2\/media\/85106"}],"wp:attachment":[{"href":"https:\/\/tvbrazilusa.com\/pt\/wp-json\/wp\/v2\/media?parent=85105"}],"wp:term":[{"taxonomy":"category","embeddable":true,"href":"https:\/\/tvbrazilusa.com\/pt\/wp-json\/wp\/v2\/categories?post=85105"},{"taxonomy":"post_tag","embeddable":true,"href":"https:\/\/tvbrazilusa.com\/pt\/wp-json\/wp\/v2\/tags?post=85105"}],"curies":[{"name":"wp","href":"https:\/\/api.w.org\/{rel}","templated":true}]}}