{"id":85120,"date":"2024-12-30T22:41:40","date_gmt":"2024-12-30T22:41:40","guid":{"rendered":"https:\/\/tvbrazilusa.com\/2024\/12\/30\/governo-divulga-calendario-de-feriados-e-pontos-facultativos-para-2025-confira-as-datas\/"},"modified":"2024-12-30T22:41:41","modified_gmt":"2024-12-30T22:41:41","slug":"governo-divulga-calendario-de-feriados-e-pontos-facultativos-para-2025-confira-as-datas","status":"publish","type":"post","link":"https:\/\/tvbrazilusa.com\/pt\/2024\/12\/30\/governo-divulga-calendario-de-feriados-e-pontos-facultativos-para-2025-confira-as-datas\/","title":{"rendered":"Governo divulga calend\u00e1rio de feriados e pontos facultativos para 2025; confira as datas"},"content":{"rendered":"<p> <script async src=\"https:\/\/pagead2.googlesyndication.com\/pagead\/js\/adsbygoogle.js?client=ca-pub-8864793242727901\"\r\n     crossorigin=\"anonymous\"><\/script><br \/>\n<\/p>\n<div id=\"taboola-read-more\" style=\"display:block; width:100%\">\n<p>O governo publicou uma portaria com a lista de feriados e dias de ponto facultativo em 2025. O calend\u00e1rio foi divulgado na edi\u00e7\u00e3o desta segunda-feira (30) do Di\u00e1rio Oficial da Uni\u00e3o.\n<\/p>\n<p>Ao todo, 2025 ter\u00e1 quatro feriad\u00f5es:<\/p>\n<p>O primeiro deles \u00e9 o da P\u00e1scoa, que come\u00e7a em 18 de abril com a Paix\u00e3o de Cristo, numa sexta-feira. O Dia de Tiradentes cai na segunda-feira seguinte, dia 21 de abril, podendo proporcionar ao trabalhador quatro dias de folga seguidos.<br \/>Os outros tr\u00eas feriad\u00f5es caem em quintas-feiras, por isso, podem ser emendados com a sexta e o fim de semana, a depender da decis\u00e3o de cada empresa. S\u00e3o eles: 1\u00ba de maio (Dia do Trabalhador), 20 de novembro (Dia da Consci\u00eancia Negra) e o Natal, em 25 de dezembro.<br \/>Apesar disso, o calend\u00e1rio conta com quatro feriados que caem em finais de semana:\n<\/p>\n<p>7 de setembro (Independ\u00eancia do Brasil), 12 de outubro (Nossa Senhora Aparecida), 2 de novembro (Finados) e 15 de novembro (Proclama\u00e7\u00e3o da Rep\u00fablica).<br \/>Munic\u00edpios e estados tamb\u00e9m podem determinar em lei feriados locais, como o Carnaval e Corpus Christi, que s\u00e3o considerados pontos facultativos nacionais.\n<\/p>\n<p>Veja a lista com os 18 feriados nacionais e pontos facultativos de 2025:<br \/>\u2013 1\u00ba de janeiro (quarta-feira) \u2013 Confraterniza\u00e7\u00e3o Universal (feriado nacional);\n<\/p>\n<p>\u2013 3 de mar\u00e7o (segunda-feira) \u2013 Carnaval (ponto facultativo);\n<\/p>\n<p>\u2013 4 de mar\u00e7o (ter\u00e7a-feira) \u2013 Carnaval (ponto facultativo);\n<\/p>\n<p>\u2013 5 de mar\u00e7o \u2013 Quarta-Feira de Cinzas (ponto facultativo at\u00e9 as 14h);\n<\/p>\n<p>\u2013 18 de abril (sexta-feira) \u2013 Paix\u00e3o de Cristo (feriado nacional);\n<\/p>\n<p>\u2013 21 de abril (segunda-feira) \u2013 Tiradentes (feriado nacional);\n<\/p>\n<p>\u2013 1\u00ba de maio (quinta-feira) \u2013 Dia Mundial do Trabalho (feriado nacional);\n<\/p>\n<p>\u2013 19 de junho (quinta-feira) \u2013 Corpus Christi (ponto facultativo);\n<\/p>\n<p>\u2013 20 de junho (sexta-feira) \u2013 ponto facultativo;\n<\/p>\n<p>\u2013 7 de setembro (domingo) \u2013 Independ\u00eancia do Brasil (feriado nacional);\n<\/p>\n<p>\u2013 12 de outubro (domingo) \u2013 Nossa Senhora Aparecida (feriado nacional);\n<\/p>\n<p>\u2013 28 de outubro (ter\u00e7a-feira) \u2013 Dia do Servidor P\u00fablico Federal (ponto facultativo), a ser comemorado dia 27;\n<\/p>\n<p>\u2013 2 de novembro (domingo) \u2013 Finados (feriado nacional);\n<\/p>\n<p>\u2013 15 de novembro (s\u00e1bado) \u2013 Proclama\u00e7\u00e3o da Rep\u00fablica (feriado nacional);\n<\/p>\n<p>\u2013 20 de novembro (quinta-feira) \u2013 Dia Nacional de Zumbi e da Consci\u00eancia Negra (feriado nacional);\n<\/p>\n<p>\u2013 24 de dezembro (quarta-feira), \u2013 v\u00e9spera de Natal (ponto facultativo ap\u00f3s as 13h);\n<\/p>\n<p>\u2013 25 de dezembro (quinta-feira) \u2013 Natal (feriado nacional);\n<\/p>\n<p>\u2013 31 de dezembro (quarta-feira) \u2013 V\u00e9spera de ano novo (ponto facultativo ap\u00f3s as 13h).\n<\/p>\n<p>Fonte: Blog do BG              <\/p>\n<\/div>\n<p><br \/>\n<br \/><a href=\"https:\/\/diariodobrasilnoticias.com.br\/noticia\/governo-divulga-calendario-de-feriados-e-pontos-facultativos-para-2025-confira-as-datas-6772fd787947c\">Source link <\/a><\/p>","protected":false},"excerpt":{"rendered":"<p>O governo publicou uma portaria com a lista de feriados e dias de ponto facultativo em 2025. O calend\u00e1rio foi divulgado na edi\u00e7\u00e3o desta segunda-feira (30) do Di\u00e1rio Oficial da&hellip;<\/p>","protected":false},"author":1,"featured_media":85121,"comment_status":"closed","ping_status":"open","sticky":false,"template":"","format":"standard","meta":{"content-type":"","footnotes":""},"categories":[16],"tags":[123,2448,5313,1267],"class_list":["post-85120","post","type-post","status-publish","format-standard","has-post-thumbnail","hentry","category-noticias","tag-brasil","tag-diario","tag-noticia","tag-noticias"],"_links":{"self":[{"href":"https:\/\/tvbrazilusa.com\/pt\/wp-json\/wp\/v2\/posts\/85120","targetHints":{"allow":["GET"]}}],"collection":[{"href":"https:\/\/tvbrazilusa.com\/pt\/wp-json\/wp\/v2\/posts"}],"about":[{"href":"https:\/\/tvbrazilusa.com\/pt\/wp-json\/wp\/v2\/types\/post"}],"author":[{"embeddable":true,"href":"https:\/\/tvbrazilusa.com\/pt\/wp-json\/wp\/v2\/users\/1"}],"replies":[{"embeddable":true,"href":"https:\/\/tvbrazilusa.com\/pt\/wp-json\/wp\/v2\/comments?post=85120"}],"version-history":[{"count":1,"href":"https:\/\/tvbrazilusa.com\/pt\/wp-json\/wp\/v2\/posts\/85120\/revisions"}],"predecessor-version":[{"id":85122,"href":"https:\/\/tvbrazilusa.com\/pt\/wp-json\/wp\/v2\/posts\/85120\/revisions\/85122"}],"wp:featuredmedia":[{"embeddable":true,"href":"https:\/\/tvbrazilusa.com\/pt\/wp-json\/wp\/v2\/media\/85121"}],"wp:attachment":[{"href":"https:\/\/tvbrazilusa.com\/pt\/wp-json\/wp\/v2\/media?parent=85120"}],"wp:term":[{"taxonomy":"category","embeddable":true,"href":"https:\/\/tvbrazilusa.com\/pt\/wp-json\/wp\/v2\/categories?post=85120"},{"taxonomy":"post_tag","embeddable":true,"href":"https:\/\/tvbrazilusa.com\/pt\/wp-json\/wp\/v2\/tags?post=85120"}],"curies":[{"name":"wp","href":"https:\/\/api.w.org\/{rel}","templated":true}]}}