{"id":85127,"date":"2024-12-30T22:39:00","date_gmt":"2024-12-30T22:39:00","guid":{"rendered":"https:\/\/tvbrazilusa.com\/2024\/12\/30\/homem-recebe-sentenca-de-prisao-perpetua-por-tiroteio-fatal-em-2021\/"},"modified":"2024-12-30T22:51:13","modified_gmt":"2024-12-30T22:51:13","slug":"homem-recebe-sentenca-de-prisao-perpetua-por-tiroteio-fatal-em-2021","status":"publish","type":"post","link":"https:\/\/tvbrazilusa.com\/pt\/2024\/12\/30\/homem-recebe-sentenca-de-prisao-perpetua-por-tiroteio-fatal-em-2021\/","title":{"rendered":"Homem recebe senten\u00e7a de pris\u00e3o perp\u00e9tua por tiroteio fatal em 2021"},"content":{"rendered":"<script async src=\"https:\/\/pagead2.googlesyndication.com\/pagead\/js\/adsbygoogle.js?client=ca-pub-8864793242727901\"\r\n     crossorigin=\"anonymous\"><\/script>\n<p>JONESBORO \u2013 Um r\u00e9u que foi recentemente considerado culpado de um tiroteio fatal em 2021 passar\u00e1 o resto da vida na pris\u00e3o.<br \/>\n<br \/><br \/>\n<br \/><a href=\"https:\/\/www.henryherald.com\/news\/man-gets-life-sentence-for-2021-fatal-shooting\/article_ec394bdc-c6fe-11ef-8c2c-03468ff7dd9a.html\">Source link <\/a><\/p>","protected":false},"excerpt":{"rendered":"<p>JONESBORO \u2013 Um r\u00e9u que foi recentemente considerado culpado de um tiroteio fatal em 2021 passar\u00e1 o resto da vida na pris\u00e3o. Source link<\/p>","protected":false},"author":1,"featured_media":85128,"comment_status":"closed","ping_status":"open","sticky":false,"template":"","format":"standard","meta":{"content-type":"","footnotes":""},"categories":[1],"tags":[],"class_list":["post-85127","post","type-post","status-publish","format-standard","has-post-thumbnail","hentry","category-uncategorized"],"_links":{"self":[{"href":"https:\/\/tvbrazilusa.com\/pt\/wp-json\/wp\/v2\/posts\/85127","targetHints":{"allow":["GET"]}}],"collection":[{"href":"https:\/\/tvbrazilusa.com\/pt\/wp-json\/wp\/v2\/posts"}],"about":[{"href":"https:\/\/tvbrazilusa.com\/pt\/wp-json\/wp\/v2\/types\/post"}],"author":[{"embeddable":true,"href":"https:\/\/tvbrazilusa.com\/pt\/wp-json\/wp\/v2\/users\/1"}],"replies":[{"embeddable":true,"href":"https:\/\/tvbrazilusa.com\/pt\/wp-json\/wp\/v2\/comments?post=85127"}],"version-history":[{"count":1,"href":"https:\/\/tvbrazilusa.com\/pt\/wp-json\/wp\/v2\/posts\/85127\/revisions"}],"predecessor-version":[{"id":85129,"href":"https:\/\/tvbrazilusa.com\/pt\/wp-json\/wp\/v2\/posts\/85127\/revisions\/85129"}],"wp:featuredmedia":[{"embeddable":true,"href":"https:\/\/tvbrazilusa.com\/pt\/wp-json\/wp\/v2\/media\/85128"}],"wp:attachment":[{"href":"https:\/\/tvbrazilusa.com\/pt\/wp-json\/wp\/v2\/media?parent=85127"}],"wp:term":[{"taxonomy":"category","embeddable":true,"href":"https:\/\/tvbrazilusa.com\/pt\/wp-json\/wp\/v2\/categories?post=85127"},{"taxonomy":"post_tag","embeddable":true,"href":"https:\/\/tvbrazilusa.com\/pt\/wp-json\/wp\/v2\/tags?post=85127"}],"curies":[{"name":"wp","href":"https:\/\/api.w.org\/{rel}","templated":true}]}}