{"id":85139,"date":"2024-12-30T22:59:23","date_gmt":"2024-12-30T22:59:23","guid":{"rendered":"https:\/\/tvbrazilusa.com\/2024\/12\/30\/a-viuva-de-matthew-gaudreau-da-a-luz-o-primeiro-filho-quatro-meses-apos-a-morte-dos-irmaos\/"},"modified":"2024-12-30T23:04:12","modified_gmt":"2024-12-30T23:04:12","slug":"a-viuva-de-matthew-gaudreau-da-a-luz-o-primeiro-filho-quatro-meses-apos-a-morte-dos-irmaos","status":"publish","type":"post","link":"https:\/\/tvbrazilusa.com\/pt\/2024\/12\/30\/a-viuva-de-matthew-gaudreau-da-a-luz-o-primeiro-filho-quatro-meses-apos-a-morte-dos-irmaos\/","title":{"rendered":"A vi\u00fava de Matthew Gaudreau d\u00e1 \u00e0 luz o primeiro filho, quatro meses ap\u00f3s a morte dos irm\u00e3os"},"content":{"rendered":"<p> <script async src=\"https:\/\/pagead2.googlesyndication.com\/pagead\/js\/adsbygoogle.js?client=ca-pub-8864793242727901\"\r\n     crossorigin=\"anonymous\"><\/script><br \/>\n<\/p>\n<div id=\"\">\n<header class=\"m-article-header m-article-header--standard\">\n\t\t\t\t\t\t\t\t\t\t\t\t<span id=\"article-header-primary-term\"><br \/>\n\t\t\t\t\t\t\t\t<a class=\"a-term a-term--primary\" href=\"https:\/\/www.boston.com\/tag\/nhl\/\"><\/p>\n<p>\t\t\t\t\t\t\t\tNHL\t\t\t\t\t\t\t\t<\/a><br \/>\n\t\t\t\t\t\t\t<\/span><\/p>\n<h2 class=\"m-article-header__sub-headline\">Quatro meses ap\u00f3s as tr\u00e1gicas mortes dos ex-jogadores de h\u00f3quei do Boston College, Johnny e Matthew Gaudreau, a vi\u00fava de Matthew, Madeline, deu \u00e0 luz o primeiro filho do casal.<\/h2>\n<figure class=\"a-photo m-article-header__photo\"><figcaption class=\"a-photo__caption\">\n<p>\tOs enlutados se abra\u00e7am ao partir do funeral de Matthew e Johnny Gaudreau na segunda-feira.<em> Foto de arquivo AP<\/em>\t<\/figcaption><\/figure>\n<div class=\"m-article-header__meta\">\n<div class=\"m-article-header__byline\">\n<p class=\"m-article-header__author\">\n<p>\t\t\t\t\t\t\t\tPor <a class=\"a-link a-link--inline\" href=\"https:\/\/www.boston.com\/author\/kevin-slane\/\">Kevin Slane<\/a>\t\t\t\t\t\t\t<\/p>\n<p>\t\t\t\t\t\t\t\t\t\t\t\t\t\t\t<time class=\"m-article-header__date\"><\/p>\n<p>\t\t\t\t\t\t\t\t\t30 de dezembro de 2024 | 17h59\t\t\t\t\t\t\t\t<\/time><\/p>\n<p><span>1 minuto para ler<\/span><\/p>\n<\/p><\/div>\n<\/p><\/div>\n<\/header>\n<p>Quatro meses depois do tr\u00e1gico <a href=\"https:\/\/www.boston.com\/sports\/sports-news\/2024\/08\/30\/nhl-bc-player-johnny-gaudreau-and-brother-have-died\/\">mortes dos ex-jogadores de h\u00f3quei do Boston College Matthew e Johnny Gaudreau<\/a>a vi\u00fava de Matthew, Madeline Gaudreau, deu \u00e0 luz o primeiro filho do casal.<\/p>\n<p>Madeline compartilhou uma foto do filho rec\u00e9m-nascido do casal, Tripp Matthew Gaudreau, <a href=\"https:\/\/www.instagram.com\/p\/DELFNnLyAIU\/\">no Instagram<\/a>.<\/p>\n<p>\u201cTripp Matthew \ud83e\udd0d\ud83e\udd8b\u201d, escreveu Madeline. \u201cO mundo da mam\u00e3e e do papai.\u201d<\/p>\n<blockquote class=\"instagram-media\" data-instgrm-captioned=\"\" data-instgrm-permalink=\"https:\/\/www.instagram.com\/p\/DELFNnLyAIU\/?utm_source=ig_embed&#038;utm_campaign=loading\" data-instgrm-version=\"14\" style=\" background:#FFF; border:0; border-radius:3px; box-shadow:0 0 1px 0 rgba(0,0,0,0.5),0 1px 10px 0 rgba(0,0,0,0.15); margin: 1px; max-width:540px; min-width:326px; padding:0; width:99.375%; width:-webkit-calc(100% - 2px); width:calc(100% - 2px);\"\/>\n<h2 class=\"wp-block-heading\" id=\"h-man-charged-in-death-of-gaudreau-brothers\">Homem acusado de morte dos irm\u00e3os Gaudreau<\/h2>\n<p>Johnny, 31, e Matthew, 29 foram <a href=\"https:\/\/www.boston.com\/sports\/sports-news\/2024\/08\/30\/nhl-bc-player-johnny-gaudreau-and-brother-have-died\/\">morto perto da casa de sua inf\u00e2ncia<\/a> em Nova Jersey, em 29 de agosto, menos de 24 horas antes de os irm\u00e3os servirem como padrinhos no casamento de sua irm\u00e3, Katie.<\/p>\n<p>Os irm\u00e3os andavam de bicicleta numa estrada rural quando foram atropelados por um ve\u00edculo dirigido por um suposto motorista b\u00eabado. <\/p>\n<p>Sean M. Higgins, 43, \u00e9 acusado de duas acusa\u00e7\u00f5es de morte por autom\u00f3vel, al\u00e9m de dire\u00e7\u00e3o imprudente, posse de cont\u00eainer aberto e consumo de \u00e1lcool em ve\u00edculo motorizado.<\/p>\n<p>Durante uma audi\u00eancia preliminar, um promotor afirmou que Higgins tinha um <a href=\"https:\/\/www.boston.com\/sports\/nhl\/2024\/09\/13\/johnny-gaudreau-matthew-gaudreau-drunk-driver-blood-alcohol-level\/\">n\u00edvel de \u00e1lcool no sangue de 0,087<\/a> e supostamente tem um hist\u00f3rico de viol\u00eancia no tr\u00e2nsito e dire\u00e7\u00e3o agressiva.<\/p>\n<h2 class=\"wp-block-heading\" id=\"h-tributes-to-the-gaudreau-brothers\">Homenagens aos irm\u00e3os Gaudreau<\/h2>\n<p>Johnny e Matthew jogaram tr\u00eas e quatro temporadas no Boston College, respectivamente. O Gaudreau mais velho ganhou um t\u00edtulo com os Eagles em 2012; depois de ser convocado pelo Calgary Flames, Johnny <a href=\"https:\/\/www.boston.com\/sports\/sports-news\/2024\/09\/09\/the-gaudreau-brothers-left-a-legacy-at-boston-college-and-beyond\/\">optou por ficar no BC<\/a> para uma terceira temporada para jogar com Matthew.<\/p>\n<p>Antes do in\u00edcio da temporada 2024-25, o Boston College anunciou que seu time de h\u00f3quei iria <a href=\"https:\/\/www.boston.com\/sports\/college-sports\/2024\/10\/18\/johnny-matthew-gaudreau-tony-voce-boston-college-hockey\/\">homenagear os irm\u00e3os Gaudreau<\/a> com manchas uniformes ao longo da temporada.<\/p>\n<p>Johnny, que jogou 11 temporadas na NHL, foi <a href=\"https:\/\/www.boston.com\/sports\/nhl\/2024\/09\/22\/nhl-honors-johnny-matthew-gaudreau-tribute-video-moment-of-silence\/\">homenageado em toda a liga<\/a> com homenagens em v\u00eddeo e momentos de sil\u00eancio antes do in\u00edcio da temporada 2024-25 tamb\u00e9m.<\/p>\n<p>A vi\u00fava de Johnny, Meredith Gaudreau, que est\u00e1 gr\u00e1vida do terceiro filho, compartilhou o <a href=\"https:\/\/x.com\/mergaudreau13\/status\/1837686888808714529\">v\u00eddeo homenagem nas redes sociais<\/a> e expressou sua gratid\u00e3o.<\/p>\n<p>\u201cLindamente dito para os dois melhores meninos\u201d, tuitou Meredith. \u201cCom o cora\u00e7\u00e3o partido, mas eternamente grato por ser esposa de John e irm\u00e3 de Matty. Eu amo muito voc\u00eas dois.<\/p>\n<figure class=\"wp-block-embed is-type-rich is-provider-twitter wp-block-embed-twitter\">\n<div class=\"wp-block-embed__wrapper\">\n<blockquote class=\"twitter-tweet\" data-width=\"500\" data-dnt=\"true\">\n<p lang=\"en\" dir=\"ltr\">Lindamente dito para os dois melhores meninos. Com o cora\u00e7\u00e3o partido, mas eternamente grata por ser esposa de John e irm\u00e3 de Matty. Eu amo muito voc\u00eas dois <a href=\"https:\/\/t.co\/WCj8FDAcC1\">https:\/\/t.co\/WCj8FDAcC1<\/a><\/p>\n<p>-Meredith Gaudreau (@ mergaudreau13) <a href=\"https:\/\/twitter.com\/mergaudreau13\/status\/1837686888808714529?ref_src=twsrc%5Etfw\">22 de setembro de 2024<\/a><\/p><\/blockquote>\n<\/div>\n<\/figure>\n<div class=\"o-author-single has-avatar\">\n<header class=\"m-author-card\">\n<div class=\"a-image a-image--square m-author-card__image\">\n\t\t<img decoding=\"async\" class=\"\" src=\"https:\/\/www.boston.com\/wp-content\/uploads\/2024\/10\/cropped-Kevin-Slane-professional-headshot-2-66febb4b70606-66febb7263fea.jpg\" alt=\"Imagem do perfil de Kevin Slane\"\/>\t<\/div>\n<\/header>\n<section class=\"author-info\">\n\t\t\t<\/section>\n<\/div>\n<div class=\"m-block m-generic-cta\t m-generic-cta--post-content\t m-generic-cta--dark\t m-generic-cta--homepage\t m-generic-cta--email-signup\t\t m-generic-cta-block-style--default \tt-amp__generic-cta\"><\/p>\n<div class=\"m-generic-cta__wrap\">\n<div class=\"m-generic-cta__content\">\n<h3 class=\"m-generic-cta__title\">Boston.com hoje<\/h3>\n<p class=\"m-generic-cta__subtitle\">Inscreva-se para receber as \u00faltimas manchetes em sua caixa de entrada todas as manh\u00e3s.<\/p>\n<\/p><\/div>\n<\/p><\/div>\n<\/div><\/div>\n<p><script async src=\"\/\/platform.twitter.com\/widgets.js\" charset=\"utf-8\"><\/script><script>\n\t\tvar consent=\"grant\";\n\t\t\/* The above code is parsing the JSON data from the local storage and storing it in a variable. *\/\n\t\t\t\t\tconst onetrustStorageConsent = JSON.parse(localStorage.getItem( 'consent_one_trust_bdc' ) );\n\t\t\tif ( ( onetrustStorageConsent !== null ) ) {\n\t\t\t\t\/* Checking to see if the user has consented to the use of cookies.\n\t\t\t\t* If they have not, it is deleting the cookie.\n\t\t\t\t* This will comment for now, until further notice.\n\t\t\t\t*\/\n\t\t\t\t\/\/if ( onetrustStorageConsent.C0002 === false ) {\n\t\t\t\t\/\/\tdocument.cookie=\"_fbp=;expires=Thu, 01 Jan 2010 00:00:00 UTC; path=\/; domain=.boston.com\";\n\t\t\t\t\/\/}\n\t\t\t\t\/* Checking if the user has given consent for the cookie C0002.\n\t\t\t\t* If the user has given consent, the variable consent will be set to 'grant'.\n\t\t\t\t* If the user has not given consent,the variable consent will be set to 'revoke'.\n\t\t\t\t* Documentation https:\/\/developers.facebook.com\/docs\/meta-pixel\/implementation\/gdpr\n\t\t\t\t*\/\n\t\t\t\tif ( onetrustStorageConsent.C0002 !== true ) {\n\t\t\t\t\tconsent=\"revoke\";\n\t\t\t\t}\n\t\t\t}\n\t\t\t\t!function(f,b,e,v,n,t,s)\n\t\t{if(f.fbq)return;n=f.fbq=function(){n.callMethod?\n\t\tn.callMethod.apply(n,arguments):n.queue.push(arguments)};\n\t\tif(!f._fbq)f._fbq=n;n.push=n;n.loaded=!0;n.version='2.0';\n\t\tn.queue=[];t=b.createElement(e);t.async=!0;\n\t\tt.src=v;s=b.getElementsByTagName(e)[0];\n\t\ts.parentNode.insertBefore(t,s)}(window, document,'script',\n\t\t'https:\/\/connect.facebook.net\/en_US\/fbevents.js');\n\t\tfbq('consent', consent);\n\t\tfbq('init', '989222871864976');\n\t\tfbq('track', 'PageView');\n\t<\/script><script type=\"module\">\n\t\tvar consent=\"grant\";\n\t\t\/* The above code is parsing the JSON data from the local storage and storing it in a variable. *\/\n\t\t\tconst onetrustStorageConsent = JSON.parse(localStorage.getItem( 'consent_one_trust_bdc' ) );\n\t\t\t\/* Checking to see if the user has consented to the use of cookies.\n\t\t\t* If they have not, it is deleting the cookie.\n\t\t\t* This will comment for now, until further notice.\n\t\t\t*\/\n\t\t\t\/\/if ( onetrustStorageConsent.C0002 === false ) {\n\t\t\t\/\/\tdocument.cookie=\"_fbp=;expires=Thu, 01 Jan 2010 00:00:00 UTC; path=\/; domain=.boston.com\";\n\t\t\t\/\/}\n\t\t\t\/* Checking if the user has given consent for the cookie C0002.\n\t\t\t* If the user has given consent, the variable consent will be set to 'grant'.\n\t\t\t* If the user has not given consent,the variable consent will be set to 'revoke'.\n\t\t\t* Documentation https:\/\/developers.facebook.com\/docs\/meta-pixel\/implementation\/gdpr\n\t\t\t*\/\n\t\t\tif ( ( onetrustStorageConsent !== null ) && (onetrustStorageConsent.C0002 !== true ) ) {\n\t\t\t\tconsent=\"revoke\";\n\t\t\t}\n\t\t\t\t!function(f,b,e,v,n,t,s){if(f.fbq)return;n=f.fbq=function()\n\t\t{n.callMethod? n.callMethod.apply(n,arguments):n.queue.push(arguments)}\n\t\t;if(!f._fbq)f._fbq=n;\n\t\tn.push=n;n.loaded=!0;n.version='2.0';n.queue=[];t=b.createElement(e);t.async=!0;\n\t\tt.src=v;s=b.getElementsByTagName(e)[0];s.parentNode.insertBefore(t,s)}(window,\n\t\tdocument,'script','https:\/\/connect.facebook.net\/en_US\/fbevents.js');\n\t\tfbq('consent', consent);\n\t\tfbq('init', '813236348753005');\n\t\tfbq('track', \"PageView\");\n\t<\/script><script async src=\"\/\/www.instagram.com\/embed.js\"><\/script><br \/>\n<br \/><br \/>\n<br \/><a href=\"https:\/\/www.boston.com\/sports\/nhl\/2024\/12\/30\/matthew-gaudreau-madeline-gives-birth-to-first-child\/\">Source link <\/a><\/p>","protected":false},"excerpt":{"rendered":"<p>NHL Quatro meses ap\u00f3s as tr\u00e1gicas mortes dos ex-jogadores de h\u00f3quei do Boston College, Johnny e Matthew Gaudreau, a vi\u00fava de Matthew, Madeline, deu \u00e0 luz o primeiro filho do&hellip;<\/p>","protected":false},"author":1,"featured_media":85140,"comment_status":"closed","ping_status":"open","sticky":false,"template":"","format":"standard","meta":{"content-type":"","footnotes":""},"categories":[1],"tags":[],"class_list":["post-85139","post","type-post","status-publish","format-standard","has-post-thumbnail","hentry","category-uncategorized"],"_links":{"self":[{"href":"https:\/\/tvbrazilusa.com\/pt\/wp-json\/wp\/v2\/posts\/85139","targetHints":{"allow":["GET"]}}],"collection":[{"href":"https:\/\/tvbrazilusa.com\/pt\/wp-json\/wp\/v2\/posts"}],"about":[{"href":"https:\/\/tvbrazilusa.com\/pt\/wp-json\/wp\/v2\/types\/post"}],"author":[{"embeddable":true,"href":"https:\/\/tvbrazilusa.com\/pt\/wp-json\/wp\/v2\/users\/1"}],"replies":[{"embeddable":true,"href":"https:\/\/tvbrazilusa.com\/pt\/wp-json\/wp\/v2\/comments?post=85139"}],"version-history":[{"count":1,"href":"https:\/\/tvbrazilusa.com\/pt\/wp-json\/wp\/v2\/posts\/85139\/revisions"}],"predecessor-version":[{"id":85141,"href":"https:\/\/tvbrazilusa.com\/pt\/wp-json\/wp\/v2\/posts\/85139\/revisions\/85141"}],"wp:featuredmedia":[{"embeddable":true,"href":"https:\/\/tvbrazilusa.com\/pt\/wp-json\/wp\/v2\/media\/85140"}],"wp:attachment":[{"href":"https:\/\/tvbrazilusa.com\/pt\/wp-json\/wp\/v2\/media?parent=85139"}],"wp:term":[{"taxonomy":"category","embeddable":true,"href":"https:\/\/tvbrazilusa.com\/pt\/wp-json\/wp\/v2\/categories?post=85139"},{"taxonomy":"post_tag","embeddable":true,"href":"https:\/\/tvbrazilusa.com\/pt\/wp-json\/wp\/v2\/tags?post=85139"}],"curies":[{"name":"wp","href":"https:\/\/api.w.org\/{rel}","templated":true}]}}