{"id":85389,"date":"2024-12-31T14:01:53","date_gmt":"2024-12-31T14:01:53","guid":{"rendered":"https:\/\/tvbrazilusa.com\/2024\/12\/31\/influenciadora-gera-onde-de-polemica-nas-redes-sociais-nunca-vi-tanta-gente-feia-junto-veja-video\/"},"modified":"2024-12-31T14:01:54","modified_gmt":"2024-12-31T14:01:54","slug":"influenciadora-gera-onde-de-polemica-nas-redes-sociais-nunca-vi-tanta-gente-feia-junto-veja-video","status":"publish","type":"post","link":"https:\/\/tvbrazilusa.com\/pt\/2024\/12\/31\/influenciadora-gera-onde-de-polemica-nas-redes-sociais-nunca-vi-tanta-gente-feia-junto-veja-video\/","title":{"rendered":"Influenciadora gera onde de pol\u00eamica nas redes sociais: &#8216;nunca vi tanta gente feia junto&#8217;; VEJA V\u00cdDEO"},"content":{"rendered":"<p> <script async src=\"https:\/\/pagead2.googlesyndication.com\/pagead\/js\/adsbygoogle.js?client=ca-pub-8864793242727901\"\r\n     crossorigin=\"anonymous\"><\/script><br \/>\n<\/p>\n<div id=\"taboola-read-more\" style=\"display:block; width:100%\">\n<p>Uma influenciadora de Blumenau-SC gerou uma onda de pol\u00eamica nas redes sociais ao declarar que &#8220;nunca viu tanta gente feia junto&#8221; em sua visita \u00e0 Ilha do Mel, no litoral paranaense. Em um v\u00eddeo postado, a mulher que se identifica como Gi fez uma cr\u00edtica \u00e0 apar\u00eancia dos moradores da regi\u00e3o, afirmando que a diferen\u00e7a em rela\u00e7\u00e3o aos catarinenses era evidente.<\/p>\n<p>Al\u00e9m dos coment\u00e1rios sobre a est\u00e9tica dos habitantes locais, Gi tamb\u00e9m reclamou da falta de hospitalidade dos moradores, que, segundo ela, n\u00e3o demonstraram simpatia durante sua estadia. Ap\u00f3s a repercuss\u00e3o negativa de seus coment\u00e1rios, a influenciadora publicou um novo v\u00eddeo pedindo desculpas, alegando que estava alcoolizada no momento da grava\u00e7\u00e3o anterior e reconhecendo que sua fala n\u00e3o refletia quem ela realmente \u00e9.\n<\/p>\n<p>ASSISTA:<\/p>\n<p>Fonte: ric+              <\/p>\n<\/div>\n<p><br \/>\n<br \/><a href=\"https:\/\/diariodobrasilnoticias.com.br\/noticia\/influenciadora-gera-onde-de-polemica-nas-redes-sociais-nunca-vi-tanta-gente-feia-junto-veja-video-6773e4bb4b38a\">Source link <\/a><\/p>","protected":false},"excerpt":{"rendered":"<p>Uma influenciadora de Blumenau-SC gerou uma onda de pol\u00eamica nas redes sociais ao declarar que &#8220;nunca viu tanta gente feia junto&#8221; em sua visita \u00e0 Ilha do Mel, no litoral&hellip;<\/p>","protected":false},"author":1,"featured_media":85390,"comment_status":"closed","ping_status":"open","sticky":false,"template":"","format":"standard","meta":{"content-type":"","footnotes":""},"categories":[16],"tags":[123,2448,5313,1267],"class_list":["post-85389","post","type-post","status-publish","format-standard","has-post-thumbnail","hentry","category-noticias","tag-brasil","tag-diario","tag-noticia","tag-noticias"],"_links":{"self":[{"href":"https:\/\/tvbrazilusa.com\/pt\/wp-json\/wp\/v2\/posts\/85389","targetHints":{"allow":["GET"]}}],"collection":[{"href":"https:\/\/tvbrazilusa.com\/pt\/wp-json\/wp\/v2\/posts"}],"about":[{"href":"https:\/\/tvbrazilusa.com\/pt\/wp-json\/wp\/v2\/types\/post"}],"author":[{"embeddable":true,"href":"https:\/\/tvbrazilusa.com\/pt\/wp-json\/wp\/v2\/users\/1"}],"replies":[{"embeddable":true,"href":"https:\/\/tvbrazilusa.com\/pt\/wp-json\/wp\/v2\/comments?post=85389"}],"version-history":[{"count":1,"href":"https:\/\/tvbrazilusa.com\/pt\/wp-json\/wp\/v2\/posts\/85389\/revisions"}],"predecessor-version":[{"id":85391,"href":"https:\/\/tvbrazilusa.com\/pt\/wp-json\/wp\/v2\/posts\/85389\/revisions\/85391"}],"wp:featuredmedia":[{"embeddable":true,"href":"https:\/\/tvbrazilusa.com\/pt\/wp-json\/wp\/v2\/media\/85390"}],"wp:attachment":[{"href":"https:\/\/tvbrazilusa.com\/pt\/wp-json\/wp\/v2\/media?parent=85389"}],"wp:term":[{"taxonomy":"category","embeddable":true,"href":"https:\/\/tvbrazilusa.com\/pt\/wp-json\/wp\/v2\/categories?post=85389"},{"taxonomy":"post_tag","embeddable":true,"href":"https:\/\/tvbrazilusa.com\/pt\/wp-json\/wp\/v2\/tags?post=85389"}],"curies":[{"name":"wp","href":"https:\/\/api.w.org\/{rel}","templated":true}]}}