{"id":85413,"date":"2024-12-31T14:33:45","date_gmt":"2024-12-31T14:33:45","guid":{"rendered":"https:\/\/tvbrazilusa.com\/2024\/12\/31\/quando-e-a-coleta-de-lixo-esta-semana-jacksonville-hoje-2\/"},"modified":"2024-12-31T14:35:33","modified_gmt":"2024-12-31T14:35:33","slug":"quando-e-a-coleta-de-lixo-esta-semana-jacksonville-hoje-2","status":"publish","type":"post","link":"https:\/\/tvbrazilusa.com\/pt\/2024\/12\/31\/quando-e-a-coleta-de-lixo-esta-semana-jacksonville-hoje-2\/","title":{"rendered":"Quando \u00e9 a coleta de lixo esta semana? | Jacksonville hoje"},"content":{"rendered":"<p> <script async src=\"https:\/\/pagead2.googlesyndication.com\/pagead\/js\/adsbygoogle.js?client=ca-pub-8864793242727901\"\r\n     crossorigin=\"anonymous\"><\/script><br \/>\n<\/p>\n<div>\n<p>O feriado de Ano Novo ser\u00e1 <a href=\"https:\/\/jaxtoday.org\/2024\/12\/23\/garbage-pickup-christmas\/\">atrasar a coleta de lixo<\/a> esta semana nos condados de Clay e St. Mas tudo ser\u00e1 normal <a href=\"https:\/\/www.jacksonville.gov\/departments\/public-works\/solid-waste\" rel=\"nofollow noopener\" target=\"_blank\">em Jacksonville<\/a>.<\/p>\n<p>Em Clay e St. Johns, a coleta de lixo ser\u00e1 adiada um dia, com todas as coletas conclu\u00eddas at\u00e9 s\u00e1bado.<\/p>\n<p>Se o dia da sua coleta for sexta-feira, por exemplo, seu lixo ser\u00e1 recolhido no s\u00e1bado.<\/p>\n<\/div>\n<p><br \/>\n<br \/><a href=\"https:\/\/jaxtoday.org\/2024\/12\/31\/garbage-pickup-christmas\/\">Source link <\/a><\/p>","protected":false},"excerpt":{"rendered":"<p>O feriado de Ano Novo ser\u00e1 atrasar a coleta de lixo esta semana nos condados de Clay e St. Mas tudo ser\u00e1 normal em Jacksonville. Em Clay e St. Johns,&hellip;<\/p>","protected":false},"author":1,"featured_media":81553,"comment_status":"closed","ping_status":"open","sticky":false,"template":"","format":"standard","meta":{"content-type":"","footnotes":""},"categories":[1],"tags":[],"class_list":["post-85413","post","type-post","status-publish","format-standard","has-post-thumbnail","hentry","category-uncategorized"],"_links":{"self":[{"href":"https:\/\/tvbrazilusa.com\/pt\/wp-json\/wp\/v2\/posts\/85413","targetHints":{"allow":["GET"]}}],"collection":[{"href":"https:\/\/tvbrazilusa.com\/pt\/wp-json\/wp\/v2\/posts"}],"about":[{"href":"https:\/\/tvbrazilusa.com\/pt\/wp-json\/wp\/v2\/types\/post"}],"author":[{"embeddable":true,"href":"https:\/\/tvbrazilusa.com\/pt\/wp-json\/wp\/v2\/users\/1"}],"replies":[{"embeddable":true,"href":"https:\/\/tvbrazilusa.com\/pt\/wp-json\/wp\/v2\/comments?post=85413"}],"version-history":[{"count":1,"href":"https:\/\/tvbrazilusa.com\/pt\/wp-json\/wp\/v2\/posts\/85413\/revisions"}],"predecessor-version":[{"id":85414,"href":"https:\/\/tvbrazilusa.com\/pt\/wp-json\/wp\/v2\/posts\/85413\/revisions\/85414"}],"wp:featuredmedia":[{"embeddable":true,"href":"https:\/\/tvbrazilusa.com\/pt\/wp-json\/wp\/v2\/media\/81553"}],"wp:attachment":[{"href":"https:\/\/tvbrazilusa.com\/pt\/wp-json\/wp\/v2\/media?parent=85413"}],"wp:term":[{"taxonomy":"category","embeddable":true,"href":"https:\/\/tvbrazilusa.com\/pt\/wp-json\/wp\/v2\/categories?post=85413"},{"taxonomy":"post_tag","embeddable":true,"href":"https:\/\/tvbrazilusa.com\/pt\/wp-json\/wp\/v2\/tags?post=85413"}],"curies":[{"name":"wp","href":"https:\/\/api.w.org\/{rel}","templated":true}]}}