{"id":85462,"date":"2024-12-31T15:49:10","date_gmt":"2024-12-31T15:49:10","guid":{"rendered":"https:\/\/tvbrazilusa.com\/2024\/12\/31\/dois-suspeitos-de-assassinar-presidente-da-camara-no-ce-sao-mortos-em-confronto-com-a-policia\/"},"modified":"2024-12-31T15:49:11","modified_gmt":"2024-12-31T15:49:11","slug":"dois-suspeitos-de-assassinar-presidente-da-camara-no-ce-sao-mortos-em-confronto-com-a-policia","status":"publish","type":"post","link":"https:\/\/tvbrazilusa.com\/pt\/2024\/12\/31\/dois-suspeitos-de-assassinar-presidente-da-camara-no-ce-sao-mortos-em-confronto-com-a-policia\/","title":{"rendered":"Dois suspeitos de assassinar presidente da C\u00e2mara no CE s\u00e3o mortos em confronto com a pol\u00edcia"},"content":{"rendered":"<p> <script async src=\"https:\/\/pagead2.googlesyndication.com\/pagead\/js\/adsbygoogle.js?client=ca-pub-8864793242727901\"\r\n     crossorigin=\"anonymous\"><\/script><br \/>\n<\/p>\n<div id=\"taboola-read-more\" style=\"display:block; width:100%\">\n<p>Dois suspeitos de envolvimento com o assassinato do presidente da C\u00e2mara de vereadores em Tabuleiro do Norte (216 km de Fortaleza) morreram em confronto com a Pol\u00edcia Militar do Cear\u00e1, neste domingo (29).\n<\/p>\n<p>As a\u00e7\u00f5es, que ocorreram em Fortaleza, Tabuleiro do Norte e Russas, tamb\u00e9m resultaram em duas pris\u00f5es e apreens\u00f5es de armas possivelmente utilizadas no crime. Marcos Aur\u00e9lio de Ara\u00fajo (PP) foi morto na \u00faltima quinta-feira (26).<\/p>\n<p>Em Fortaleza, no bairro Geniba\u00fa, a pol\u00edcia localizou um im\u00f3vel onde estavam dois suspeitos de participa\u00e7\u00e3o na morte do vereador. Segundo a corpora\u00e7\u00e3o, os dois indiv\u00edduos aparecem em imagens de c\u00e2meras de seguran\u00e7a cometendo o crime.\n<\/p>\n<p>Houve confronto, e os suspeitos \u2013um adolescente de 16 anos com hist\u00f3rico de ato infracional an\u00e1logo a roubo e um homem de 20 anos\u2013 foram atingidos. Eles foram socorridos para uma unidade hospitalar, mas n\u00e3o resistiram aos ferimentos. Duas pistolas foram apreendidas e encaminhadas ao 32\u00ba Distrito Policial.\n<\/p>\n<p>Um homem de 37 anos, suspeito de ter conduzido a dupla at\u00e9 Fortaleza ap\u00f3s o crime, foi preso em Russas. Com ele, foram apreendidos um carro e um celular. Ele foi conduzido \u00e0 Delegacia Regional do munic\u00edpio, onde assinou um TCO (Termo Circunstanciado de Ocorr\u00eancia) por favorecimento pessoal. A participa\u00e7\u00e3o dele em outros crimes est\u00e1 sendo investigada.\n<\/p>\n<p>Ainda durante as opera\u00e7\u00f5es, um homem de 19 anos foi preso em flagrante em Tabuleiro do Norte com uma pistola com numera\u00e7\u00e3o suprimida, muni\u00e7\u00f5es e dois carregadores de pistola. A arma, que pode ter sido usada no crime, estava escondida em um terreno. A ocorr\u00eancia foi conduzida \u00e0 Delegacia Regional de Russas, onde o jovem foi autuado por posse ilegal de arma de fogo de uso restrito.\n<\/p>\n<p>Segundo informa\u00e7\u00f5es da pol\u00edcia, duas pessoas em uma motocicleta atiraram contra as v\u00edtimas, que estavam na rua. Al\u00e9m do vereador, uma mulher de 75 anos, que seria a sogra dele, tamb\u00e9m foi atingida e socorrida em uma unidade hospitalar da regi\u00e3o.\n<\/p>\n<p>A esposa do vereador tamb\u00e9m estava no local, mas n\u00e3o foi baleada. O estado de sa\u00fade da v\u00edtima socorrida n\u00e3o foi divulgado.\n<\/p>\n<p>A Delegacia Municipal de Tabuleiro do Norte \u00e9 a respons\u00e1vel pela investiga\u00e7\u00e3o. A Pol\u00edcia Civil informou que est\u00e1 em dilig\u00eancias para identificar e capturar os suspeitos e tentar esclarecer as circunst\u00e2ncias do crime.<\/p>\n<p>Fonte: Folha de S. Paulo              <\/p>\n<\/div>\n<p><br \/>\n<br \/><a href=\"https:\/\/diariodobrasilnoticias.com.br\/noticia\/dois-suspeitos-de-assassinar-presidente-da-camara-no-ce-sao-mortos-em-confronto-com-a-policia-6773f06e9ea72\">Source link <\/a><\/p>","protected":false},"excerpt":{"rendered":"<p>Dois suspeitos de envolvimento com o assassinato do presidente da C\u00e2mara de vereadores em Tabuleiro do Norte (216 km de Fortaleza) morreram em confronto com a Pol\u00edcia Militar do Cear\u00e1,&hellip;<\/p>","protected":false},"author":1,"featured_media":85463,"comment_status":"closed","ping_status":"open","sticky":false,"template":"","format":"standard","meta":{"content-type":"","footnotes":""},"categories":[16],"tags":[123,2448,5313,1267],"class_list":["post-85462","post","type-post","status-publish","format-standard","has-post-thumbnail","hentry","category-noticias","tag-brasil","tag-diario","tag-noticia","tag-noticias"],"_links":{"self":[{"href":"https:\/\/tvbrazilusa.com\/pt\/wp-json\/wp\/v2\/posts\/85462","targetHints":{"allow":["GET"]}}],"collection":[{"href":"https:\/\/tvbrazilusa.com\/pt\/wp-json\/wp\/v2\/posts"}],"about":[{"href":"https:\/\/tvbrazilusa.com\/pt\/wp-json\/wp\/v2\/types\/post"}],"author":[{"embeddable":true,"href":"https:\/\/tvbrazilusa.com\/pt\/wp-json\/wp\/v2\/users\/1"}],"replies":[{"embeddable":true,"href":"https:\/\/tvbrazilusa.com\/pt\/wp-json\/wp\/v2\/comments?post=85462"}],"version-history":[{"count":1,"href":"https:\/\/tvbrazilusa.com\/pt\/wp-json\/wp\/v2\/posts\/85462\/revisions"}],"predecessor-version":[{"id":85464,"href":"https:\/\/tvbrazilusa.com\/pt\/wp-json\/wp\/v2\/posts\/85462\/revisions\/85464"}],"wp:featuredmedia":[{"embeddable":true,"href":"https:\/\/tvbrazilusa.com\/pt\/wp-json\/wp\/v2\/media\/85463"}],"wp:attachment":[{"href":"https:\/\/tvbrazilusa.com\/pt\/wp-json\/wp\/v2\/media?parent=85462"}],"wp:term":[{"taxonomy":"category","embeddable":true,"href":"https:\/\/tvbrazilusa.com\/pt\/wp-json\/wp\/v2\/categories?post=85462"},{"taxonomy":"post_tag","embeddable":true,"href":"https:\/\/tvbrazilusa.com\/pt\/wp-json\/wp\/v2\/tags?post=85462"}],"curies":[{"name":"wp","href":"https:\/\/api.w.org\/{rel}","templated":true}]}}