{"id":85467,"date":"2024-12-31T15:50:05","date_gmt":"2024-12-31T15:50:05","guid":{"rendered":"https:\/\/tvbrazilusa.com\/2024\/12\/31\/voce-nao-pode-dizer-isso-para-a-equipe-o-raciocinio-detalhado-de-bill-belichick-para-nao-descansar-os-titulares\/"},"modified":"2024-12-31T15:54:49","modified_gmt":"2024-12-31T15:54:49","slug":"voce-nao-pode-dizer-isso-para-a-equipe-o-raciocinio-detalhado-de-bill-belichick-para-nao-descansar-os-titulares","status":"publish","type":"post","link":"https:\/\/tvbrazilusa.com\/pt\/2024\/12\/31\/voce-nao-pode-dizer-isso-para-a-equipe-o-raciocinio-detalhado-de-bill-belichick-para-nao-descansar-os-titulares\/","title":{"rendered":"\u2018Voc\u00ea n\u00e3o pode dizer isso para a equipe\u2019: o racioc\u00ednio detalhado de Bill Belichick para n\u00e3o descansar os titulares"},"content":{"rendered":"<p> <script async src=\"https:\/\/pagead2.googlesyndication.com\/pagead\/js\/adsbygoogle.js?client=ca-pub-8864793242727901\"\r\n     crossorigin=\"anonymous\"><\/script><br \/>\n<\/p>\n<div id=\"\">\n<header class=\"m-article-header m-article-header--standard\">\n\t\t\t\t\t\t\t\t\t\t\t\t<span id=\"article-header-primary-term\"><br \/>\n\t\t\t\t\t\t\t\t<a class=\"a-term a-term--primary\" href=\"https:\/\/www.boston.com\/tag\/morning-sports-update\/\"><\/p>\n<p>\t\t\t\t\t\t\t\tAtualiza\u00e7\u00e3o esportiva matinal\t\t\t\t\t\t\t\t<\/a><br \/>\n\t\t\t\t\t\t\t<\/span><\/p>\n<h2 class=\"m-article-header__sub-headline\">O ex-t\u00e9cnico do Patriots explicou por que \u00e9 dif\u00edcil dar descanso aos jogadores nos chamados jogos \u201csem sentido\u201d no final da temporada regular.<\/h2>\n<figure class=\"a-photo m-article-header__photo\"><figcaption class=\"a-photo__caption\">\n<p>\tBill Belichick em 2023.<em> AP Foto\/Michael Dwyer, Arquivo<\/em>\t<\/figcaption><\/figure>\n<div class=\"m-article-header__meta\">\n<div class=\"m-article-header__byline\">\n<p class=\"m-article-header__author\">\n<p>\t\t\t\t\t\t\t\tPor <a class=\"a-link a-link--inline\" href=\"https:\/\/www.boston.com\/author\/hayden-bird\/\">P\u00e1ssaro Hayden<\/a>\t\t\t\t\t\t\t<\/p>\n<p>\t\t\t\t\t\t\t\t\t\t\t\t\t\t\t<time class=\"m-article-header__date\"><\/p>\n<p>\t\t\t\t\t\t\t\t\t31 de dezembro de 2024 | 10h50\t\t\t\t\t\t\t\t<\/time><\/p>\n<p><span>4 minutos para ler<\/span><\/p>\n<\/p><\/div>\n<\/p><\/div>\n<\/header>\n<p><strong>Bill Belichick explica por que ele n\u00e3o gostava de descansar os iniciantes<\/strong>: Uma das caracter\u00edsticas da equipe de Bill Belichick &#8211; especialmente durante sua s\u00e9rie de sucesso sem precedentes com o <a href=\"https:\/\/www.boston.com\/tag\/new-england-patriots\/\">Patriotas<\/a> &#8211; foi que ele manteve principalmente os titulares em campo, mesmo quando o resultado (seja o jogo espec\u00edfico ou o cen\u00e1rio mais amplo dos playoffs) foi decidido.<\/p>\n<p>No momento, Belichick geralmente evitava fornecer explica\u00e7\u00f5es para o seu pensamento. Apesar das d\u00favidas sobre a sabedoria de deixar pilares da franquia como Tom Brady ou Rob Gronkowski (entre outros) para jogar e arriscar les\u00f5es nos chamados jogos \u201csem sentido\u201d depois que o time conquistou sua vaga nos playoffs, Belichick geralmente evitou as cita\u00e7\u00f5es mais longas (por seu estilo).<\/p>\n<p>Mas no curto espa\u00e7o de tempo que resta em que Belichick ainda \u00e9 membro da m\u00eddia (e n\u00e3o do <a href=\"https:\/\/www.boston.com\/sports\/new-england-patriots\/2024\/12\/11\/bill-belichick-named-north-carolina-unc-football-coach\/\">treinador principal da Universidade da Carolina do Norte<\/a>), ele demonstrou capacidade de articular alguns desses pontos de maneira ponderada.<\/p>\n<p>Ele fez isso durante o recente epis\u00f3dio do \u201c<a href=\"https:\/\/podcasts.apple.com\/us\/podcast\/lets-go-with-bill-belichick-maxx-crosby-peter-king-jim-gray\/id1584409759\">Vamos!<\/a>\u201dPodcast, co-apresentado com Jim Gray. Durante uma entrevista com o t\u00e9cnico do Chargers, Jim Harbaugh, surgiu o assunto sobre o descanso dos titulares no final da temporada regular.<\/p>\n<p>Questionado sobre o assunto, Harbaugh \u2013 cujo time de Los Angeles garantiu uma vaga como wild card, mas n\u00e3o consegue ultrapassar os Chiefs para vencer a divis\u00e3o \u2013 deu um racioc\u00ednio conciso.<\/p>\n<p>\u201cSabe, o que n\u00e3o ressoa agora \u00e9 &#8216;tocar os backups&#8217;\u201d, disse ele a Gray. \u201cO que vamos fazer, vestir 25 caras para o jogo?\u201d<\/p>\n<p>Belichick acenou com a cabe\u00e7a junto com Harbaugh, acrescentando \u201cexatamente\u201d de acordo enquanto o t\u00e9cnico dos Chargers falava. Ele ent\u00e3o elaborou mais detalhadamente por que lutou com a ideia de colocar jogadores no banco para descansar.<\/p>\n<p>\u201cAcho que \u00e9 com isso que algumas pessoas t\u00eam dificuldade: &#8216;Bem, n\u00e3o jogue seus titulares&#8217;. Quero dizer, voc\u00ea s\u00f3 pode ter sete caras inativos\u201d, explicou Belichick. \u201cQuem s\u00e3o eles? E \u00e9 dif\u00edcil ir at\u00e9 o seu time e dizer: &#8216;Bem, n\u00e3o vamos jogar com voc\u00eas aqui, mas o resto de voc\u00eas vai para l\u00e1. N\u00f3s realmente n\u00e3o nos importamos com voc\u00ea. Se voc\u00ea se machucar, isso n\u00e3o importa, mas vamos proteger esses seis ou sete caras. <\/p>\n<p>\u201cVoc\u00ea n\u00e3o pode dizer isso para a equipe\u201d, continuou ele. \u201cIsso n\u00e3o ressoa nada bem, nem deveria. Ent\u00e3o eu sempre tive dificuldade com isso. Agora, se um cara estava lutando contra uma les\u00e3o e todo mundo entendia que ele estava lutando contra uma les\u00e3o, tudo bem, isso \u00e9 uma coisa. Mas apenas dizer: &#8216;Bem, voc\u00eas s\u00e3o importantes, mas voc\u00eas outros n\u00e3o, n\u00e3o nos importamos com o que acontece com voc\u00eas. V\u00e1 l\u00e1 e brinque. Essa n\u00e3o \u00e9 uma mensagem que eu possa enviar \u00e0 equipe. Embora houvesse pessoas na organiza\u00e7\u00e3o que queriam que eu enviasse isso, eu simplesmente n\u00e3o consegui.\u201d <\/p>\n<p>A interessante admiss\u00e3o de Belichick no final \u2013 de que \u201chavia pessoas na organiza\u00e7\u00e3o\u201d que queriam que ele enviasse uma mensagem de hierarquia \u2013 \u00e9 intrigante, embora ele n\u00e3o tenha fornecido detalhes adicionais.<\/p>\n<p>O ex-t\u00e9cnico do New England lutou mais com esse problema espec\u00edfico do que a maioria. Em sua incr\u00edvel jornada com os Patriots, Belichick treinou o time para 17 t\u00edtulos de divis\u00e3o, incluindo 11 consecutivos de 2009-2019.<\/p>\n<blockquote class=\"twitter-tweet\">\n<p lang=\"en\" dir=\"ltr\">Ser\u00e1 que <a href=\"https:\/\/twitter.com\/chargers?ref_src=twsrc%5Etfw\">@Carregadores<\/a> v\u00e1 com calma e descanse suas estrelas na semana 18?<\/p>\n<p>\u201cEstamos atacando-o com um entusiasmo desconhecido pela humanidade.\u201d<\/p>\n<p>Jim Harbaugh com <a href=\"https:\/\/twitter.com\/JimGrayOfficial?ref_src=twsrc%5Etfw\">@JimGrayOficial<\/a> e Bill Belichick em Vamos l\u00e1! \ud83d\udd17 <a href=\"https:\/\/t.co\/P7t3VoA6wC\">https:\/\/t.co\/P7t3VoA6wC<\/a> <a href=\"https:\/\/t.co\/kebpQNw9qK\">pic.twitter.com\/kebpQNw9qK<\/a><\/p>\n<p>&#8211; R\u00e1dio SiriusXM NFL (@SiriusXMNFL) <a href=\"https:\/\/twitter.com\/SiriusXMNFL\/status\/1873911715252859097?ref_src=twsrc%5Etfw\">31 de dezembro de 2024<\/a><\/p><\/blockquote>\n<p><strong>Curiosidades<\/strong>: De 2001 a 2019, os Patriots de Bill Belichick ganharam todos os t\u00edtulos da divis\u00e3o Leste da AFC, exceto dois. Voc\u00ea consegue citar os dois anos espec\u00edficos (e equipes espec\u00edficas) que foram exce\u00e7\u00f5es naquele per\u00edodo?<\/p>\n<p>(Resposta na parte inferior)<\/p>\n<p>Dica: um era um time treinado por Herman Edwards, o outro se destacava pelo uso da forma\u00e7\u00e3o \u201cWildcat\u201d.<\/p>\n<p><strong>Pontua\u00e7\u00f5es e hor\u00e1rios<\/strong>: <\/p>\n<p>O Boston Fleet perdeu por 3 a 1 para o Montreal Victoire na segunda-feira. O Fleet volta ao gelo na quinta-feira contra o Frost em Minnesota \u00e0s 19h30<\/p>\n<p>O Celtics recebe o Raptors \u00e0s 15h de hoje.<\/p>\n<p>Os Bruins tamb\u00e9m jogam hoje, com matin\u00ea fora de casa contra os Capitals \u00e0s 12h30<\/p>\n<p><strong>Mais de Boston.com<\/strong>: <\/p>\n<p><strong>Dois ex-patriotas se lembram de ter conquistado a confian\u00e7a de Tom Brady<\/strong>: Julian Edelman e Rob Gronkowski relembraram o momento em que conquistaram a confian\u00e7a de seu quarterback do Hall da Fama.<\/p>\n<figure class=\"wp-block-embed is-type-video is-provider-youtube wp-block-embed-youtube wp-embed-aspect-16-9 wp-has-aspect-ratio\">\n<p>\n<iframe title=\"Edelman &amp; Gronk Share the Moment They Finally Earned Tom Brady&#039;s Trust\" width=\"1170\" height=\"658\" src=\"https:\/\/www.youtube.com\/embed\/I2L9zuxsw_w?feature=oembed\" frameborder=\"0\" allow=\"accelerometer; autoplay; clipboard-write; encrypted-media; gyroscope; picture-in-picture; web-share\" referrerpolicy=\"strict-origin-when-cross-origin\" allowfullscreen><\/iframe>\n<\/p>\n<\/figure>\n<p><strong>Neste dia<\/strong>: Em 2006, os Patriots encerraram a temporada regular com uma vit\u00f3ria na v\u00e9spera de Ano Novo (40-23) sobre os Tit\u00e3s. O jogo foi not\u00e1vel pelo QB reserva Vinny Testaverde, de 43 anos, fazendo uma participa\u00e7\u00e3o especial no final do jogo, fazendo 2 de 3 com um passe para touchdown.<\/p>\n<figure class=\"wp-block-image size-full\"><img loading=\"lazy\" decoding=\"async\" width=\"1419\" height=\"2560\" src=\"https:\/\/bdc2020.o0bc.com\/wp-content\/uploads\/2024\/12\/Patriots_Titans_2006-677402e3c7713-scaled.jpg\" alt=\"Patriotas de 2006\" class=\"wp-image-32569019\" srcset=\"https:\/\/bdc2020.o0bc.com\/wp-content\/uploads\/2024\/12\/Patriots_Titans_2006-677402e3c7713-scaled.jpg?width=200 200w, https:\/\/bdc2020.o0bc.com\/wp-content\/uploads\/2024\/12\/Patriots_Titans_2006-677402e3c7713-scaled.jpg?width=300 300w, https:\/\/bdc2020.o0bc.com\/wp-content\/uploads\/2024\/12\/Patriots_Titans_2006-677402e3c7713-scaled.jpg?width=400 400w, https:\/\/bdc2020.o0bc.com\/wp-content\/uploads\/2024\/12\/Patriots_Titans_2006-677402e3c7713-scaled.jpg?width=500 500w, https:\/\/bdc2020.o0bc.com\/wp-content\/uploads\/2024\/12\/Patriots_Titans_2006-677402e3c7713-scaled.jpg?width=600 600w, https:\/\/bdc2020.o0bc.com\/wp-content\/uploads\/2024\/12\/Patriots_Titans_2006-677402e3c7713-scaled.jpg?width=700 700w, https:\/\/bdc2020.o0bc.com\/wp-content\/uploads\/2024\/12\/Patriots_Titans_2006-677402e3c7713-scaled.jpg?width=800 800w, https:\/\/bdc2020.o0bc.com\/wp-content\/uploads\/2024\/12\/Patriots_Titans_2006-677402e3c7713-scaled.jpg?width=900 900w\" sizes=\"auto, (max-width: 1419px) 100vw, 1419px\"\/><\/figure>\n<p><strong>Destaque di\u00e1rio<\/strong>: Os Le\u00f5es recorreram a alguns truques bem executados para marcar um touchdown durante a vit\u00f3ria de segunda \u00e0 noite sobre o 49ers. Jameson Williams pegou a lateral e correu para marcar.<\/p>\n<figure class=\"wp-block-embed is-type-rich is-provider-twitter wp-block-embed-twitter\"\/>\n<p><em>Resposta trivial: Jatos de 2002, Golfinhos de 2008<\/em><\/p>\n<div class=\"o-author-single no-avatar\">\n<header class=\"m-author-card\">\n<\/header>\n<section class=\"author-info\">\n<div class=\"m-author__section\">\n<p>Hayden Bird \u00e9 redator de esportes do Boston.com, onde trabalha desde 2016. Ele cobre todos os assuntos esportivos na Nova Inglaterra.<\/p>\n<\/div>\n<\/section>\n<\/div>\n<div class=\"m-block m-generic-cta\t m-generic-cta--post-content\t m-generic-cta--dark\t m-generic-cta--homepage\t m-generic-cta--email-signup\t\t m-generic-cta-block-style--default \tt-amp__generic-cta\"><\/p>\n<div class=\"m-generic-cta__wrap\">\n<div class=\"m-generic-cta__content\">\n<h3 class=\"m-generic-cta__title\">Boston.com hoje<\/h3>\n<p class=\"m-generic-cta__subtitle\">Inscreva-se para receber as \u00faltimas manchetes em sua caixa de entrada todas as manh\u00e3s.<\/p>\n<\/p><\/div>\n<\/p><\/div>\n<\/div><\/div>\n<p><script async src=\"\/\/platform.twitter.com\/widgets.js\" charset=\"utf-8\"><\/script><script>\n\t\tvar consent=\"grant\";\n\t\t\/* The above code is parsing the JSON data from the local storage and storing it in a variable. *\/\n\t\t\t\t\tconst onetrustStorageConsent = JSON.parse(localStorage.getItem( 'consent_one_trust_bdc' ) );\n\t\t\tif ( ( onetrustStorageConsent !== null ) ) {\n\t\t\t\t\/* Checking to see if the user has consented to the use of cookies.\n\t\t\t\t* If they have not, it is deleting the cookie.\n\t\t\t\t* This will comment for now, until further notice.\n\t\t\t\t*\/\n\t\t\t\t\/\/if ( onetrustStorageConsent.C0002 === false ) {\n\t\t\t\t\/\/\tdocument.cookie=\"_fbp=;expires=Thu, 01 Jan 2010 00:00:00 UTC; path=\/; domain=.boston.com\";\n\t\t\t\t\/\/}\n\t\t\t\t\/* Checking if the user has given consent for the cookie C0002.\n\t\t\t\t* If the user has given consent, the variable consent will be set to 'grant'.\n\t\t\t\t* If the user has not given consent,the variable consent will be set to 'revoke'.\n\t\t\t\t* Documentation https:\/\/developers.facebook.com\/docs\/meta-pixel\/implementation\/gdpr\n\t\t\t\t*\/\n\t\t\t\tif ( onetrustStorageConsent.C0002 !== true ) {\n\t\t\t\t\tconsent=\"revoke\";\n\t\t\t\t}\n\t\t\t}\n\t\t\t\t!function(f,b,e,v,n,t,s)\n\t\t{if(f.fbq)return;n=f.fbq=function(){n.callMethod?\n\t\tn.callMethod.apply(n,arguments):n.queue.push(arguments)};\n\t\tif(!f._fbq)f._fbq=n;n.push=n;n.loaded=!0;n.version='2.0';\n\t\tn.queue=[];t=b.createElement(e);t.async=!0;\n\t\tt.src=v;s=b.getElementsByTagName(e)[0];\n\t\ts.parentNode.insertBefore(t,s)}(window, document,'script',\n\t\t'https:\/\/connect.facebook.net\/en_US\/fbevents.js');\n\t\tfbq('consent', consent);\n\t\tfbq('init', '989222871864976');\n\t\tfbq('track', 'PageView');\n\t<\/script><script type=\"module\">\n\t\tvar consent=\"grant\";\n\t\t\/* The above code is parsing the JSON data from the local storage and storing it in a variable. *\/\n\t\t\tconst onetrustStorageConsent = JSON.parse(localStorage.getItem( 'consent_one_trust_bdc' ) );\n\t\t\t\/* Checking to see if the user has consented to the use of cookies.\n\t\t\t* If they have not, it is deleting the cookie.\n\t\t\t* This will comment for now, until further notice.\n\t\t\t*\/\n\t\t\t\/\/if ( onetrustStorageConsent.C0002 === false ) {\n\t\t\t\/\/\tdocument.cookie=\"_fbp=;expires=Thu, 01 Jan 2010 00:00:00 UTC; path=\/; domain=.boston.com\";\n\t\t\t\/\/}\n\t\t\t\/* Checking if the user has given consent for the cookie C0002.\n\t\t\t* If the user has given consent, the variable consent will be set to 'grant'.\n\t\t\t* If the user has not given consent,the variable consent will be set to 'revoke'.\n\t\t\t* Documentation https:\/\/developers.facebook.com\/docs\/meta-pixel\/implementation\/gdpr\n\t\t\t*\/\n\t\t\tif ( ( onetrustStorageConsent !== null ) && (onetrustStorageConsent.C0002 !== true ) ) {\n\t\t\t\tconsent=\"revoke\";\n\t\t\t}\n\t\t\t\t!function(f,b,e,v,n,t,s){if(f.fbq)return;n=f.fbq=function()\n\t\t{n.callMethod? n.callMethod.apply(n,arguments):n.queue.push(arguments)}\n\t\t;if(!f._fbq)f._fbq=n;\n\t\tn.push=n;n.loaded=!0;n.version='2.0';n.queue=[];t=b.createElement(e);t.async=!0;\n\t\tt.src=v;s=b.getElementsByTagName(e)[0];s.parentNode.insertBefore(t,s)}(window,\n\t\tdocument,'script','https:\/\/connect.facebook.net\/en_US\/fbevents.js');\n\t\tfbq('consent', consent);\n\t\tfbq('init', '813236348753005');\n\t\tfbq('track', \"PageView\");\n\t<\/script><br \/>\n<br \/><br \/>\n<br \/><a href=\"https:\/\/www.boston.com\/sports\/morning-sports-update\/2024\/12\/31\/bill-belichick-detailed-reasoning-not-benching-starters\/\">Source link <\/a><\/p>","protected":false},"excerpt":{"rendered":"<p>Atualiza\u00e7\u00e3o esportiva matinal O ex-t\u00e9cnico do Patriots explicou por que \u00e9 dif\u00edcil dar descanso aos jogadores nos chamados jogos \u201csem sentido\u201d no final da temporada regular. Bill Belichick em 2023.&hellip;<\/p>","protected":false},"author":1,"featured_media":85468,"comment_status":"closed","ping_status":"open","sticky":false,"template":"","format":"standard","meta":{"content-type":"","footnotes":""},"categories":[1],"tags":[],"class_list":["post-85467","post","type-post","status-publish","format-standard","has-post-thumbnail","hentry","category-uncategorized"],"_links":{"self":[{"href":"https:\/\/tvbrazilusa.com\/pt\/wp-json\/wp\/v2\/posts\/85467","targetHints":{"allow":["GET"]}}],"collection":[{"href":"https:\/\/tvbrazilusa.com\/pt\/wp-json\/wp\/v2\/posts"}],"about":[{"href":"https:\/\/tvbrazilusa.com\/pt\/wp-json\/wp\/v2\/types\/post"}],"author":[{"embeddable":true,"href":"https:\/\/tvbrazilusa.com\/pt\/wp-json\/wp\/v2\/users\/1"}],"replies":[{"embeddable":true,"href":"https:\/\/tvbrazilusa.com\/pt\/wp-json\/wp\/v2\/comments?post=85467"}],"version-history":[{"count":1,"href":"https:\/\/tvbrazilusa.com\/pt\/wp-json\/wp\/v2\/posts\/85467\/revisions"}],"predecessor-version":[{"id":85469,"href":"https:\/\/tvbrazilusa.com\/pt\/wp-json\/wp\/v2\/posts\/85467\/revisions\/85469"}],"wp:featuredmedia":[{"embeddable":true,"href":"https:\/\/tvbrazilusa.com\/pt\/wp-json\/wp\/v2\/media\/85468"}],"wp:attachment":[{"href":"https:\/\/tvbrazilusa.com\/pt\/wp-json\/wp\/v2\/media?parent=85467"}],"wp:term":[{"taxonomy":"category","embeddable":true,"href":"https:\/\/tvbrazilusa.com\/pt\/wp-json\/wp\/v2\/categories?post=85467"},{"taxonomy":"post_tag","embeddable":true,"href":"https:\/\/tvbrazilusa.com\/pt\/wp-json\/wp\/v2\/tags?post=85467"}],"curies":[{"name":"wp","href":"https:\/\/api.w.org\/{rel}","templated":true}]}}