{"id":85470,"date":"2024-12-31T16:01:09","date_gmt":"2024-12-31T16:01:09","guid":{"rendered":"https:\/\/tvbrazilusa.com\/2024\/12\/31\/9-das-13-estatais-com-deficit-tem-lucro-diz-ministra-da-gestao-deficit-nao-e-prejuizo\/"},"modified":"2024-12-31T16:01:10","modified_gmt":"2024-12-31T16:01:10","slug":"9-das-13-estatais-com-deficit-tem-lucro-diz-ministra-da-gestao-deficit-nao-e-prejuizo","status":"publish","type":"post","link":"https:\/\/tvbrazilusa.com\/pt\/2024\/12\/31\/9-das-13-estatais-com-deficit-tem-lucro-diz-ministra-da-gestao-deficit-nao-e-prejuizo\/","title":{"rendered":"9 das 13 estatais com d\u00e9ficit t\u00eam lucro, diz ministra da gest\u00e3o: &#8216;D\u00e9ficit n\u00e3o \u00e9 preju\u00edzo&#8217;"},"content":{"rendered":"<p> <script async src=\"https:\/\/pagead2.googlesyndication.com\/pagead\/js\/adsbygoogle.js?client=ca-pub-8864793242727901\"\r\n     crossorigin=\"anonymous\"><\/script><br \/>\n<\/p>\n<div id=\"taboola-read-more\" style=\"display:block; width:100%\">\n<p>A ministra do Minist\u00e9rio da Gest\u00e3o e Inova\u00e7\u00e3o em Servi\u00e7os P\u00fablicos (MGI), Esther Dweck, afirmou nesta segunda-feira (30) que, das 13 empresas estatais que registram d\u00e9ficit na apura\u00e7\u00e3o feita pelo Banco Central, nove t\u00eam lucro. As companhias, segundo ela, devem ser avaliadas pela contabilidade empresarial, e n\u00e3o pela contabilidade p\u00fablica.\n<\/p>\n<p>\u201cD\u00e9ficit n\u00e3o \u00e9 preju\u00edzo. E uma empresa n\u00e3o \u00e9 avaliada pelo resultado da contabilidade p\u00fablica. Ela tem de ser avaliada pelo resultado da contabilidade empresarial. Na contabilidade empresarial, quando ela realiza o investimento, esse gasto \u00e9 diferido no tempo, porque ele tem o tempo de amortiza\u00e7\u00e3o daquele gasto, ele n\u00e3o entra como uma despesa cheia no ano. Quando ela utiliza o preceito em caixa, ela n\u00e3o gera preju\u00edzo\u201d, afirmou a ministra.<\/p>\n<p>Segundo o BC, as empresas p\u00fablicas federais tiveram d\u00e9ficit de R$ 6,04 bilh\u00f5es de janeiro a novembro deste ano. A ministra reconheceu que, do total das empresas consideradas, tr\u00eas apresentam algum tipo de preju\u00edzo, como \u00e9 o caso dos Correios \u2013 que, segundo ela, tem um impacto relevante no dado divulgado pela autoridade monet\u00e1ria.\n<\/p>\n<p>Dweck disse que o resultado do Banco Central \u00e9 apurado mensalmente e leva em considera\u00e7\u00e3o apenas as receitas e despesas naquele ano. Ela citou que muitas empresas que fazem parte das estat\u00edsticas do BC receberam aportes do Tesouro Nacional em 2019 e 2020, o que gerou um super\u00e1vit no balan\u00e7o. Boa parte desse dinheiro, disse a ministra, era utilizado para aumentar o caixa das empresas, n\u00e3o necessariamente para que os recursos fossem usados.\n<\/p>\n<p>Com a retirada dessas estatais do Plano Nacional de Desestatiza\u00e7\u00e3o por parte do atual governo, foi permitido que as empresas pudessem voltar a realizar despesas com investimento, segundo Dweck.\n<\/p>\n<p>\u201cA partir do momento que a gente permitiu, novamente, que essas empresas voltassem a investir, muitas delas est\u00e3o utilizando recursos em caixa. E isso gera, do ponto de vista cont\u00e1bil, da contabilidade p\u00fablica, um resultado de d\u00e9ficit. Mas isso n\u00e3o significa que elas tenham tido preju\u00edzo\u201d, argumentou.\n<\/p>\n<p>A ministra disse que a equipe tem feito um esfor\u00e7o para publicar os dados cont\u00e1beis e empresariais simultaneamente ao resultado do Banco Central. Ela refor\u00e7ou ainda que o governo est\u00e1 muito atento \u00e0 sustentabilidade das estatais e lembrou que foi assinado um decreto recentemente para reduzir a depend\u00eancia financeira de algumas companhias.\n<\/p>\n<p>Fonte: InfoMoney              <\/p>\n<\/div>\n<p><br \/>\n<br \/><a href=\"https:\/\/diariodobrasilnoticias.com.br\/noticia\/-deficit-nao-e-prejuizo-diz-ministra-6773f0d57b645\">Source link <\/a><\/p>","protected":false},"excerpt":{"rendered":"<p>A ministra do Minist\u00e9rio da Gest\u00e3o e Inova\u00e7\u00e3o em Servi\u00e7os P\u00fablicos (MGI), Esther Dweck, afirmou nesta segunda-feira (30) que, das 13 empresas estatais que registram d\u00e9ficit na apura\u00e7\u00e3o feita pelo&hellip;<\/p>","protected":false},"author":1,"featured_media":85471,"comment_status":"closed","ping_status":"open","sticky":false,"template":"","format":"standard","meta":{"content-type":"","footnotes":""},"categories":[16],"tags":[123,2448,5313,1267],"class_list":["post-85470","post","type-post","status-publish","format-standard","has-post-thumbnail","hentry","category-noticias","tag-brasil","tag-diario","tag-noticia","tag-noticias"],"_links":{"self":[{"href":"https:\/\/tvbrazilusa.com\/pt\/wp-json\/wp\/v2\/posts\/85470","targetHints":{"allow":["GET"]}}],"collection":[{"href":"https:\/\/tvbrazilusa.com\/pt\/wp-json\/wp\/v2\/posts"}],"about":[{"href":"https:\/\/tvbrazilusa.com\/pt\/wp-json\/wp\/v2\/types\/post"}],"author":[{"embeddable":true,"href":"https:\/\/tvbrazilusa.com\/pt\/wp-json\/wp\/v2\/users\/1"}],"replies":[{"embeddable":true,"href":"https:\/\/tvbrazilusa.com\/pt\/wp-json\/wp\/v2\/comments?post=85470"}],"version-history":[{"count":1,"href":"https:\/\/tvbrazilusa.com\/pt\/wp-json\/wp\/v2\/posts\/85470\/revisions"}],"predecessor-version":[{"id":85472,"href":"https:\/\/tvbrazilusa.com\/pt\/wp-json\/wp\/v2\/posts\/85470\/revisions\/85472"}],"wp:featuredmedia":[{"embeddable":true,"href":"https:\/\/tvbrazilusa.com\/pt\/wp-json\/wp\/v2\/media\/85471"}],"wp:attachment":[{"href":"https:\/\/tvbrazilusa.com\/pt\/wp-json\/wp\/v2\/media?parent=85470"}],"wp:term":[{"taxonomy":"category","embeddable":true,"href":"https:\/\/tvbrazilusa.com\/pt\/wp-json\/wp\/v2\/categories?post=85470"},{"taxonomy":"post_tag","embeddable":true,"href":"https:\/\/tvbrazilusa.com\/pt\/wp-json\/wp\/v2\/tags?post=85470"}],"curies":[{"name":"wp","href":"https:\/\/api.w.org\/{rel}","templated":true}]}}