{"id":85495,"date":"2024-12-31T16:42:29","date_gmt":"2024-12-31T16:42:29","guid":{"rendered":"https:\/\/tvbrazilusa.com\/2024\/12\/31\/taxa-de-juros-a-responsabilidade-agora-e-de-galipolo\/"},"modified":"2024-12-31T16:42:31","modified_gmt":"2024-12-31T16:42:31","slug":"taxa-de-juros-a-responsabilidade-agora-e-de-galipolo","status":"publish","type":"post","link":"https:\/\/tvbrazilusa.com\/pt\/2024\/12\/31\/taxa-de-juros-a-responsabilidade-agora-e-de-galipolo\/","title":{"rendered":"Taxa de juros: a responsabilidade agora \u00e9 de Gal\u00edpolo"},"content":{"rendered":"<p> <script async src=\"https:\/\/pagead2.googlesyndication.com\/pagead\/js\/adsbygoogle.js?client=ca-pub-8864793242727901\"\r\n     crossorigin=\"anonymous\"><\/script><br \/>\n<\/p>\n<div id=\"taboola-read-more\" style=\"display:block; width:100%\">\n<p>Lula assinou, nesta segunda-feira, 30, o termo de posse de Gabriel Gal\u00edpolo como novo presidente do Banco Central para o per\u00edodo de 2025 a 2028. A assinatura, que ocorreu no Pal\u00e1cio da Alvorada, contou com a presen\u00e7a do ministro da Fazenda, Fernando Haddad. Gal\u00edpolo assume o cargo no dia 1\u00ba de janeiro.\n<\/p>\n<p>Gabriel Gal\u00edpolo, que assume o lugar de Roberto Campos Neto, foi indicado pelo presidente e passou por sabatina no Senado no dia 8 de outubro. O novo presidente do BC \u00e9 paulistano, tem 42 anos e foi secret\u00e1rio executivo do Minist\u00e9rio da Fazenda no in\u00edcio da gest\u00e3o de Fernando Haddad. Gal\u00edpolo tem gradua\u00e7\u00e3o e mestrado em economia pela Pontif\u00edcia Universidade Cat\u00f3lica (PUC-SP), j\u00e1 atuou como professor universit\u00e1rio (2006 a 2012) e foi presidente do Banco Fator (2017 a 2021).<\/p>\n<p>Apesar de assumir o cargo nesta quarta-feira, as \u00faltimas reuni\u00f5es do Copom j\u00e1 indicaram aumento na taxa de juros pelo menos at\u00e9 mar\u00e7o do ano de 2025. Integrantes do governo afirmam que essa t\u00e1tica foi adotada para blindar o futuro presidente do Banco Central de cr\u00edticas dos integrantes do Pal\u00e1cio do Planalto. Em 2024, uma das vozes mais estridentes contra o trabalho de Roberto Campos Neto foi Gleisi Hoffmann, presidente do PT.\n<\/p>\n<p>Os novos diretores do BC para al\u00e9m de Gal\u00edpolo<br \/>Al\u00e9m de Gal\u00edpolo, outros tr\u00eas diretores indicados para a institui\u00e7\u00e3o tamb\u00e9m tiveram seus nomes confirmados: Nilton Jos\u00e9 Schneider (para a Diretoria de Pol\u00edtica Monet\u00e1ria), Izabela Moreira Correa (para Diretoria de Relacionamento, Cidadania e Supervis\u00e3o de Conduta) e Gilneu Astolfi Vivan (para a Diretoria de Regula\u00e7\u00e3o). O Senado havia aprovado os nomes dos novos diretores no dia \u00faltimo dia 10 de dezembro.\n<\/p>\n<p>Nilton David, desde 2019, foi chefe de opera\u00e7\u00f5es de Tesouraria do Banco Bradesco e gestor de equipes que realizam opera\u00e7\u00f5es com diversos \u00edndices e ativos financeiros, em S\u00e3o Paulo, Nova York e na Europa. Graduado em engenharia de produ\u00e7\u00e3o pela Universidade de S\u00e3o Paulo (USP) em 1994, trabalhou em institui\u00e7\u00f5es financeiras no Brasil e no exterior.\n<\/p>\n<p>Izabela Correa \u00e9 graduada em administra\u00e7\u00e3o p\u00fablica pela Funda\u00e7\u00e3o Jo\u00e3o Pinheiro (FJP) em 2003. Tem mestrado em ci\u00eancia pol\u00edtica pela Universidade Federal de Minas Gerais (UFMG), doutorado em governo pela London School of Economics and Political Science e pesquisa de p\u00f3s-doutorado pela escola de governo da Universidade de Oxford. No campo acad\u00eamico, foi professora de gest\u00e3o p\u00fablica e pol\u00edticas p\u00fablicas no Insper.\n<\/p>\n<p>Gilneu Vivan \u00e9 economista e tem especializa\u00e7\u00e3o em gest\u00e3o financeira pela Universidade Federal do Rio Grande do Sul. Em 2003, concluiu o mestrado em gest\u00e3o econ\u00f4mica de neg\u00f3cios pela Universidade de Bras\u00edlia. At\u00e9 este ano, foi respons\u00e1vel pelo Departamento da Regula\u00e7\u00e3o do Sistema Financeiro Nacional.\n<\/p>\n<p>Com informa\u00e7\u00f5es da Ag\u00eancia Brasil              <\/p>\n<\/div>\n<p><br \/>\n<br \/><a href=\"https:\/\/diariodobrasilnoticias.com.br\/noticia\/taxa-de-juros-a-responsabilidade-agora-e-de-galipolo-6773fa1601b14\">Source link <\/a><\/p>","protected":false},"excerpt":{"rendered":"<p>Lula assinou, nesta segunda-feira, 30, o termo de posse de Gabriel Gal\u00edpolo como novo presidente do Banco Central para o per\u00edodo de 2025 a 2028. A assinatura, que ocorreu no&hellip;<\/p>","protected":false},"author":1,"featured_media":85496,"comment_status":"closed","ping_status":"open","sticky":false,"template":"","format":"standard","meta":{"content-type":"","footnotes":""},"categories":[16],"tags":[123,2448,5313,1267],"class_list":["post-85495","post","type-post","status-publish","format-standard","has-post-thumbnail","hentry","category-noticias","tag-brasil","tag-diario","tag-noticia","tag-noticias"],"_links":{"self":[{"href":"https:\/\/tvbrazilusa.com\/pt\/wp-json\/wp\/v2\/posts\/85495","targetHints":{"allow":["GET"]}}],"collection":[{"href":"https:\/\/tvbrazilusa.com\/pt\/wp-json\/wp\/v2\/posts"}],"about":[{"href":"https:\/\/tvbrazilusa.com\/pt\/wp-json\/wp\/v2\/types\/post"}],"author":[{"embeddable":true,"href":"https:\/\/tvbrazilusa.com\/pt\/wp-json\/wp\/v2\/users\/1"}],"replies":[{"embeddable":true,"href":"https:\/\/tvbrazilusa.com\/pt\/wp-json\/wp\/v2\/comments?post=85495"}],"version-history":[{"count":1,"href":"https:\/\/tvbrazilusa.com\/pt\/wp-json\/wp\/v2\/posts\/85495\/revisions"}],"predecessor-version":[{"id":85497,"href":"https:\/\/tvbrazilusa.com\/pt\/wp-json\/wp\/v2\/posts\/85495\/revisions\/85497"}],"wp:featuredmedia":[{"embeddable":true,"href":"https:\/\/tvbrazilusa.com\/pt\/wp-json\/wp\/v2\/media\/85496"}],"wp:attachment":[{"href":"https:\/\/tvbrazilusa.com\/pt\/wp-json\/wp\/v2\/media?parent=85495"}],"wp:term":[{"taxonomy":"category","embeddable":true,"href":"https:\/\/tvbrazilusa.com\/pt\/wp-json\/wp\/v2\/categories?post=85495"},{"taxonomy":"post_tag","embeddable":true,"href":"https:\/\/tvbrazilusa.com\/pt\/wp-json\/wp\/v2\/tags?post=85495"}],"curies":[{"name":"wp","href":"https:\/\/api.w.org\/{rel}","templated":true}]}}