{"id":85522,"date":"2024-12-31T17:51:08","date_gmt":"2024-12-31T17:51:08","guid":{"rendered":"https:\/\/tvbrazilusa.com\/2024\/12\/31\/homem-morre-apos-ser-atropelado-por-onibus-da-banda-grafith\/"},"modified":"2024-12-31T17:51:09","modified_gmt":"2024-12-31T17:51:09","slug":"homem-morre-apos-ser-atropelado-por-onibus-da-banda-grafith","status":"publish","type":"post","link":"https:\/\/tvbrazilusa.com\/pt\/2024\/12\/31\/homem-morre-apos-ser-atropelado-por-onibus-da-banda-grafith\/","title":{"rendered":"Homem morre ap\u00f3s ser atropelado por \u00f4nibus da banda Grafith"},"content":{"rendered":"<p> <script async src=\"https:\/\/pagead2.googlesyndication.com\/pagead\/js\/adsbygoogle.js?client=ca-pub-8864793242727901\"\r\n     crossorigin=\"anonymous\"><\/script><br \/>\n<\/p>\n<div id=\"taboola-read-more\" style=\"display:block; width:100%\">\n<p>Um homem morreu na madrugada desta segunda-feira 30 ap\u00f3s ser atropelado pelo \u00f4nibus da banda Grafith durante as celebra\u00e7\u00f5es dos 61 anos da cidade de Vi\u00e7osa, no Rio Grande do Norte, no domingo 29.\n<\/p>\n<p>A v\u00edtima, identificada como Fabiano Gomes Liberato, de 32 anos, chegou a ser socorrida e levada ao Hospital Regional de Pau dos Ferros, mas n\u00e3o resistiu. Fabiano morava em S\u00e3o Paulo e estava na cidade para buscar a m\u00e3e e lev\u00e1-la para morar com ele na capital paulista.<\/p>\n<p>Segundo informa\u00e7\u00f5es, Fabiano teria tentado tirar uma selfie pr\u00f3ximo ao ve\u00edculo enquanto ele realizava uma manobra ao lado da pra\u00e7a de eventos, foi ent\u00e3o que o motorista acabou atropelando o homem sem perceber sua presen\u00e7a.\n<\/p>\n<p>Fonte: Agora RN<\/p>\n<\/div>\n<p><br \/>\n<br \/><a href=\"https:\/\/diariodobrasilnoticias.com.br\/noticia\/homem-morre-apos-ser-atropelado-por-onibus-da-banda-grafith-6774027151c97\">Source link <\/a><\/p>","protected":false},"excerpt":{"rendered":"<p>Um homem morreu na madrugada desta segunda-feira 30 ap\u00f3s ser atropelado pelo \u00f4nibus da banda Grafith durante as celebra\u00e7\u00f5es dos 61 anos da cidade de Vi\u00e7osa, no Rio Grande do&hellip;<\/p>","protected":false},"author":1,"featured_media":85523,"comment_status":"closed","ping_status":"open","sticky":false,"template":"","format":"standard","meta":{"content-type":"","footnotes":""},"categories":[16],"tags":[123,2448,5313,1267],"class_list":["post-85522","post","type-post","status-publish","format-standard","has-post-thumbnail","hentry","category-noticias","tag-brasil","tag-diario","tag-noticia","tag-noticias"],"_links":{"self":[{"href":"https:\/\/tvbrazilusa.com\/pt\/wp-json\/wp\/v2\/posts\/85522","targetHints":{"allow":["GET"]}}],"collection":[{"href":"https:\/\/tvbrazilusa.com\/pt\/wp-json\/wp\/v2\/posts"}],"about":[{"href":"https:\/\/tvbrazilusa.com\/pt\/wp-json\/wp\/v2\/types\/post"}],"author":[{"embeddable":true,"href":"https:\/\/tvbrazilusa.com\/pt\/wp-json\/wp\/v2\/users\/1"}],"replies":[{"embeddable":true,"href":"https:\/\/tvbrazilusa.com\/pt\/wp-json\/wp\/v2\/comments?post=85522"}],"version-history":[{"count":1,"href":"https:\/\/tvbrazilusa.com\/pt\/wp-json\/wp\/v2\/posts\/85522\/revisions"}],"predecessor-version":[{"id":85524,"href":"https:\/\/tvbrazilusa.com\/pt\/wp-json\/wp\/v2\/posts\/85522\/revisions\/85524"}],"wp:featuredmedia":[{"embeddable":true,"href":"https:\/\/tvbrazilusa.com\/pt\/wp-json\/wp\/v2\/media\/85523"}],"wp:attachment":[{"href":"https:\/\/tvbrazilusa.com\/pt\/wp-json\/wp\/v2\/media?parent=85522"}],"wp:term":[{"taxonomy":"category","embeddable":true,"href":"https:\/\/tvbrazilusa.com\/pt\/wp-json\/wp\/v2\/categories?post=85522"},{"taxonomy":"post_tag","embeddable":true,"href":"https:\/\/tvbrazilusa.com\/pt\/wp-json\/wp\/v2\/tags?post=85522"}],"curies":[{"name":"wp","href":"https:\/\/api.w.org\/{rel}","templated":true}]}}