{"id":85540,"date":"2024-12-31T17:41:46","date_gmt":"2024-12-31T17:41:46","guid":{"rendered":"https:\/\/tvbrazilusa.com\/2024\/12\/31\/o-chefe-de-policia-aposentado-de-cantao-que-liderou-o-departamento-no-caso-karen-read-morreu\/"},"modified":"2024-12-31T18:09:20","modified_gmt":"2024-12-31T18:09:20","slug":"o-chefe-de-policia-aposentado-de-cantao-que-liderou-o-departamento-no-caso-karen-read-morreu","status":"publish","type":"post","link":"https:\/\/tvbrazilusa.com\/pt\/2024\/12\/31\/o-chefe-de-policia-aposentado-de-cantao-que-liderou-o-departamento-no-caso-karen-read-morreu\/","title":{"rendered":"O chefe de pol\u00edcia aposentado de Cant\u00e3o que liderou o departamento no caso Karen Read morreu"},"content":{"rendered":"<p> <script async src=\"https:\/\/pagead2.googlesyndication.com\/pagead\/js\/adsbygoogle.js?client=ca-pub-8864793242727901\"\r\n     crossorigin=\"anonymous\"><\/script><br \/>\n<\/p>\n<div id=\"\">\n<header class=\"m-article-header m-article-header--standard\">\n\t\t\t\t\t\t\t\t\t\t\t\t<span id=\"article-header-primary-term\"><br \/>\n\t\t\t\t\t\t\t\t<a class=\"a-term a-term--primary\" href=\"https:\/\/www.boston.com\/tag\/local-news\/\"><\/p>\n<p>\t\t\t\t\t\t\t\tNot\u00edcias locais\t\t\t\t\t\t\t\t<\/a><br \/>\n\t\t\t\t\t\t\t<\/span><\/p>\n<h2 class=\"m-article-header__sub-headline\">Kenneth Berkowitz serviu como chefe de pol\u00edcia de Cant\u00e3o durante o COVID-19, varrendo as reformas policiais em todo o estado e a pol\u00eamica investiga\u00e7\u00e3o sobre a morte de John O&#8217;Keefe.<\/h2>\n<figure class=\"a-photo m-article-header__photo\"><figcaption class=\"a-photo__caption\">\n<p>\tO chefe de pol\u00edcia do cant\u00e3o, Ken Berkowitz, atualizou os rep\u00f3rteres ap\u00f3s um esfaqueamento em 2015. Berkowitz morreu no s\u00e1bado, pouco mais de dois anos depois de se aposentar da for\u00e7a policial.<em> Scott Eisen para The Boston Globe, Arquivo<\/em>\t<\/figcaption><\/figure>\n<div class=\"m-article-header__meta\">\n<div class=\"m-article-header__byline\">\n<p class=\"m-article-header__author\">\n<p>\t\t\t\t\t\t\t\tPor <a class=\"a-link a-link--inline\" href=\"https:\/\/www.boston.com\/author\/abby-patkin\/\">Abby Patkin<\/a>\t\t\t\t\t\t\t<\/p>\n<p>\t\t\t\t\t\t\t\t\t\t\t\t\t\t\t<time class=\"m-article-header__date\"><\/p>\n<p>\t\t\t\t\t\t\t\t\t31 de dezembro de 2024 | 12h41\t\t\t\t\t\t\t\t<\/time><\/p>\n<p><span>2 minutos para ler<\/span><\/p>\n<\/p><\/div>\n<\/p><\/div>\n<\/header>\n<p>Antigo <a href=\"https:\/\/www.boston.com\/news\/local-news\/2024\/11\/05\/independent-firm-chosen-canton-police-department-audit\/\" target=\"_blank\" rel=\"noreferrer noopener\">Pol\u00edcia Cant\u00e3o<\/a> O chefe Kenneth Berkowitz morreu no s\u00e1bado, pouco mais de dois anos ap\u00f3s sua aposentadoria. <\/p>\n<p>O administrador da cidade de Cant\u00e3o, Charles Doody, confirmou a morte de Berkowitz na segunda-feira, mas disse que a cidade n\u00e3o divulgar\u00e1 um comunicado oficial, a pedido da fam\u00edlia do ex-chefe. <\/p>\n<p>A causa da morte de Berkowitz n\u00e3o foi divulgada.<\/p>\n<p>Ele se aposentou em 2022 ap\u00f3s um mandato de 17 anos como chefe, dizendo que era hora de \u201cpassar a tocha\u201d, o <a href=\"https:\/\/www.thecantoncitizen.com\/2022\/03\/25\/chief-retires\/\" target=\"_blank\" rel=\"noreferrer noopener\">Cidad\u00e3o de Cant\u00e3o<\/a> relatado na \u00e9poca. Morador de Cant\u00e3o, Berkowitz ingressou no departamento de pol\u00edcia da cidade como patrulheiro em 1992 e subiu na hierarquia antes de ser escolhido para assumir as r\u00e9deas em 2005, de acordo com o meio de comunica\u00e7\u00e3o.<\/p>\n<p>Em seus \u00faltimos anos como chefe, Berkowitz liderou o departamento durante a COVID-19 e <a href=\"https:\/\/www.boston.com\/news\/local-news\/2020\/12\/31\/charlie-baker-signs-police-reform-bill\/\" target=\"_blank\" rel=\"noreferrer noopener\">reformas policiais em todo o estado<\/a>. Ele refletiu sobre sua longa carreira durante um jantar de aposentadoria em 2022, gravado por <a href=\"http:\/\/cctv-vod.cablecast.tv\/CablecastPublicSite\/show\/2053?site=1\" target=\"_blank\" rel=\"noreferrer noopener\">Televis\u00e3o Comunit\u00e1ria de Cant\u00e3o<\/a>.<\/p>\n<p>\u201cAos residentes e \u00e0s pessoas que conheci durante os momentos mais sombrios, espero e rezo para ter conseguido apagar um pouco da sua dor, ou pelo menos torn\u00e1-la um pouco mais suport\u00e1vel\u201d, disse Berkowitz. <\/p>\n<p>Autoridades eleitas tamb\u00e9m prestaram homenagem a Berkowitz no jantar, incluindo o promotor distrital de Norfolk, Michael Morrissey.<\/p>\n<p>\u201cQuando temos casos dif\u00edceis, \u00e9 um departamento de primeira linha e contamos com muito apoio do chefe\u201d, disse Morrissey sobre a pol\u00edcia de Cant\u00e3o. <\/p>\n<p>No entanto, a reforma de Berkowitz foi, de certa forma, ofuscada pela liga\u00e7\u00e3o do departamento ao controverso <a href=\"https:\/\/www.boston.com\/tag\/karen-read\/\" target=\"_blank\" rel=\"noreferrer noopener\">Karen leu<\/a> caso. <\/p>\n<p>Read, 44, \u00e9 acusada de embriagada e deliberadamente dar r\u00e9 com seu SUV em seu namorado, o policial de Boston John O&#8217;Keefe, do lado de fora de uma casa em Canton em 29 de janeiro de 2022. Seus advogados afirmam que ela foi enquadrada em um encobrimento policial e tem <a href=\"https:\/\/www.boston.com\/news\/crime\/2024\/05\/06\/karen-read-murder-trial-livestream-video-monday-may-6\/\" target=\"_blank\" rel=\"noreferrer noopener\">supostos conflitos de interesse<\/a> entre os investigadores e examinou os protocolos da cena do crime do Departamento de Pol\u00edcia de Cant\u00e3o.<\/p>\n<p>Durante o primeiro julgamento por assassinato de Read na primavera passada, oficiais do Cant\u00e3o testemunharam sobre o uso <a href=\"https:\/\/www.boston.com\/news\/crime\/2024\/05\/06\/karen-read-murder-trial-livestream-video-monday-may-6\/\" target=\"_blank\" rel=\"noreferrer noopener\">copos de pl\u00e1stico Solo<\/a> como recipientes improvisados \u200b\u200bpara coleta de evid\u00eancias durante a investiga\u00e7\u00e3o da morte de O&#8217;Keefe. Os jurados viram a foto de uma sacola de supermercado Stop &#038; Shop carregando v\u00e1rios copos Solo que continham amostras de sangue congeladas.<\/p>\n<p>Berkowitz tamb\u00e9m supostamente avistou um peda\u00e7o da lanterna traseira quebrada de Read na neve derretida enquanto passava pela cena do crime v\u00e1rios dias ap\u00f3s a morte de O&#8217;Keefe, por <a href=\"https:\/\/www.boston.com\/news\/crime\/2024\/05\/07\/karen-read-murder-trial-livestream-video-tuesday-may-7\/\" target=\"_blank\" rel=\"noreferrer noopener\">testemunho<\/a> do Tenente da Pol\u00edcia de Cant\u00e3o Michael Lank. <\/p>\n<p>Os advogados de Read inclu\u00edram Berkowitz em seus <a href=\"https:\/\/www.boston.com\/news\/crime\/2024\/04\/16\/karen-read-murder-trial-witnesses\/\" target=\"_blank\" rel=\"noreferrer noopener\">lista de poss\u00edveis testemunhas<\/a>embora ele nunca tenha tomado posi\u00e7\u00e3o. Os promotores planejam tentar novamente Read em 2025, depois que seu primeiro julgamento terminou com um j\u00fari empatado em 1\u00ba de julho.<\/p>\n<p>De acordo com um <a href=\"https:\/\/brezniakfuneraldirectors.com\/obituary-archive\/kenneth-berkowitz\/\" target=\"_blank\" rel=\"noreferrer noopener\">aviso de falecimento<\/a> dos diretores funer\u00e1rios de Brezniak, Berkowitz ser\u00e1 homenageado em um servi\u00e7o religioso no Temple Sinai em Sharon na quinta-feira. Doa\u00e7\u00f5es em mem\u00f3ria de Berkowitz podem ser feitas para <a href=\"https:\/\/copsforkidswithcancer.org\/\" target=\"_blank\" rel=\"noreferrer noopener\">Policiais para crian\u00e7as com c\u00e2ncer<\/a>Caixa Postal 850956, Braintree, MA 02185.<\/p>\n<div class=\"o-author-single has-avatar\">\n<header class=\"m-author-card\">\n<div class=\"a-image a-image--square m-author-card__image\">\n\t\t<img decoding=\"async\" class=\"\" src=\"https:\/\/www.boston.com\/wp-content\/uploads\/2024\/10\/cropped-Patkin-Headshot-66fea67b66dd2-scaled-1-66fea6a1c6f25.jpg\" alt=\"Imagem do perfil de Abby Patkin\"\/>\t<\/div>\n<\/header>\n<section class=\"author-info\">\n<div class=\"m-author__section\">\n<p>Abby Patkin \u00e9 uma rep\u00f3rter de not\u00edcias gerais cujo trabalho aborda transporte p\u00fablico, crime, sa\u00fade e tudo mais.<\/p>\n<\/div>\n<\/section>\n<\/div>\n<div class=\"m-block m-generic-cta\t m-generic-cta--post-content\t m-generic-cta--dark\t m-generic-cta--homepage\t m-generic-cta--email-signup\t\t m-generic-cta-block-style--default \tt-amp__generic-cta\"><\/p>\n<div class=\"m-generic-cta__wrap\">\n<div class=\"m-generic-cta__content\">\n<h3 class=\"m-generic-cta__title\">Boston.com hoje<\/h3>\n<p class=\"m-generic-cta__subtitle\">Inscreva-se para receber as \u00faltimas manchetes em sua caixa de entrada todas as manh\u00e3s.<\/p>\n<\/p><\/div>\n<\/p><\/div>\n<\/div><\/div>\n<p><script>\n\t\tvar consent=\"grant\";\n\t\t\/* The above code is parsing the JSON data from the local storage and storing it in a variable. *\/\n\t\t\t\t\tconst onetrustStorageConsent = JSON.parse(localStorage.getItem( 'consent_one_trust_bdc' ) );\n\t\t\tif ( ( onetrustStorageConsent !== null ) ) {\n\t\t\t\t\/* Checking to see if the user has consented to the use of cookies.\n\t\t\t\t* If they have not, it is deleting the cookie.\n\t\t\t\t* This will comment for now, until further notice.\n\t\t\t\t*\/\n\t\t\t\t\/\/if ( onetrustStorageConsent.C0002 === false ) {\n\t\t\t\t\/\/\tdocument.cookie=\"_fbp=;expires=Thu, 01 Jan 2010 00:00:00 UTC; path=\/; domain=.boston.com\";\n\t\t\t\t\/\/}\n\t\t\t\t\/* Checking if the user has given consent for the cookie C0002.\n\t\t\t\t* If the user has given consent, the variable consent will be set to 'grant'.\n\t\t\t\t* If the user has not given consent,the variable consent will be set to 'revoke'.\n\t\t\t\t* Documentation https:\/\/developers.facebook.com\/docs\/meta-pixel\/implementation\/gdpr\n\t\t\t\t*\/\n\t\t\t\tif ( onetrustStorageConsent.C0002 !== true ) {\n\t\t\t\t\tconsent=\"revoke\";\n\t\t\t\t}\n\t\t\t}\n\t\t\t\t!function(f,b,e,v,n,t,s)\n\t\t{if(f.fbq)return;n=f.fbq=function(){n.callMethod?\n\t\tn.callMethod.apply(n,arguments):n.queue.push(arguments)};\n\t\tif(!f._fbq)f._fbq=n;n.push=n;n.loaded=!0;n.version='2.0';\n\t\tn.queue=[];t=b.createElement(e);t.async=!0;\n\t\tt.src=v;s=b.getElementsByTagName(e)[0];\n\t\ts.parentNode.insertBefore(t,s)}(window, document,'script',\n\t\t'https:\/\/connect.facebook.net\/en_US\/fbevents.js');\n\t\tfbq('consent', consent);\n\t\tfbq('init', '989222871864976');\n\t\tfbq('track', 'PageView');\n\t<\/script><script type=\"module\">\n\t\tvar consent=\"grant\";\n\t\t\/* The above code is parsing the JSON data from the local storage and storing it in a variable. *\/\n\t\t\tconst onetrustStorageConsent = JSON.parse(localStorage.getItem( 'consent_one_trust_bdc' ) );\n\t\t\t\/* Checking to see if the user has consented to the use of cookies.\n\t\t\t* If they have not, it is deleting the cookie.\n\t\t\t* This will comment for now, until further notice.\n\t\t\t*\/\n\t\t\t\/\/if ( onetrustStorageConsent.C0002 === false ) {\n\t\t\t\/\/\tdocument.cookie=\"_fbp=;expires=Thu, 01 Jan 2010 00:00:00 UTC; path=\/; domain=.boston.com\";\n\t\t\t\/\/}\n\t\t\t\/* Checking if the user has given consent for the cookie C0002.\n\t\t\t* If the user has given consent, the variable consent will be set to 'grant'.\n\t\t\t* If the user has not given consent,the variable consent will be set to 'revoke'.\n\t\t\t* Documentation https:\/\/developers.facebook.com\/docs\/meta-pixel\/implementation\/gdpr\n\t\t\t*\/\n\t\t\tif ( ( onetrustStorageConsent !== null ) && (onetrustStorageConsent.C0002 !== true ) ) {\n\t\t\t\tconsent=\"revoke\";\n\t\t\t}\n\t\t\t\t!function(f,b,e,v,n,t,s){if(f.fbq)return;n=f.fbq=function()\n\t\t{n.callMethod? n.callMethod.apply(n,arguments):n.queue.push(arguments)}\n\t\t;if(!f._fbq)f._fbq=n;\n\t\tn.push=n;n.loaded=!0;n.version='2.0';n.queue=[];t=b.createElement(e);t.async=!0;\n\t\tt.src=v;s=b.getElementsByTagName(e)[0];s.parentNode.insertBefore(t,s)}(window,\n\t\tdocument,'script','https:\/\/connect.facebook.net\/en_US\/fbevents.js');\n\t\tfbq('consent', consent);\n\t\tfbq('init', '813236348753005');\n\t\tfbq('track', \"PageView\");\n\t<\/script><br \/>\n<br \/><br \/>\n<br \/><a href=\"https:\/\/www.boston.com\/news\/local-news\/2024\/12\/31\/retired-canton-police-chief-who-led-department-through-karen-read-case-has-died\/\">Source link <\/a><\/p>","protected":false},"excerpt":{"rendered":"<p>Not\u00edcias locais Kenneth Berkowitz serviu como chefe de pol\u00edcia de Cant\u00e3o durante o COVID-19, varrendo as reformas policiais em todo o estado e a pol\u00eamica investiga\u00e7\u00e3o sobre a morte de&hellip;<\/p>","protected":false},"author":1,"featured_media":85541,"comment_status":"closed","ping_status":"open","sticky":false,"template":"","format":"standard","meta":{"content-type":"","footnotes":""},"categories":[1],"tags":[],"class_list":["post-85540","post","type-post","status-publish","format-standard","has-post-thumbnail","hentry","category-uncategorized"],"_links":{"self":[{"href":"https:\/\/tvbrazilusa.com\/pt\/wp-json\/wp\/v2\/posts\/85540","targetHints":{"allow":["GET"]}}],"collection":[{"href":"https:\/\/tvbrazilusa.com\/pt\/wp-json\/wp\/v2\/posts"}],"about":[{"href":"https:\/\/tvbrazilusa.com\/pt\/wp-json\/wp\/v2\/types\/post"}],"author":[{"embeddable":true,"href":"https:\/\/tvbrazilusa.com\/pt\/wp-json\/wp\/v2\/users\/1"}],"replies":[{"embeddable":true,"href":"https:\/\/tvbrazilusa.com\/pt\/wp-json\/wp\/v2\/comments?post=85540"}],"version-history":[{"count":1,"href":"https:\/\/tvbrazilusa.com\/pt\/wp-json\/wp\/v2\/posts\/85540\/revisions"}],"predecessor-version":[{"id":85542,"href":"https:\/\/tvbrazilusa.com\/pt\/wp-json\/wp\/v2\/posts\/85540\/revisions\/85542"}],"wp:featuredmedia":[{"embeddable":true,"href":"https:\/\/tvbrazilusa.com\/pt\/wp-json\/wp\/v2\/media\/85541"}],"wp:attachment":[{"href":"https:\/\/tvbrazilusa.com\/pt\/wp-json\/wp\/v2\/media?parent=85540"}],"wp:term":[{"taxonomy":"category","embeddable":true,"href":"https:\/\/tvbrazilusa.com\/pt\/wp-json\/wp\/v2\/categories?post=85540"},{"taxonomy":"post_tag","embeddable":true,"href":"https:\/\/tvbrazilusa.com\/pt\/wp-json\/wp\/v2\/tags?post=85540"}],"curies":[{"name":"wp","href":"https:\/\/api.w.org\/{rel}","templated":true}]}}