{"id":85543,"date":"2024-12-31T18:16:02","date_gmt":"2024-12-31T18:16:02","guid":{"rendered":"https:\/\/tvbrazilusa.com\/2024\/12\/31\/aviao-da-voepass-com-47-pessoas-retorna-a-aeroporto-apos-problema-tecnico\/"},"modified":"2024-12-31T18:16:03","modified_gmt":"2024-12-31T18:16:03","slug":"aviao-da-voepass-com-47-pessoas-retorna-a-aeroporto-apos-problema-tecnico","status":"publish","type":"post","link":"https:\/\/tvbrazilusa.com\/pt\/2024\/12\/31\/aviao-da-voepass-com-47-pessoas-retorna-a-aeroporto-apos-problema-tecnico\/","title":{"rendered":"Avi\u00e3o da Voepass com 47 pessoas retorna a aeroporto ap\u00f3s problema t\u00e9cnico"},"content":{"rendered":"<p> <script async src=\"https:\/\/pagead2.googlesyndication.com\/pagead\/js\/adsbygoogle.js?client=ca-pub-8864793242727901\"\r\n     crossorigin=\"anonymous\"><\/script><br \/>\n<\/p>\n<div id=\"taboola-read-more\" style=\"display:block; width:100%\">\n<p>Um avi\u00e3o da Voepass com 43 passageiros e quatro tripulantes precisou retornar ao Aeroporto Leite Lopes, em Ribeir\u00e3o Preto (SP), na noite desta segunda-feira (30) ap\u00f3s apresentar um problema t\u00e9cnico, informou a companhia. Ningu\u00e9m ficou ferido.\n<\/p>\n<p>A aeronave decolou rumo ao Aeroporto Internacional de Guarulhos, em S\u00e3o Paulo (SP), \u00e0s 20h30. Segundo a plataforma Flightradar, 45 minutos depois, ela teve de voltar a Ribeir\u00e3o devido \u00e0 falha.<\/p>\n<p>At\u00e9 a \u00faltima atualiza\u00e7\u00e3o desta reportagem, a Voepass n\u00e3o havia detalhado que tipo de falha ocorreu.\n<\/p>\n<p>Os passageiros foram realocados em um outro avi\u00e3o da companhia, que decolou \u00e0s 22h01, com 1h31 de atraso.\n<\/p>\n<p>Esta foi a segunda vez neste m\u00eas de dezembro que uma aeronave da companhia que seguia para Guarulhos precisou voltar a Ribeir\u00e3o por causa de problemas t\u00e9cnicos. No dia 3, o voo afetado transportava 57 passageiros e quatro tripulantes. Tamb\u00e9m n\u00e3o houve feridos na ocasi\u00e3o.\n<\/p>\n<p>Desastre a\u00e9reo<br \/>A Voepass era a dona do ATR-72 que caiu em Vinhedo, interior de SP, no dia 9 de agosto. Os quatro tripulantes e 58 passageiros morreram. O acidente \u00e9 o maior da hist\u00f3ria da avia\u00e7\u00e3o brasileira desde a trag\u00e9dia da TAM, em 2007, no Aeroporto de Congonhas, que deixou 199 mortos.\n<\/p>\n<p>O avi\u00e3o seguia de Cascavel para Guarulhos (SP). Segundo a For\u00e7a A\u00e9rea Brasileira (FAB), o voo ocorreu dentro da normalidade at\u00e9 as 13h20, mas a partir das 13h21 a aeronave n\u00e3o respondeu \u00e0s chamadas da torre de S\u00e3o Paulo, bem como n\u00e3o declarou emerg\u00eancia ou reportou estar sob condi\u00e7\u00f5es meteorol\u00f3gicas adversas. &#8220;A perda do contato radar ocorreu \u00e0s 13h22&#8221;.\n<\/p>\n<p>Com informa\u00e7\u00f5es de g1              <\/p>\n<\/div>\n<p><br \/>\n<br \/><a href=\"https:\/\/diariodobrasilnoticias.com.br\/noticia\/aviao-da-voepass-com-47-pessoas-retorna-a-aeroporto-apos-problema-tecnico-67740f8fd7042\">Source link <\/a><\/p>","protected":false},"excerpt":{"rendered":"<p>Um avi\u00e3o da Voepass com 43 passageiros e quatro tripulantes precisou retornar ao Aeroporto Leite Lopes, em Ribeir\u00e3o Preto (SP), na noite desta segunda-feira (30) ap\u00f3s apresentar um problema t\u00e9cnico,&hellip;<\/p>","protected":false},"author":1,"featured_media":85544,"comment_status":"closed","ping_status":"open","sticky":false,"template":"","format":"standard","meta":{"content-type":"","footnotes":""},"categories":[16],"tags":[123,2448,5313,1267],"class_list":["post-85543","post","type-post","status-publish","format-standard","has-post-thumbnail","hentry","category-noticias","tag-brasil","tag-diario","tag-noticia","tag-noticias"],"_links":{"self":[{"href":"https:\/\/tvbrazilusa.com\/pt\/wp-json\/wp\/v2\/posts\/85543","targetHints":{"allow":["GET"]}}],"collection":[{"href":"https:\/\/tvbrazilusa.com\/pt\/wp-json\/wp\/v2\/posts"}],"about":[{"href":"https:\/\/tvbrazilusa.com\/pt\/wp-json\/wp\/v2\/types\/post"}],"author":[{"embeddable":true,"href":"https:\/\/tvbrazilusa.com\/pt\/wp-json\/wp\/v2\/users\/1"}],"replies":[{"embeddable":true,"href":"https:\/\/tvbrazilusa.com\/pt\/wp-json\/wp\/v2\/comments?post=85543"}],"version-history":[{"count":1,"href":"https:\/\/tvbrazilusa.com\/pt\/wp-json\/wp\/v2\/posts\/85543\/revisions"}],"predecessor-version":[{"id":85545,"href":"https:\/\/tvbrazilusa.com\/pt\/wp-json\/wp\/v2\/posts\/85543\/revisions\/85545"}],"wp:featuredmedia":[{"embeddable":true,"href":"https:\/\/tvbrazilusa.com\/pt\/wp-json\/wp\/v2\/media\/85544"}],"wp:attachment":[{"href":"https:\/\/tvbrazilusa.com\/pt\/wp-json\/wp\/v2\/media?parent=85543"}],"wp:term":[{"taxonomy":"category","embeddable":true,"href":"https:\/\/tvbrazilusa.com\/pt\/wp-json\/wp\/v2\/categories?post=85543"},{"taxonomy":"post_tag","embeddable":true,"href":"https:\/\/tvbrazilusa.com\/pt\/wp-json\/wp\/v2\/tags?post=85543"}],"curies":[{"name":"wp","href":"https:\/\/api.w.org\/{rel}","templated":true}]}}