{"id":85546,"date":"2024-12-31T18:19:30","date_gmt":"2024-12-31T18:19:30","guid":{"rendered":"https:\/\/tvbrazilusa.com\/2024\/12\/31\/homem-condenado-pelo-incendio-em-beverly-em-1984-que-matou-15-pessoas-recebeu-novo-julgamento-procurador-vai-recorrer\/"},"modified":"2024-12-31T18:21:22","modified_gmt":"2024-12-31T18:21:22","slug":"homem-condenado-pelo-incendio-em-beverly-em-1984-que-matou-15-pessoas-recebeu-novo-julgamento-procurador-vai-recorrer","status":"publish","type":"post","link":"https:\/\/tvbrazilusa.com\/pt\/2024\/12\/31\/homem-condenado-pelo-incendio-em-beverly-em-1984-que-matou-15-pessoas-recebeu-novo-julgamento-procurador-vai-recorrer\/","title":{"rendered":"Homem condenado pelo inc\u00eandio em Beverly em 1984, que matou 15 pessoas, recebeu novo julgamento; Procurador vai recorrer"},"content":{"rendered":"<p> <script async src=\"https:\/\/pagead2.googlesyndication.com\/pagead\/js\/adsbygoogle.js?client=ca-pub-8864793242727901\"\r\n     crossorigin=\"anonymous\"><\/script><br \/>\n<\/p>\n<div id=\"\">\n<header class=\"m-article-header m-article-header--standard\">\n\t\t\t\t\t\t\t\t\t\t\t\t<span id=\"article-header-primary-term\"><br \/>\n\t\t\t\t\t\t\t\t<a class=\"a-term a-term--primary\" href=\"https:\/\/www.boston.com\/tag\/local-news\/\"><\/p>\n<p>\t\t\t\t\t\t\t\tNot\u00edcias locais\t\t\t\t\t\t\t\t<\/a><br \/>\n\t\t\t\t\t\t\t<\/span><\/p>\n<h2 class=\"m-article-header__sub-headline\">Uma pens\u00e3o em Beverly pegou fogo em 1984, levando \u00e0 condena\u00e7\u00e3o de James Carver.<\/h2>\n<figure class=\"a-photo m-article-header__photo\"><figcaption class=\"a-photo__caption\">\n<p>\tUm memorial em homenagem \u00e0s 15 v\u00edtimas do inc\u00eandio na pens\u00e3o de Beverly. <em> Joanne Rathe\/Boston Globe<\/em>\t<\/figcaption><\/figure>\n<\/header>\n<p>Em 1989, James Carver foi condenado \u00e0 pris\u00e3o perp\u00e9tua por iniciar um inc\u00eandio em uma pens\u00e3o em Beverly, que matou 15 pessoas. Um juiz concedeu-lhe um novo julgamento na semana passada, decidindo que os novos desenvolvimentos na ci\u00eancia do fogo e na identifica\u00e7\u00e3o de testemunhas oculares nas d\u00e9cadas seguintes justificam tal decis\u00e3o. <\/p>\n<p>O juiz Jeffrey Karp, do Tribunal Superior do Condado de Essex, decidiu a favor de Carver. Agora com 61 anos, Carver est\u00e1 preso desde a sua condena\u00e7\u00e3o e sempre manteve a sua inoc\u00eancia. O gabinete do promotor distrital de Essex, Paul Tucker, est\u00e1 apelando da decis\u00e3o de Karp. <\/p>\n<p>\u201cNa semana passada, recebemos a decis\u00e3o do Tribunal permitindo o quinto pedido do r\u00e9u para um novo julgamento. Suas quatro mo\u00e7\u00f5es anteriores e v\u00e1rios recursos foram negados. Discordamos respeitosamente da decis\u00e3o e, ap\u00f3s an\u00e1lise cuidadosa, tomamos a decis\u00e3o de apelar\u201d, disse Tucker em comunicado ao Boston.com na ter\u00e7a-feira. \u201cNossa decis\u00e3o reflete nossa an\u00e1lise da for\u00e7a do caso contra o r\u00e9u, incluindo seu motivo, amea\u00e7as e m\u00faltiplas admiss\u00f5es de ter cometido o crime. Estamos tentando localizar e notificar as fam\u00edlias das quinze v\u00edtimas que morreram no inc\u00eandio.\u201d<\/p>\n<p>Na sua decis\u00e3o de 68 p\u00e1ginas, Karp descreveu a longa hist\u00f3ria do caso e explicou o seu racioc\u00ednio para conceder um novo julgamento. <\/p>\n<p>O inc\u00eandio na pens\u00e3o Elliott Chambers em Beverly ocorreu nas primeiras horas da manh\u00e3 de 4 de julho de 1984. Os promotores argumentaram que Carver pegou uma pilha de jornais de uma drogaria pr\u00f3xima e os enfiou em uma alcova na entrada da pens\u00e3o, derramou um acelerador nos pap\u00e9is e os incendiou. O caso contra Carver centrou-se em seu suposto ci\u00fame de uma ex-namorada que ele pensava estar conversando com algu\u00e9m que morava na pens\u00e3o. <\/p>\n<p>Esse homem, Rick Nickerson, foi uma das 15 v\u00edtimas. A v\u00edtima mais jovem foi Ralph, irm\u00e3o de Nickerson, de 9 anos, e a mais velha foi Hattie Whary, de 73 anos, av\u00f3 deles, de acordo com um relat\u00f3rio em <a href=\"https:\/\/www.upi.com\/Archives\/1984\/07\/05\/I-lost-everything-I-owned-in-the-world\/5394457848000\/\">UPI <\/a>de 1984. <\/p>\n<p>Carver n\u00e3o foi indiciado at\u00e9 1988. Seu primeiro julgamento foi considerado anulado depois que foi encontrada \u201cm\u00e1 conduta do Minist\u00e9rio P\u00fablico\u201d em rela\u00e7\u00e3o \u00e0 descoberta, de acordo com o resumo de Karp. Um j\u00fari condenou Carver por 15 acusa\u00e7\u00f5es de homic\u00eddio de segundo grau ap\u00f3s um segundo julgamento, e ele foi condenado \u00e0 pris\u00e3o perp\u00e9tua. <\/p>\n<p>Nos anos seguintes, Carver apelou cinco vezes para um novo julgamento. Um deles foi baseado em alega\u00e7\u00f5es de que um homem na pris\u00e3o admitiu ter iniciado o inc\u00eandio. Outro foi baseado nas alega\u00e7\u00f5es de Carver de que seu advogado de defesa criou um conflito de interesses ao supostamente ter rela\u00e7\u00f5es sexuais com a ent\u00e3o esposa de Carver durante o julgamento, de acordo com o resumo de Karp. Todos os quatro apelos para um novo julgamento falharam at\u00e9 agora. <\/p>\n<p>A decis\u00e3o de Karp baseia-se em audi\u00eancias probat\u00f3rias ocorridas na primavera passada. Dois especialistas em ci\u00eancia do fogo e um especialista em identifica\u00e7\u00e3o e mem\u00f3ria de testemunhas oculares testemunharam, e dezenas de exposi\u00e7\u00f5es foram apresentadas.  <\/p>\n<p>Na \u00e9poca, a maioria dos investigadores de inc\u00eandio n\u00e3o tinha treinamento cient\u00edfico e confiavam na experi\u00eancia pr\u00e1tica e em \u201cregras pr\u00e1ticas\u201d, escreveu Karp. Os seus procedimentos e metodologias n\u00e3o foram em grande parte padronizados at\u00e9 1992, quando a National Fire Protection Association publicou um guia para investigadores de inc\u00eandios baseado no m\u00e9todo cient\u00edfico. Este guia, que \u00e9 visto como o padr\u00e3o ouro para investiga\u00e7\u00f5es de inc\u00eandio, desmascarou cren\u00e7as comuns que os investigadores usavam antes. <\/p>\n<p>Os exemplos incluem a cren\u00e7a de que o ponto mais baixo de queima \u00e9 sempre o ponto de origem do fogo e a cren\u00e7a de que \u201cjacar\u00e9\u201d \u00e9 evid\u00eancia de um acelerador inflam\u00e1vel. \u201c<a href=\"https:\/\/www.blazestack.com\/blog\/alligatoring-damage-pattern-explained\">Jacar\u00e9<\/a>\u201drefere-se a um padr\u00e3o espec\u00edfico em superf\u00edcies causado por chamas que lembra pele de crocodilo. Antes do guia da NFPA, os investigadores, incluindo aquele que examinou os destro\u00e7os da pens\u00e3o em Beverly, baseavam-se no \u201cprocesso de racioc\u00ednio de elimina\u00e7\u00e3o\u201d. Em termos gerais, isto significa que se os investigadores n\u00e3o conseguissem encontrar uma causa acidental para um inc\u00eandio, determinariam que este foi provocado intencionalmente. <\/p>\n<p>Karp tamb\u00e9m explicou como a ci\u00eancia da identifica\u00e7\u00e3o e mem\u00f3ria de testemunhas oculares evoluiu significativamente desde o julgamento de Carver em 1989. Agora, os especialistas concordam que a mem\u00f3ria humana \u201cn\u00e3o funciona como um gravador de v\u00eddeo\u201d. Entende-se agora que a forma como a mem\u00f3ria humana funciona apresenta um s\u00e9rio risco de introduzir erros factuais na sua recorda\u00e7\u00e3o. A forma como Carver foi identificado, por uma pessoa que n\u00e3o o conhecia, apresenta m\u00faltiplas lacunas quando vista atrav\u00e9s de lentes modernas. <\/p>\n<p><em>A decis\u00e3o completa de Karp pode ser lida abaixo. <\/em><\/p>\n<p style=\" margin: 12px auto 6px auto; font-family: Helvetica,Arial,Sans-serif; font-style: normal; font-variant: normal; font-weight: normal; font-size: 14px; line-height: normal; font-size-adjust: none; font-stretch: normal; -x-system-font: none; display: block;\">   <a title=\"View Karp Ruling - James Carver on Scribd\" href=\"https:\/\/www.scribd.com\/document\/810273734\/Karp-Ruling-James-Carver#from_embed\" style=\"text-decoration: underline;\">Decis\u00e3o Karp \u2013 James Carver<\/a> por <a title=\"View Ross Cristantiello's profile on Scribd\" href=\"https:\/\/www.scribd.com\/user\/653318436\/Ross-Cristantiello#from_embed\" style=\"text-decoration: underline;\">Ross Cristantiello<\/a> no Scribd<\/p>\n<p><iframe class=\"scribd_iframe_embed\" title=\"Karp Ruling - James Carver\" src=\"https:\/\/www.scribd.com\/embeds\/810273734\/content?start_page=1&#038;view_mode=scroll&#038;access_key=key-Y1gPqn3EKWezudqskuxg\" data-auto-height=\"false\" data-aspect-ratio=\"0.7729220222793488\" scrolling=\"no\" id=\"doc_81197\" width=\"100%\" height=\"600\" frameborder=\"0\"><\/iframe><\/p>\n<div class=\"o-author-single no-avatar\">\n<header class=\"m-author-card\">\n<div class=\"m-author-card__text\">\n<h3 class=\"m-author-card__title\"><a href=\"https:\/\/www.boston.com\/author\/ross.cristantiello\">Ross Cristantiello<\/a><\/h3>\n<p><span class=\"m-author-card__subtitle\">Redator da equipe<\/span>\t<\/div>\n<\/header>\n<section class=\"author-info\">\n<div class=\"m-author__section\">\n<p>Ross Cristantiello, rep\u00f3rter de not\u00edcias gerais do Boston.com desde 2022, cobre pol\u00edtica local, crime, meio ambiente e muito mais.<\/p>\n<\/div>\n<\/section>\n<\/div>\n<div class=\"m-block m-generic-cta\t m-generic-cta--post-content\t m-generic-cta--dark\t m-generic-cta--homepage\t m-generic-cta--email-signup\t\t m-generic-cta-block-style--default \tt-amp__generic-cta\"><\/p>\n<div class=\"m-generic-cta__wrap\">\n<div class=\"m-generic-cta__content\">\n<h3 class=\"m-generic-cta__title\">Boston.com hoje<\/h3>\n<p class=\"m-generic-cta__subtitle\">Inscreva-se para receber as \u00faltimas manchetes em sua caixa de entrada todas as manh\u00e3s.<\/p>\n<\/p><\/div>\n<\/p><\/div>\n<\/div><\/div>\n<p><script>\n\t\tvar consent=\"grant\";\n\t\t\/* The above code is parsing the JSON data from the local storage and storing it in a variable. *\/\n\t\t\t\t\tconst onetrustStorageConsent = JSON.parse(localStorage.getItem( 'consent_one_trust_bdc' ) );\n\t\t\tif ( ( onetrustStorageConsent !== null ) ) {\n\t\t\t\t\/* Checking to see if the user has consented to the use of cookies.\n\t\t\t\t* If they have not, it is deleting the cookie.\n\t\t\t\t* This will comment for now, until further notice.\n\t\t\t\t*\/\n\t\t\t\t\/\/if ( onetrustStorageConsent.C0002 === false ) {\n\t\t\t\t\/\/\tdocument.cookie=\"_fbp=;expires=Thu, 01 Jan 2010 00:00:00 UTC; path=\/; domain=.boston.com\";\n\t\t\t\t\/\/}\n\t\t\t\t\/* Checking if the user has given consent for the cookie C0002.\n\t\t\t\t* If the user has given consent, the variable consent will be set to 'grant'.\n\t\t\t\t* If the user has not given consent,the variable consent will be set to 'revoke'.\n\t\t\t\t* Documentation https:\/\/developers.facebook.com\/docs\/meta-pixel\/implementation\/gdpr\n\t\t\t\t*\/\n\t\t\t\tif ( onetrustStorageConsent.C0002 !== true ) {\n\t\t\t\t\tconsent=\"revoke\";\n\t\t\t\t}\n\t\t\t}\n\t\t\t\t!function(f,b,e,v,n,t,s)\n\t\t{if(f.fbq)return;n=f.fbq=function(){n.callMethod?\n\t\tn.callMethod.apply(n,arguments):n.queue.push(arguments)};\n\t\tif(!f._fbq)f._fbq=n;n.push=n;n.loaded=!0;n.version='2.0';\n\t\tn.queue=[];t=b.createElement(e);t.async=!0;\n\t\tt.src=v;s=b.getElementsByTagName(e)[0];\n\t\ts.parentNode.insertBefore(t,s)}(window, document,'script',\n\t\t'https:\/\/connect.facebook.net\/en_US\/fbevents.js');\n\t\tfbq('consent', consent);\n\t\tfbq('init', '989222871864976');\n\t\tfbq('track', 'PageView');\n\t<\/script><script type=\"module\">\n\t\tvar consent=\"grant\";\n\t\t\/* The above code is parsing the JSON data from the local storage and storing it in a variable. *\/\n\t\t\tconst onetrustStorageConsent = JSON.parse(localStorage.getItem( 'consent_one_trust_bdc' ) );\n\t\t\t\/* Checking to see if the user has consented to the use of cookies.\n\t\t\t* If they have not, it is deleting the cookie.\n\t\t\t* This will comment for now, until further notice.\n\t\t\t*\/\n\t\t\t\/\/if ( onetrustStorageConsent.C0002 === false ) {\n\t\t\t\/\/\tdocument.cookie=\"_fbp=;expires=Thu, 01 Jan 2010 00:00:00 UTC; path=\/; domain=.boston.com\";\n\t\t\t\/\/}\n\t\t\t\/* Checking if the user has given consent for the cookie C0002.\n\t\t\t* If the user has given consent, the variable consent will be set to 'grant'.\n\t\t\t* If the user has not given consent,the variable consent will be set to 'revoke'.\n\t\t\t* Documentation https:\/\/developers.facebook.com\/docs\/meta-pixel\/implementation\/gdpr\n\t\t\t*\/\n\t\t\tif ( ( onetrustStorageConsent !== null ) && (onetrustStorageConsent.C0002 !== true ) ) {\n\t\t\t\tconsent=\"revoke\";\n\t\t\t}\n\t\t\t\t!function(f,b,e,v,n,t,s){if(f.fbq)return;n=f.fbq=function()\n\t\t{n.callMethod? n.callMethod.apply(n,arguments):n.queue.push(arguments)}\n\t\t;if(!f._fbq)f._fbq=n;\n\t\tn.push=n;n.loaded=!0;n.version='2.0';n.queue=[];t=b.createElement(e);t.async=!0;\n\t\tt.src=v;s=b.getElementsByTagName(e)[0];s.parentNode.insertBefore(t,s)}(window,\n\t\tdocument,'script','https:\/\/connect.facebook.net\/en_US\/fbevents.js');\n\t\tfbq('consent', consent);\n\t\tfbq('init', '813236348753005');\n\t\tfbq('track', \"PageView\");\n\t<\/script><br \/>\n<br \/><br \/>\n<br \/><a href=\"https:\/\/www.boston.com\/news\/local-news\/2024\/12\/31\/man-convicted-for-1984-beverly-fire-that-killed-15-granted-new-trial-da-to-appeal\/\">Source link <\/a><\/p>","protected":false},"excerpt":{"rendered":"<p>Not\u00edcias locais Uma pens\u00e3o em Beverly pegou fogo em 1984, levando \u00e0 condena\u00e7\u00e3o de James Carver. Um memorial em homenagem \u00e0s 15 v\u00edtimas do inc\u00eandio na pens\u00e3o de Beverly. Joanne&hellip;<\/p>","protected":false},"author":1,"featured_media":85547,"comment_status":"closed","ping_status":"open","sticky":false,"template":"","format":"standard","meta":{"content-type":"","footnotes":""},"categories":[1],"tags":[],"class_list":["post-85546","post","type-post","status-publish","format-standard","has-post-thumbnail","hentry","category-uncategorized"],"_links":{"self":[{"href":"https:\/\/tvbrazilusa.com\/pt\/wp-json\/wp\/v2\/posts\/85546","targetHints":{"allow":["GET"]}}],"collection":[{"href":"https:\/\/tvbrazilusa.com\/pt\/wp-json\/wp\/v2\/posts"}],"about":[{"href":"https:\/\/tvbrazilusa.com\/pt\/wp-json\/wp\/v2\/types\/post"}],"author":[{"embeddable":true,"href":"https:\/\/tvbrazilusa.com\/pt\/wp-json\/wp\/v2\/users\/1"}],"replies":[{"embeddable":true,"href":"https:\/\/tvbrazilusa.com\/pt\/wp-json\/wp\/v2\/comments?post=85546"}],"version-history":[{"count":1,"href":"https:\/\/tvbrazilusa.com\/pt\/wp-json\/wp\/v2\/posts\/85546\/revisions"}],"predecessor-version":[{"id":85548,"href":"https:\/\/tvbrazilusa.com\/pt\/wp-json\/wp\/v2\/posts\/85546\/revisions\/85548"}],"wp:featuredmedia":[{"embeddable":true,"href":"https:\/\/tvbrazilusa.com\/pt\/wp-json\/wp\/v2\/media\/85547"}],"wp:attachment":[{"href":"https:\/\/tvbrazilusa.com\/pt\/wp-json\/wp\/v2\/media?parent=85546"}],"wp:term":[{"taxonomy":"category","embeddable":true,"href":"https:\/\/tvbrazilusa.com\/pt\/wp-json\/wp\/v2\/categories?post=85546"},{"taxonomy":"post_tag","embeddable":true,"href":"https:\/\/tvbrazilusa.com\/pt\/wp-json\/wp\/v2\/tags?post=85546"}],"curies":[{"name":"wp","href":"https:\/\/api.w.org\/{rel}","templated":true}]}}