{"id":85573,"date":"2024-12-31T19:19:42","date_gmt":"2024-12-31T19:19:42","guid":{"rendered":"https:\/\/tvbrazilusa.com\/2024\/12\/31\/pgr-cancela-recesso-para-dar-celeridade-a-denuncia-contra-bolsonaro\/"},"modified":"2024-12-31T19:19:43","modified_gmt":"2024-12-31T19:19:43","slug":"pgr-cancela-recesso-para-dar-celeridade-a-denuncia-contra-bolsonaro","status":"publish","type":"post","link":"https:\/\/tvbrazilusa.com\/pt\/2024\/12\/31\/pgr-cancela-recesso-para-dar-celeridade-a-denuncia-contra-bolsonaro\/","title":{"rendered":"PGR cancela recesso para dar celeridade a den\u00fancia contra Bolsonaro"},"content":{"rendered":"<p> <script async src=\"https:\/\/pagead2.googlesyndication.com\/pagead\/js\/adsbygoogle.js?client=ca-pub-8864793242727901\"\r\n     crossorigin=\"anonymous\"><\/script><br \/>\n<\/p>\n<div id=\"taboola-read-more\" style=\"display:block; width:100%\">\n<p>O procurador-geral da Rep\u00fablica (PGR), Paulo Gonet, decidiu abrir m\u00e3o do recesso de fim de ano para acelerar o processo de den\u00fancia contra os envolvidos em uma suposta tentativa de golpe no Brasil, entre os quais se encontra o ex-presidente Jair Bolsonaro (PL). A informa\u00e7\u00e3o \u00e9 da CNN Brasil.\n<\/p>\n<p>A medida visa garantir maior celeridade ao processo, j\u00e1 que, em casos como o do general Braga Netto, preso em 14 de dezembro, a investiga\u00e7\u00e3o conta com pessoas privadas de liberdade e deve tramitar rapidamente para evitar que as pris\u00f5es preventivas se prolonguem sem uma acusa\u00e7\u00e3o formal.<\/p>\n<p>Gonet permanecer\u00e1 em Bras\u00edlia para analisar os relat\u00f3rios da Pol\u00edcia Federal (PF) sobre os indiciamentos. Da mesma forma, o ministro Alexandre de Moraes, do Supremo Tribunal Federal (STF), comunicou \u00e0 presid\u00eancia da Corte sua decis\u00e3o de abrir m\u00e3o do recesso para continuar \u00e0 frente dos processos sob sua relatoria. Durante o recesso do Judici\u00e1rio, casos urgentes costumam ser encaminhados para o presidente do STF, mas desde 2019 alguns ministros t\u00eam preferido seguir trabalhando para manter o controle sobre seu acervo.\n<\/p>\n<p>Com Gonet e Moraes de prontid\u00e3o para analisar o que chegar ao STF relacionado \u00e0 tentativa de golpe, a expectativa \u00e9 de que a den\u00fancia esteja pronta para julgamento pela Primeira Turma logo nas primeiras semanas de fevereiro.\n<\/p>\n<p>A Primeira Turma \u00e9 composta pelos ministros Luiz Fux, C\u00e1rmen L\u00facia, Fl\u00e1vio Dino e Cristiano Zanin, al\u00e9m de Moraes. Os ministros Nunes Marques e Andr\u00e9 Mendon\u00e7a, indicados por Bolsonaro, n\u00e3o participar\u00e3o do julgamento, pois pertencem \u00e0 Segunda Turma.\n<\/p>\n<p>Segundo apura\u00e7\u00e3o da CNN Brasil, uma ala do STF acredita que os casos devem ser julgados pelo plen\u00e1rio da Corte, em vez de pela Primeira Turma da Corte, devido \u00e0 complexidade do processo, \u00e0 grande repercuss\u00e3o nacional e \u00e0 necessidade de uma resposta do qu\u00f3rum completo do tribunal.\n<\/p>\n<p>Em novembro, o PGR afirmou que a procuradoria necessitava de uma for\u00e7a-tarefa para determinar as provid\u00eancias necess\u00e1rias, seja den\u00fancia, arquivamento ou pedidos de maiores investiga\u00e7\u00f5es. Al\u00e9m de Bolsonaro e Braga Netto, outras 34 pessoas foram indiciadas, incluindo o ex-ajudante de ordens de Bolsonaro, Mauro Cid; o ex-ministro do GSI, Augusto Heleno; e o presidente do PL, Valdemar Costa Neto.\n<\/p>\n<p>O inqu\u00e9rito conclu\u00eddo abrange o envolvimento nos atos de 8 de janeiro, em supostas \u201ctramas golpistas\u201d durante a elei\u00e7\u00e3o presidencial de 2022, al\u00e9m de um suposto plano para assassinar o presidente Luiz In\u00e1cio Lula da Silva (PT), o vice-presidente Geraldo Alckmin (PSB) e o ministro do STF Alexandre de Moraes.\n<\/p>\n<p>Fonte: Gazeta Brasil              <\/p>\n<\/div>\n<p><br \/>\n<br \/><a href=\"https:\/\/diariodobrasilnoticias.com.br\/noticia\/pgr-cancela-recesso-para-dar-celeridade-a-denuncia-contra-bolsonaro-67742c64c4671\">Source link <\/a><\/p>","protected":false},"excerpt":{"rendered":"<p>O procurador-geral da Rep\u00fablica (PGR), Paulo Gonet, decidiu abrir m\u00e3o do recesso de fim de ano para acelerar o processo de den\u00fancia contra os envolvidos em uma suposta tentativa de&hellip;<\/p>","protected":false},"author":1,"featured_media":85574,"comment_status":"closed","ping_status":"open","sticky":false,"template":"","format":"standard","meta":{"content-type":"","footnotes":""},"categories":[16],"tags":[123,2448,5313,1267],"class_list":["post-85573","post","type-post","status-publish","format-standard","has-post-thumbnail","hentry","category-noticias","tag-brasil","tag-diario","tag-noticia","tag-noticias"],"_links":{"self":[{"href":"https:\/\/tvbrazilusa.com\/pt\/wp-json\/wp\/v2\/posts\/85573","targetHints":{"allow":["GET"]}}],"collection":[{"href":"https:\/\/tvbrazilusa.com\/pt\/wp-json\/wp\/v2\/posts"}],"about":[{"href":"https:\/\/tvbrazilusa.com\/pt\/wp-json\/wp\/v2\/types\/post"}],"author":[{"embeddable":true,"href":"https:\/\/tvbrazilusa.com\/pt\/wp-json\/wp\/v2\/users\/1"}],"replies":[{"embeddable":true,"href":"https:\/\/tvbrazilusa.com\/pt\/wp-json\/wp\/v2\/comments?post=85573"}],"version-history":[{"count":1,"href":"https:\/\/tvbrazilusa.com\/pt\/wp-json\/wp\/v2\/posts\/85573\/revisions"}],"predecessor-version":[{"id":85575,"href":"https:\/\/tvbrazilusa.com\/pt\/wp-json\/wp\/v2\/posts\/85573\/revisions\/85575"}],"wp:featuredmedia":[{"embeddable":true,"href":"https:\/\/tvbrazilusa.com\/pt\/wp-json\/wp\/v2\/media\/85574"}],"wp:attachment":[{"href":"https:\/\/tvbrazilusa.com\/pt\/wp-json\/wp\/v2\/media?parent=85573"}],"wp:term":[{"taxonomy":"category","embeddable":true,"href":"https:\/\/tvbrazilusa.com\/pt\/wp-json\/wp\/v2\/categories?post=85573"},{"taxonomy":"post_tag","embeddable":true,"href":"https:\/\/tvbrazilusa.com\/pt\/wp-json\/wp\/v2\/tags?post=85573"}],"curies":[{"name":"wp","href":"https:\/\/api.w.org\/{rel}","templated":true}]}}