{"id":85579,"date":"2024-12-31T19:31:04","date_gmt":"2024-12-31T19:31:04","guid":{"rendered":"https:\/\/tvbrazilusa.com\/2024\/12\/31\/afinal-a-estacao-de-radio-de-rock-de-stephen-king-no-maine-nao-ficara-em-silencio\/"},"modified":"2024-12-31T19:36:33","modified_gmt":"2024-12-31T19:36:33","slug":"afinal-a-estacao-de-radio-de-rock-de-stephen-king-no-maine-nao-ficara-em-silencio","status":"publish","type":"post","link":"https:\/\/tvbrazilusa.com\/pt\/2024\/12\/31\/afinal-a-estacao-de-radio-de-rock-de-stephen-king-no-maine-nao-ficara-em-silencio\/","title":{"rendered":"Afinal, a esta\u00e7\u00e3o de r\u00e1dio de rock de Stephen King no Maine n\u00e3o ficar\u00e1 em sil\u00eancio"},"content":{"rendered":"<p> <script async src=\"https:\/\/pagead2.googlesyndication.com\/pagead\/js\/adsbygoogle.js?client=ca-pub-8864793242727901\"\r\n     crossorigin=\"anonymous\"><\/script><br \/>\n<\/p>\n<div id=\"\">\n<header class=\"m-article-header m-article-header--standard\">\n\t\t\t\t\t\t\t\t\t\t\t\t<span id=\"article-header-primary-term\"><br \/>\n\t\t\t\t\t\t\t\t<a class=\"a-term a-term--primary\" href=\"https:\/\/www.boston.com\/tag\/business\/\"><\/p>\n<p>\t\t\t\t\t\t\t\tNeg\u00f3cios\t\t\t\t\t\t\t\t<\/a><br \/>\n\t\t\t\t\t\t\t<\/span><\/p>\n<h2 class=\"m-article-header__sub-headline\">Dois empres\u00e1rios compraram a WKIT-FM do escritor de best-sellers depois que ele anunciou que a esta\u00e7\u00e3o e outras duas ficariam em sil\u00eancio ap\u00f3s a v\u00e9spera de Ano Novo.<\/h2>\n<figure class=\"a-photo m-article-header__photo\"><figcaption class=\"a-photo__caption\">\n<p>\tStephen King comparece \u00e0 estreia de &#8220;The Life of Chuck&#8221; durante o Festival Internacional de Cinema de Toronto na sexta-feira, 6 de setembro de 2024, no Princess of Wales Theatre, em Toronto. <em> Foto AP \/ Chris Pizzello, Arquivo<\/em>\t<\/figcaption><\/figure>\n<div class=\"m-article-header__meta\">\n<div class=\"m-article-header__byline\">\n<p class=\"m-article-header__author\">\n<p>\t\t\t\t\t\t\t\tPor Associated Press\t\t\t\t\t\t\t<\/p>\n<p>\t\t\t\t\t\t\t\t\t\t\t\t\t\t\t<time class=\"m-article-header__date\"><\/p>\n<p>\t\t\t\t\t\t\t\t\t31 de dezembro de 2024 | 14h31\t\t\t\t\t\t\t\t<\/time><\/p>\n<p><span>1 minuto para ler<\/span><\/p>\n<\/p><\/div>\n<\/p><\/div>\n<\/header>\n<p>BANGOR, Maine (AP) \u2013 A esta\u00e7\u00e3o de r\u00e1dio rock &#8216;n&#8217; roll do autor de terror Stephen King continuar\u00e1 tocando 24 horas por dia e no ano novo.<\/p>\n<p>Dois empres\u00e1rios compraram a WKIT-FM do escritor de best-sellers depois que ele anunciou que a esta\u00e7\u00e3o e outras duas ficariam em sil\u00eancio ap\u00f3s a v\u00e9spera de Ano Novo. Os compradores s\u00e3o a dupla Greg Hawes e Jeff Solari, do Maine, que formou o Rock Lobster Radio Group para administrar a esta\u00e7\u00e3o.<\/p>\n<p>\u201cWKIT \u00e9 a esta\u00e7\u00e3o mais lend\u00e1ria da regi\u00e3o. Tem uma hist\u00f3ria tremenda. N\u00e3o pod\u00edamos deix\u00e1-lo morrer\u201d, disseram eles em comunicado.<\/p>\n<p>King \u00e9 um roqueiro de longa data e tocou com o Rock Bottom Remainders, uma banda que apresentava \u00edcones liter\u00e1rios atuando para caridade. Ele anunciou no in\u00edcio deste m\u00eas que aos 77 anos achou que era hora de se despedir das r\u00e1dios.<\/p>\n<p>\u201cLamento muito fechar o WKIT e suas esta\u00e7\u00f5es irm\u00e3s\u201d, postou King no in\u00edcio deste m\u00eas nas redes sociais. \u201cEu segurei os ternos o m\u00e1ximo que pude.\u201d<\/p>\n<p>A incurs\u00e3o de King no r\u00e1dio come\u00e7ou em 1983 com a compra de uma esta\u00e7\u00e3o de r\u00e1dio que foi rebatizada de WZON em homenagem ao seu livro, \u201cThe Dead Zone\u201d. Essa esta\u00e7\u00e3o foi fechada antes de ser adquirida novamente pela King em 1990.<\/p>\n<div class=\"m-block m-generic-cta\t m-generic-cta--post-content\t m-generic-cta--dark\t m-generic-cta--homepage\t m-generic-cta--email-signup\t\t m-generic-cta-block-style--default \tt-amp__generic-cta\"><\/p>\n<div class=\"m-generic-cta__wrap\">\n<div class=\"m-generic-cta__content\">\n<h3 class=\"m-generic-cta__title\">Alertas extras de not\u00edcias<\/h3>\n<p class=\"m-generic-cta__subtitle\">Receba as \u00faltimas atualiza\u00e7\u00f5es conforme elas acontecem.<\/p>\n<\/p><\/div>\n<\/p><\/div>\n<\/div><\/div>\n<p><script>\n\t\tvar consent=\"grant\";\n\t\t\/* The above code is parsing the JSON data from the local storage and storing it in a variable. *\/\n\t\t\t\t\tconst onetrustStorageConsent = JSON.parse(localStorage.getItem( 'consent_one_trust_bdc' ) );\n\t\t\tif ( ( onetrustStorageConsent !== null ) ) {\n\t\t\t\t\/* Checking to see if the user has consented to the use of cookies.\n\t\t\t\t* If they have not, it is deleting the cookie.\n\t\t\t\t* This will comment for now, until further notice.\n\t\t\t\t*\/\n\t\t\t\t\/\/if ( onetrustStorageConsent.C0002 === false ) {\n\t\t\t\t\/\/\tdocument.cookie=\"_fbp=;expires=Thu, 01 Jan 2010 00:00:00 UTC; path=\/; domain=.boston.com\";\n\t\t\t\t\/\/}\n\t\t\t\t\/* Checking if the user has given consent for the cookie C0002.\n\t\t\t\t* If the user has given consent, the variable consent will be set to 'grant'.\n\t\t\t\t* If the user has not given consent,the variable consent will be set to 'revoke'.\n\t\t\t\t* Documentation https:\/\/developers.facebook.com\/docs\/meta-pixel\/implementation\/gdpr\n\t\t\t\t*\/\n\t\t\t\tif ( onetrustStorageConsent.C0002 !== true ) {\n\t\t\t\t\tconsent=\"revoke\";\n\t\t\t\t}\n\t\t\t}\n\t\t\t\t!function(f,b,e,v,n,t,s)\n\t\t{if(f.fbq)return;n=f.fbq=function(){n.callMethod?\n\t\tn.callMethod.apply(n,arguments):n.queue.push(arguments)};\n\t\tif(!f._fbq)f._fbq=n;n.push=n;n.loaded=!0;n.version='2.0';\n\t\tn.queue=[];t=b.createElement(e);t.async=!0;\n\t\tt.src=v;s=b.getElementsByTagName(e)[0];\n\t\ts.parentNode.insertBefore(t,s)}(window, document,'script',\n\t\t'https:\/\/connect.facebook.net\/en_US\/fbevents.js');\n\t\tfbq('consent', consent);\n\t\tfbq('init', '989222871864976');\n\t\tfbq('track', 'PageView');\n\t<\/script><script type=\"module\">\n\t\tvar consent=\"grant\";\n\t\t\/* The above code is parsing the JSON data from the local storage and storing it in a variable. *\/\n\t\t\tconst onetrustStorageConsent = JSON.parse(localStorage.getItem( 'consent_one_trust_bdc' ) );\n\t\t\t\/* Checking to see if the user has consented to the use of cookies.\n\t\t\t* If they have not, it is deleting the cookie.\n\t\t\t* This will comment for now, until further notice.\n\t\t\t*\/\n\t\t\t\/\/if ( onetrustStorageConsent.C0002 === false ) {\n\t\t\t\/\/\tdocument.cookie=\"_fbp=;expires=Thu, 01 Jan 2010 00:00:00 UTC; path=\/; domain=.boston.com\";\n\t\t\t\/\/}\n\t\t\t\/* Checking if the user has given consent for the cookie C0002.\n\t\t\t* If the user has given consent, the variable consent will be set to 'grant'.\n\t\t\t* If the user has not given consent,the variable consent will be set to 'revoke'.\n\t\t\t* Documentation https:\/\/developers.facebook.com\/docs\/meta-pixel\/implementation\/gdpr\n\t\t\t*\/\n\t\t\tif ( ( onetrustStorageConsent !== null ) && (onetrustStorageConsent.C0002 !== true ) ) {\n\t\t\t\tconsent=\"revoke\";\n\t\t\t}\n\t\t\t\t!function(f,b,e,v,n,t,s){if(f.fbq)return;n=f.fbq=function()\n\t\t{n.callMethod? n.callMethod.apply(n,arguments):n.queue.push(arguments)}\n\t\t;if(!f._fbq)f._fbq=n;\n\t\tn.push=n;n.loaded=!0;n.version='2.0';n.queue=[];t=b.createElement(e);t.async=!0;\n\t\tt.src=v;s=b.getElementsByTagName(e)[0];s.parentNode.insertBefore(t,s)}(window,\n\t\tdocument,'script','https:\/\/connect.facebook.net\/en_US\/fbevents.js');\n\t\tfbq('consent', consent);\n\t\tfbq('init', '813236348753005');\n\t\tfbq('track', \"PageView\");\n\t<\/script><br \/>\n<br \/><br \/>\n<br \/><a href=\"https:\/\/www.boston.com\/culture\/business\/2024\/12\/31\/stephen-kings-rock-radio-station-in-maine-wont-go-silent-after-all\/\">Source link <\/a><\/p>","protected":false},"excerpt":{"rendered":"<p>Neg\u00f3cios Dois empres\u00e1rios compraram a WKIT-FM do escritor de best-sellers depois que ele anunciou que a esta\u00e7\u00e3o e outras duas ficariam em sil\u00eancio ap\u00f3s a v\u00e9spera de Ano Novo. Stephen&hellip;<\/p>","protected":false},"author":1,"featured_media":85580,"comment_status":"closed","ping_status":"open","sticky":false,"template":"","format":"standard","meta":{"content-type":"","footnotes":""},"categories":[1],"tags":[],"class_list":["post-85579","post","type-post","status-publish","format-standard","has-post-thumbnail","hentry","category-uncategorized"],"_links":{"self":[{"href":"https:\/\/tvbrazilusa.com\/pt\/wp-json\/wp\/v2\/posts\/85579","targetHints":{"allow":["GET"]}}],"collection":[{"href":"https:\/\/tvbrazilusa.com\/pt\/wp-json\/wp\/v2\/posts"}],"about":[{"href":"https:\/\/tvbrazilusa.com\/pt\/wp-json\/wp\/v2\/types\/post"}],"author":[{"embeddable":true,"href":"https:\/\/tvbrazilusa.com\/pt\/wp-json\/wp\/v2\/users\/1"}],"replies":[{"embeddable":true,"href":"https:\/\/tvbrazilusa.com\/pt\/wp-json\/wp\/v2\/comments?post=85579"}],"version-history":[{"count":1,"href":"https:\/\/tvbrazilusa.com\/pt\/wp-json\/wp\/v2\/posts\/85579\/revisions"}],"predecessor-version":[{"id":85581,"href":"https:\/\/tvbrazilusa.com\/pt\/wp-json\/wp\/v2\/posts\/85579\/revisions\/85581"}],"wp:featuredmedia":[{"embeddable":true,"href":"https:\/\/tvbrazilusa.com\/pt\/wp-json\/wp\/v2\/media\/85580"}],"wp:attachment":[{"href":"https:\/\/tvbrazilusa.com\/pt\/wp-json\/wp\/v2\/media?parent=85579"}],"wp:term":[{"taxonomy":"category","embeddable":true,"href":"https:\/\/tvbrazilusa.com\/pt\/wp-json\/wp\/v2\/categories?post=85579"},{"taxonomy":"post_tag","embeddable":true,"href":"https:\/\/tvbrazilusa.com\/pt\/wp-json\/wp\/v2\/tags?post=85579"}],"curies":[{"name":"wp","href":"https:\/\/api.w.org\/{rel}","templated":true}]}}