{"id":8561,"date":"2024-07-24T02:09:04","date_gmt":"2024-07-24T02:09:04","guid":{"rendered":"https:\/\/tvbrazilusa.com\/2024\/07\/24\/nathanson-nao-compareceu-ao-forum-de-candidatos-do-distrito-3-do-conselho-escolar-de-duval-jacksonville-today\/"},"modified":"2024-07-25T15:08:58","modified_gmt":"2024-07-25T15:08:58","slug":"nathanson-nao-compareceu-ao-forum-de-candidatos-do-distrito-3-do-conselho-escolar-de-duval-jacksonville-today","status":"publish","type":"post","link":"https:\/\/tvbrazilusa.com\/pt\/2024\/07\/24\/nathanson-nao-compareceu-ao-forum-de-candidatos-do-distrito-3-do-conselho-escolar-de-duval-jacksonville-today\/","title":{"rendered":"Nathanson n\u00e3o compareceu ao f\u00f3rum de candidatos do Distrito 3 do Conselho Escolar de Duval &#8211; Jacksonville Today"},"content":{"rendered":"<p> <script async src=\"https:\/\/pagead2.googlesyndication.com\/pagead\/js\/adsbygoogle.js?client=ca-pub-8864793242727901\"\r\n     crossorigin=\"anonymous\"><\/script><br \/>\n<\/p>\n<div>\n<p>Cindy Pearson, titular do Distrito 3 do Conselho Escolar de Duval, sentou-se sozinha ao lado de uma cadeira marrom vazia na ter\u00e7a-feira em um f\u00f3rum de candidatos do Fundo de Educa\u00e7\u00e3o P\u00fablica de Jacksonville, que havia sido anunciado para incluir os dois candidatos do Distrito 3. <\/p>\n<p>Rebecca \u201cBecky\u201d Nathanson est\u00e1 desafiando Pearson a representar <a href=\"https:\/\/www.jaxpef.org\/media\/236529\/school-board-district-3.pdf\">a \u00e1rea de Jacksonville<\/a> que inclui San Marco e grande parte do Southside. JPEF, uma organiza\u00e7\u00e3o sem fins lucrativos apartid\u00e1ria que organizou o f\u00f3rum, disse que Nathanson havia confirmado sua participa\u00e7\u00e3o anteriormente, mas um dia antes do evento ela &#8220;avisou que havia algo que ela precisava comparecer que tinha prioridade sobre o f\u00f3rum&#8221;.   <\/p>\n<p>O f\u00f3rum e mais tr\u00eas planejados para cada um dos distritos com disputas ativas para o Conselho Escolar de Duval est\u00e3o sendo co-patrocinados por um punhado de organiza\u00e7\u00f5es sem fins lucrativos locais, incluindo <em>Jacksonville Hoje<\/em>.<\/p>\n<p>Nathanson n\u00e3o respondeu na ter\u00e7a-feira \u00e0 noite a uma mensagem enviada para o n\u00famero listado em seu processo de campanha. <\/p>\n<p>O presidente do Duval GOP e deputado estadual da Fl\u00f3rida, Dean Black, que est\u00e1 apoiando Nathanson em sua capacidade como representante estadual, disse <em>Jacksonville Hoje<\/em> ele \u201cn\u00e3o sabia\u201d o motivo pelo qual ela n\u00e3o compareceu conforme planejado.<\/p>\n<p>Os organizadores continuaram com a programa\u00e7\u00e3o de ter\u00e7a-feira, dando a Pearson dois minutos para responder a uma s\u00e9rie de perguntas que duraram cerca de uma hora. <\/p>\n<p>\u201cEu adoraria chegar a um ponto em que ouv\u00edssemos, &#39;Eu me mudei para Jacksonville por causa das escolas&#39;\u201d, disse Pearson em um ponto. \u201cQuantas vezes voc\u00ea j\u00e1 ouviu as pessoas dizerem isso sobre nossos condados vizinhos?\u201d<\/p>\n<p>Para saber mais sobre a perspectiva de Pearson sobre os problemas enfrentados pelo distrito escolar, <a href=\"https:\/\/news.wjct.org\/show\/first-coast-connect\/2024-07-19\/florida-amendment-4-abortion\">ou\u00e7a sua recente apari\u00e7\u00e3o em <\/a><em><a href=\"https:\/\/news.wjct.org\/show\/first-coast-connect\/2024-07-19\/florida-amendment-4-abortion\">Primeira Costa Connec<\/a><a href=\"https:\/\/news.wjct.org\/show\/first-coast-connect\/2024-07-19\/florida-amendment-4-abortion\" target=\"_blank\" rel=\"noreferrer noopener\">para<\/a><\/em>  e retornar para <em>Jacksonville Hoje<\/em> para uma ferramenta de compara\u00e7\u00e3o de candidatos para a maioria das corridas locais, chegando no in\u00edcio de agosto. Nathanson est\u00e1 programado para aparecer no First Coast Connect em 1\u00ba de agosto.<\/p>\n<hr class=\"wp-block-separator has-alpha-channel-opacity\"\/>\n<p>O JPEF realizar\u00e1 seu pr\u00f3ximo f\u00f3rum do Conselho Escolar de Duval, com os candidatos do Distrito 1, Nadine Ebri e Tony Ricardo, na quinta-feira, 25 de julho, na Igreja Citadel, 1057 Arlington Road N., \u00e0s 18h. <\/p>\n<p>Um f\u00f3rum para o Distrito 5 est\u00e1 marcado para ter\u00e7a-feira, 30 de julho, no Audit\u00f3rio Milne da Universidade Edward Waters, 1658 Kings Road, \u00e0s 18h.<\/p>\n<p>E um f\u00f3rum do Distrito 7 ser\u00e1 na quinta-feira, 1\u00ba de agosto, na Igreja Hopewell, 3990 Loretto Road, \u00e0s 18h.<\/p>\n<p><a href=\"https:\/\/www.jaxpef.org\/advocacy-center\/school-board-elections\" target=\"_blank\" rel=\"noreferrer noopener\">Registre-se para participar de um deles virtualmente ou pessoalmente<\/a>. <\/p>\n<\/div>\n<p><br \/>\n<br \/><a href=\"https:\/\/jaxtoday.org\/2024\/07\/23\/nathanson-a-no-show-at-duval-school-board-district-3-candidate-forum\/\">Source link <\/a><\/p>","protected":false},"excerpt":{"rendered":"<p>Cindy Pearson, titular do Distrito 3 do Conselho Escolar de Duval, sentou-se sozinha ao lado de uma cadeira marrom vazia na ter\u00e7a-feira em um f\u00f3rum de candidatos do Fundo de&hellip;<\/p>","protected":false},"author":1,"featured_media":6896,"comment_status":"closed","ping_status":"open","sticky":false,"template":"","format":"standard","meta":{"content-type":"","footnotes":""},"categories":[1],"tags":[1928,1408,1929,1930],"class_list":["post-8561","post","type-post","status-publish","format-standard","has-post-thumbnail","hentry","category-uncategorized","tag-conselho-escolar-do-condado-de-duval","tag-eleicoes","tag-escolas-duval","tag-fundo-de-educacao-publica-de-jacksonville"],"_links":{"self":[{"href":"https:\/\/tvbrazilusa.com\/pt\/wp-json\/wp\/v2\/posts\/8561","targetHints":{"allow":["GET"]}}],"collection":[{"href":"https:\/\/tvbrazilusa.com\/pt\/wp-json\/wp\/v2\/posts"}],"about":[{"href":"https:\/\/tvbrazilusa.com\/pt\/wp-json\/wp\/v2\/types\/post"}],"author":[{"embeddable":true,"href":"https:\/\/tvbrazilusa.com\/pt\/wp-json\/wp\/v2\/users\/1"}],"replies":[{"embeddable":true,"href":"https:\/\/tvbrazilusa.com\/pt\/wp-json\/wp\/v2\/comments?post=8561"}],"version-history":[{"count":1,"href":"https:\/\/tvbrazilusa.com\/pt\/wp-json\/wp\/v2\/posts\/8561\/revisions"}],"predecessor-version":[{"id":8562,"href":"https:\/\/tvbrazilusa.com\/pt\/wp-json\/wp\/v2\/posts\/8561\/revisions\/8562"}],"wp:featuredmedia":[{"embeddable":true,"href":"https:\/\/tvbrazilusa.com\/pt\/wp-json\/wp\/v2\/media\/6896"}],"wp:attachment":[{"href":"https:\/\/tvbrazilusa.com\/pt\/wp-json\/wp\/v2\/media?parent=8561"}],"wp:term":[{"taxonomy":"category","embeddable":true,"href":"https:\/\/tvbrazilusa.com\/pt\/wp-json\/wp\/v2\/categories?post=8561"},{"taxonomy":"post_tag","embeddable":true,"href":"https:\/\/tvbrazilusa.com\/pt\/wp-json\/wp\/v2\/tags?post=8561"}],"curies":[{"name":"wp","href":"https:\/\/api.w.org\/{rel}","templated":true}]}}