{"id":8569,"date":"2024-07-25T15:14:11","date_gmt":"2024-07-25T15:14:11","guid":{"rendered":"https:\/\/tvbrazilusa.com\/2024\/07\/25\/janja-desembarca-em-paris-para-viagem-oficial-mas-agenda-e-mantida-em-sigilo\/"},"modified":"2024-07-25T15:21:52","modified_gmt":"2024-07-25T15:21:52","slug":"janja-desembarca-em-paris-para-viagem-oficial-mas-agenda-e-mantida-em-sigilo","status":"publish","type":"post","link":"https:\/\/tvbrazilusa.com\/pt\/2024\/07\/25\/janja-desembarca-em-paris-para-viagem-oficial-mas-agenda-e-mantida-em-sigilo\/","title":{"rendered":"Janja desembarca em Paris para viagem oficial mas agenda \u00e9 mantida em sigilo"},"content":{"rendered":"<p> <script async src=\"https:\/\/pagead2.googlesyndication.com\/pagead\/js\/adsbygoogle.js?client=ca-pub-8864793242727901\"\r\n     crossorigin=\"anonymous\"><\/script><br \/>\n<\/p>\n<div>\n<p>A primeira-dama do Brasil, Ros\u00e2ngela da Silva, conhecida como Janja, desembarcou na Fran\u00e7a nesta quinta-feira, 25 de julho de 2024. Ela foi incumbida de representar o presidente Luiz In\u00e1cio Lula da Silva na abertura dos t\u00e3o aguardados Jogos Ol\u00edmpicos de Paris. A viagem marca uma importante miss\u00e3o diplom\u00e1tica para Janja, que se v\u00ea no centro das aten\u00e7\u00f5es internacionais.<\/p>\n<p>Janja embarcou num voo comercial da Air France e aterrissou em Paris \u00e0s 14h05, conforme informou o jornal Folha de S.Paulo. A escolha pelo voo comercial se deu devido a um decreto do ex-presidente Jair Bolsonaro, que restringe o uso dos avi\u00f5es da For\u00e7a A\u00e9rea Brasileira (FAB) para apenas algumas autoridades espec\u00edficas, excluindo a primeira-dama.<\/p>\n<figure class=\"wp-block-image size-full\"><picture decoding=\"async\" class=\"wp-image-161307\"><source type=\"image\/webp\" srcset=\"https:\/\/terrabrasilnoticias.com\/wp-content\/uploads\/2024\/07\/image-783.png.webp 700w, https:\/\/terrabrasilnoticias.com\/wp-content\/uploads\/2024\/07\/image-783-300x200.png.webp 300w\" sizes=\"(max-width: 700px) 100vw, 700px\"\/><\/picture><figcaption class=\"wp-element-caption\">Vin\u00edcius Schmidt\/Metr\u00f3poles<\/figcaption><\/figure>\n<h2 class=\"wp-block-heading\">Janja Representa o Brasil nos Jogos Ol\u00edmpicos<\/h2>\n<p>A decis\u00e3o de Janja receber tratamento de chefe de Estado, com desembarque priorit\u00e1rio e sa\u00edda por uma \u00e1rea reservada, partiu do governo franc\u00eas. Este gesto sublinha a tentativa de reconhecimento de sua import\u00e2ncia como representante oficial de Lula nos Jogos.<\/p>\n<p>Curiosamente, a agenda da primeira-dama em Paris permanece um mist\u00e9rio. Apesar de a viagem ser de car\u00e1ter oficial, nenhum detalhe foi divulgado pela sua assessoria, exceto por alguns compromissos p\u00fablicos. Este sigilo refor\u00e7a a import\u00e2ncia e a delicadeza das miss\u00f5es que Janja desempenhar\u00e1 durante sua estada.<\/p>\n<h2 class=\"wp-block-heading\">Quais s\u00e3o os Compromissos P\u00fablicos de Janja em Paris?<\/h2>\n<p>O que se sabe at\u00e9 agora \u00e9 que Janja foi convidada para participar de um jantar oferecido pelo Comit\u00ea Ol\u00edmpico Internacional (COI) e de uma recep\u00e7\u00e3o organizada pelo presidente franc\u00eas Emmanuel Macron no Pal\u00e1cio do Eliseu. Al\u00e9m desses eventos, ela tamb\u00e9m se encontrar\u00e1 com a prefeita de Paris, Anne Hidalgo, em uma reuni\u00e3o que promete discutir temas de relev\u00e2ncia bilateral.<\/p>\n<\/p><\/div>\n<p><br \/>\n<br \/><a href=\"https:\/\/terrabrasilnoticias.com\/2024\/07\/janja-desembarca-em-paris-para-viagem-oficial-mas-agenda-e-mantida-em-sigilo\/\">Source link <\/a><\/p>","protected":false},"excerpt":{"rendered":"<p>A primeira-dama do Brasil, Ros\u00e2ngela da Silva, conhecida como Janja, desembarcou na Fran\u00e7a nesta quinta-feira, 25 de julho de 2024. Ela foi incumbida de representar o presidente Luiz In\u00e1cio Lula&hellip;<\/p>","protected":false},"author":1,"featured_media":8570,"comment_status":"closed","ping_status":"open","sticky":false,"template":"","format":"standard","meta":{"content-type":"","footnotes":""},"categories":[16],"tags":[],"class_list":["post-8569","post","type-post","status-publish","format-standard","has-post-thumbnail","hentry","category-noticias"],"_links":{"self":[{"href":"https:\/\/tvbrazilusa.com\/pt\/wp-json\/wp\/v2\/posts\/8569","targetHints":{"allow":["GET"]}}],"collection":[{"href":"https:\/\/tvbrazilusa.com\/pt\/wp-json\/wp\/v2\/posts"}],"about":[{"href":"https:\/\/tvbrazilusa.com\/pt\/wp-json\/wp\/v2\/types\/post"}],"author":[{"embeddable":true,"href":"https:\/\/tvbrazilusa.com\/pt\/wp-json\/wp\/v2\/users\/1"}],"replies":[{"embeddable":true,"href":"https:\/\/tvbrazilusa.com\/pt\/wp-json\/wp\/v2\/comments?post=8569"}],"version-history":[{"count":1,"href":"https:\/\/tvbrazilusa.com\/pt\/wp-json\/wp\/v2\/posts\/8569\/revisions"}],"predecessor-version":[{"id":8571,"href":"https:\/\/tvbrazilusa.com\/pt\/wp-json\/wp\/v2\/posts\/8569\/revisions\/8571"}],"wp:featuredmedia":[{"embeddable":true,"href":"https:\/\/tvbrazilusa.com\/pt\/wp-json\/wp\/v2\/media\/8570"}],"wp:attachment":[{"href":"https:\/\/tvbrazilusa.com\/pt\/wp-json\/wp\/v2\/media?parent=8569"}],"wp:term":[{"taxonomy":"category","embeddable":true,"href":"https:\/\/tvbrazilusa.com\/pt\/wp-json\/wp\/v2\/categories?post=8569"},{"taxonomy":"post_tag","embeddable":true,"href":"https:\/\/tvbrazilusa.com\/pt\/wp-json\/wp\/v2\/tags?post=8569"}],"curies":[{"name":"wp","href":"https:\/\/api.w.org\/{rel}","templated":true}]}}