{"id":8585,"date":"2022-08-29T14:30:39","date_gmt":"2022-08-29T14:30:39","guid":{"rendered":"https:\/\/tvbrazilusa.com\/2022\/08\/29\/bolsonaro-patrolou-lula-e-a-militancia-de-redacao-no-debate\/"},"modified":"2022-08-29T14:30:39","modified_gmt":"2022-08-29T14:30:39","slug":"bolsonaro-patrolou-lula-e-a-militancia-de-redacao-no-debate","status":"publish","type":"post","link":"https:\/\/tvbrazilusa.com\/pt\/2022\/08\/29\/bolsonaro-patrolou-lula-e-a-militancia-de-redacao-no-debate\/","title":{"rendered":"Bolsonaro patrolou Lula e a milit\u00e2ncia de reda\u00e7\u00e3o no debate"},"content":{"rendered":"<p><iframe  width=\"580\" height=\"385\" src=\"https:\/\/www.youtube.com\/embed\/INqGcFoQpQA?modestbranding=1\" frameborder=\"0\" allowfullscreen><\/iframe><br \/>\n<br \/>Num debate de todos contra Bolsonaro, incluindo a\u00ed os &#8220;jornalistas&#8221;, o presidente se defendeu muito bem e colou na testa de Lula a pecha de ex-presidi\u00e1rio e apoiador de ditaduras.<\/p>\n<p>J\u00e1 conhece o Ruschel sem Filtro?<\/p>\n<p>Tenha acesso a minha opini\u00e3o SEM CENSURA sobre pol\u00edtica, conservadorismo e economia. <\/p>\n<p>\u27a1\ufe0f Teste por 7 dias gr\u00e1tis o meu servi\u00e7o de assinatura:<br \/>\n<br \/><a href=\"https:\/\/www.youtube.com\/watch?v=INqGcFoQpQA\">source<\/a><\/p>","protected":false},"excerpt":{"rendered":"<p>Num debate de todos contra Bolsonaro, incluindo a\u00ed os &#8220;jornalistas&#8221;, o presidente se defendeu muito bem e colou na testa de Lula a pecha de ex-presidi\u00e1rio e apoiador de ditaduras.&hellip;<\/p>","protected":false},"author":1,"featured_media":8586,"comment_status":"","ping_status":"open","sticky":false,"template":"","format":"standard","meta":{"content-type":"","footnotes":""},"categories":[1],"tags":[],"class_list":["post-8585","post","type-post","status-publish","format-standard","has-post-thumbnail","hentry","category-uncategorized"],"_links":{"self":[{"href":"https:\/\/tvbrazilusa.com\/pt\/wp-json\/wp\/v2\/posts\/8585","targetHints":{"allow":["GET"]}}],"collection":[{"href":"https:\/\/tvbrazilusa.com\/pt\/wp-json\/wp\/v2\/posts"}],"about":[{"href":"https:\/\/tvbrazilusa.com\/pt\/wp-json\/wp\/v2\/types\/post"}],"author":[{"embeddable":true,"href":"https:\/\/tvbrazilusa.com\/pt\/wp-json\/wp\/v2\/users\/1"}],"replies":[{"embeddable":true,"href":"https:\/\/tvbrazilusa.com\/pt\/wp-json\/wp\/v2\/comments?post=8585"}],"version-history":[{"count":0,"href":"https:\/\/tvbrazilusa.com\/pt\/wp-json\/wp\/v2\/posts\/8585\/revisions"}],"wp:featuredmedia":[{"embeddable":true,"href":"https:\/\/tvbrazilusa.com\/pt\/wp-json\/wp\/v2\/media\/8586"}],"wp:attachment":[{"href":"https:\/\/tvbrazilusa.com\/pt\/wp-json\/wp\/v2\/media?parent=8585"}],"wp:term":[{"taxonomy":"category","embeddable":true,"href":"https:\/\/tvbrazilusa.com\/pt\/wp-json\/wp\/v2\/categories?post=8585"},{"taxonomy":"post_tag","embeddable":true,"href":"https:\/\/tvbrazilusa.com\/pt\/wp-json\/wp\/v2\/tags?post=8585"}],"curies":[{"name":"wp","href":"https:\/\/api.w.org\/{rel}","templated":true}]}}