{"id":8587,"date":"2022-02-19T13:00:07","date_gmt":"2022-02-19T13:00:07","guid":{"rendered":"https:\/\/tvbrazilusa.com\/2022\/02\/19\/paulo-figueiredo-comenta-saida-de-candil-da-jovem-pan-e-se-vai-retornar-a-emissora\/"},"modified":"2022-02-19T13:00:07","modified_gmt":"2022-02-19T13:00:07","slug":"paulo-figueiredo-comenta-saida-de-candil-da-jovem-pan-e-se-vai-retornar-a-emissora","status":"publish","type":"post","link":"https:\/\/tvbrazilusa.com\/pt\/2022\/02\/19\/paulo-figueiredo-comenta-saida-de-candil-da-jovem-pan-e-se-vai-retornar-a-emissora\/","title":{"rendered":"Paulo Figueiredo Comenta Sa\u00edda de Candil da Jovem Pan e Se Vai Retornar \u00e0 Emissora!"},"content":{"rendered":"<p><iframe  width=\"580\" height=\"385\" src=\"https:\/\/www.youtube.com\/embed\/85rSP7iT3WE?modestbranding=1\" frameborder=\"0\" allowfullscreen><\/iframe><br \/>\n<br \/>Inscri\u00e7\u00f5es Abertas para o meu curso sobre pol\u00edtica americana:<br \/>\n &#8211;<\/p>\n<p>Acompanhe-me no Instagram:<br \/>\n &#8211;<\/p>\n<p>Siga no Twitter:<br \/>\n &#8211; <\/p>\n<p>Acompanhe-me no GETTR:<\/p>\n<p>E no Telegram:<br \/>\n &#8211;<\/p>\n<p>#euabr #euabrasil #politicaamericana #direita #california #brasil #politicaeua #acaradariqueza #bolsonaro #santabarbara #politicadireita #bolsonaro2018 #bolsonaropresidente #conservador #bolsonaropresidente2018 #mito #politica #bolsas #jairbolsonaro #reenvioparavoc\u00ea #elesim #reenviodecompras #elei\u00e7\u00f5es2018 #redirecionamento #eduardobolsonaro #liberdadedeexpressao #jornalismo #jovempan #politicainternacional #brasileirosnoseua<br \/>\n<br \/><a href=\"https:\/\/www.youtube.com\/watch?v=85rSP7iT3WE\">source<\/a><\/p>","protected":false},"excerpt":{"rendered":"<p>Inscri\u00e7\u00f5es Abertas para o meu curso sobre pol\u00edtica americana: &#8211; Acompanhe-me no Instagram: &#8211; Siga no Twitter: &#8211; Acompanhe-me no GETTR: E no Telegram: &#8211; #euabr #euabrasil #politicaamericana #direita #california&hellip;<\/p>","protected":false},"author":1,"featured_media":8588,"comment_status":"","ping_status":"open","sticky":false,"template":"","format":"standard","meta":{"content-type":"","footnotes":""},"categories":[18],"tags":[],"class_list":["post-8587","post","type-post","status-publish","format-standard","has-post-thumbnail","hentry","category-paulo-figueiredo"],"_links":{"self":[{"href":"https:\/\/tvbrazilusa.com\/pt\/wp-json\/wp\/v2\/posts\/8587","targetHints":{"allow":["GET"]}}],"collection":[{"href":"https:\/\/tvbrazilusa.com\/pt\/wp-json\/wp\/v2\/posts"}],"about":[{"href":"https:\/\/tvbrazilusa.com\/pt\/wp-json\/wp\/v2\/types\/post"}],"author":[{"embeddable":true,"href":"https:\/\/tvbrazilusa.com\/pt\/wp-json\/wp\/v2\/users\/1"}],"replies":[{"embeddable":true,"href":"https:\/\/tvbrazilusa.com\/pt\/wp-json\/wp\/v2\/comments?post=8587"}],"version-history":[{"count":0,"href":"https:\/\/tvbrazilusa.com\/pt\/wp-json\/wp\/v2\/posts\/8587\/revisions"}],"wp:featuredmedia":[{"embeddable":true,"href":"https:\/\/tvbrazilusa.com\/pt\/wp-json\/wp\/v2\/media\/8588"}],"wp:attachment":[{"href":"https:\/\/tvbrazilusa.com\/pt\/wp-json\/wp\/v2\/media?parent=8587"}],"wp:term":[{"taxonomy":"category","embeddable":true,"href":"https:\/\/tvbrazilusa.com\/pt\/wp-json\/wp\/v2\/categories?post=8587"},{"taxonomy":"post_tag","embeddable":true,"href":"https:\/\/tvbrazilusa.com\/pt\/wp-json\/wp\/v2\/tags?post=8587"}],"curies":[{"name":"wp","href":"https:\/\/api.w.org\/{rel}","templated":true}]}}