{"id":85990,"date":"2025-01-01T22:30:38","date_gmt":"2025-01-01T22:30:38","guid":{"rendered":"https:\/\/tvbrazilusa.com\/2025\/01\/01\/joe-budden-acusado-de-lascivia-depois-de-supostamente-aparecer-nu-no-corredor-de-nj-o-advogado-dele-esta-revidando\/"},"modified":"2025-01-01T22:45:05","modified_gmt":"2025-01-01T22:45:05","slug":"joe-budden-acusado-de-lascivia-depois-de-supostamente-aparecer-nu-no-corredor-de-nj-o-advogado-dele-esta-revidando","status":"publish","type":"post","link":"https:\/\/tvbrazilusa.com\/pt\/2025\/01\/01\/joe-budden-acusado-de-lascivia-depois-de-supostamente-aparecer-nu-no-corredor-de-nj-o-advogado-dele-esta-revidando\/","title":{"rendered":"Joe Budden acusado de lasc\u00edvia depois de supostamente aparecer nu no corredor de NJ. O advogado dele est\u00e1 revidando."},"content":{"rendered":"<p> <script async src=\"https:\/\/pagead2.googlesyndication.com\/pagead\/js\/adsbygoogle.js?client=ca-pub-8864793242727901\"\r\n     crossorigin=\"anonymous\"><\/script><br \/>\n<\/p>\n<div>\n<p class=\"article__paragraph article__paragraph--left\" id=\"EWFUZCRIOVDMHKPXRNADKPBI7Y\">Em 30 de dezembro, a Pol\u00edcia de Edgewater divulgou um comunicado dizendo que <a href=\"https:\/\/www.tmz.com\/2024\/12\/31\/joe-budden-charged-naked-in-hallway-doorbell-camera-new-jersey\/\" target=\"_blank\">Joe Budden<\/a> foi acusado de <a href=\"https:\/\/www.tmz.com\/2024\/12\/31\/joe-budden-charged-naked-in-hallway-doorbell-camera-new-jersey\/\" target=\"_blank\">lasc\u00edvia<\/a>.<\/p>\n<p class=\"article__paragraph article__paragraph--left\" id=\"KTV3R5DAV5ACXH5EZJLB7R7ZDU\">Agora seu advogado est\u00e1 reagindo.<\/p>\n<p class=\"article__paragraph article__paragraph--left\" id=\"SHQSUY6TWZEGTGALWCHFGCVPIE\">De acordo com o comunicado policial, divulgado pela primeira vez pelo TMZ na ter\u00e7a-feira, na manh\u00e3 do dia 4 de dezembro, os policiais responderam a uma liga\u00e7\u00e3o de um <a href=\"https:\/\/www.tmz.com\/2024\/12\/31\/joe-budden-charged-naked-in-hallway-doorbell-camera-new-jersey\/\" target=\"_blank\">Complexo de apartamentos Edgewater<\/a> informando que um <a href=\"https:\/\/www.tmz.com\/2024\/12\/31\/joe-budden-charged-naked-in-hallway-doorbell-camera-new-jersey\/\" target=\"_blank\">nu<\/a> homem estava do lado de fora da porta de algu\u00e9m. Esse homem, disse a pessoa \u00e0 pol\u00edcia, era Budden, o rapper de Nova Jersey que virou<a href=\"https:\/\/www.youtube.com\/@joebuddentv\/videos\" target=\"_blank\">podcaster<\/a>. <\/p>\n<p class=\"article__paragraph article__paragraph--left\" id=\"UTYPHF5BQ5GXNHHSM2ODQL3JBM\">Eles disseram que a c\u00e2mera da campainha gravou Budden nu tentando inserir um c\u00f3digo no teclado da porta v\u00e1rias vezes e depois retornando para seu apartamento do outro lado do corredor. Em um <a href=\"https:\/\/www.tmz.com\/2024\/12\/31\/joe-budden-charged-naked-in-hallway-doorbell-camera-new-jersey\/\" target=\"_blank\">reclama\u00e7\u00e3o<\/a>o vizinho de Budden disse ter visto Budden nu por meio de v\u00eddeo ao vivo em seu telefone, assim como seus dois filhos.<\/p>\n<p class=\"article__paragraph article__paragraph--left\" id=\"QPGI4CRFGBH5BFQCR7ENKBDHUQ\">Na declara\u00e7\u00e3o da Pol\u00edcia de Edgewater, o chefe Donald Martin observou que as acusa\u00e7\u00f5es s\u00e3o \u201cmeras acusa\u00e7\u00f5es e que o r\u00e9u \u00e9 presumido inocente at\u00e9 e a menos que sua culpa seja provada al\u00e9m de qualquer d\u00favida razo\u00e1vel\u201d. <\/p>\n<p class=\"article__paragraph article__paragraph--left\" id=\"NVB2SENFQFCMHI52NSM72CSENY\"><a href=\"https:\/\/www.nj.com\/entertainment\/music\/2011\/06\/whether_communicating_through.html\" target=\"_blank\">Amigo<\/a>44, deve comparecer ao tribunal em janeiro.<\/p>\n<p class=\"article__paragraph article__paragraph--left\" id=\"OEDDI4SYJJC2TCZK7OUSOBBENA\">Nima Ameri, advogada de <a href=\"https:\/\/www.nj.com\/entertainment\/music\/2013\/01\/joe_budden_takes_a_firm_step_f.html\" target=\"_blank\">Amigo<\/a>compartilhou um <a href=\"https:\/\/www.instagram.com\/p\/DEQX2ogy42L\/?hl=en\" target=\"_blank\">declara\u00e7\u00e3o<\/a> na v\u00e9spera de Ano Novo que chamou a declara\u00e7\u00e3o policial de \u201cinflamat\u00f3ria e caluniosa\u201d. <\/p>\n<p class=\"article__paragraph article__paragraph--left\" id=\"OEDDI4SYJJC2TCZK7OUSOBBENA\">\u201c\u00c9 importante esclarecer que o Sr. Budden nunca foi preso e o incidente mencionado foi resultado de uma condi\u00e7\u00e3o m\u00e9dica bem documentada conhecida como sonambulismo \u2013 uma condi\u00e7\u00e3o da qual o Sr. Budden tem uma longa e p\u00fablica hist\u00f3ria\u201d, disse Ameri. <\/p>\n<p class=\"article__paragraph article__paragraph--left\" id=\"Y6SEC5MOOFBYFJEND44YCDGIZ4\">O advogado, que chamou Budden de \u201ca verdadeira v\u00edtima\u201d, observou que seu cliente apresentou v\u00e1rias \u201cden\u00fancias criminais cruzadas\u201d e alegou que a pol\u00edcia n\u00e3o conseguiu abord\u00e1-las \u201cem tempo h\u00e1bil\u201d.<\/p>\n<p class=\"article__paragraph article__paragraph--left\" id=\"Z72LSCEIRRFMPHUCDRNHRWVBJU\">Ameri alegou que o preconceito racial estava em jogo na decis\u00e3o de Martin de emitir um comunicado \u00e0 imprensa sobre a acusa\u00e7\u00e3o contra Budden.<\/p>\n<figure class=\"article__image\">\n<div class=\"article__image-wrapper\"><picture><source media=\"(max-width: 500px)\" srcset=\"https:\/\/www.nj.com\/resizer\/v2\/Y3J43O5PEJHL5AXVNRIFM4U53U.jpg?auth=27075621f7614f6e52d802bee1a4336a256da81c390a27c047f9ce207372269f&#038;width=500&#038;quality=90 500w\"\/><source media=\"(max-width: 800px)\" srcset=\"https:\/\/www.nj.com\/resizer\/v2\/Y3J43O5PEJHL5AXVNRIFM4U53U.jpg?auth=27075621f7614f6e52d802bee1a4336a256da81c390a27c047f9ce207372269f&#038;width=800&#038;quality=90 800w\"\/><source srcset=\"https:\/\/www.nj.com\/resizer\/v2\/Y3J43O5PEJHL5AXVNRIFM4U53U.jpg?auth=27075621f7614f6e52d802bee1a4336a256da81c390a27c047f9ce207372269f&#038;width=1280&#038;quality=90 1280w\"\/><\/picture><figcaption class=\"article__image-caption\">\n<p class=\"article__mm-image-caption-text\">Joe Budden se apresentando com Joell Ortiz, membro de seu antigo supergrupo de hip-hop Slaughterhouse, em 2012. <span class=\"article__mm-image-credit\">Johnny Nu\u00f1ez | WireImage<\/span><\/p>\n<\/figcaption><\/div>\n<\/figure>\n<p class=\"article__paragraph article__paragraph--left\" id=\"QIX6MJMDSZCUHIAORWZSMT3QHU\">\u201cSe o Sr. Budden n\u00e3o tivesse sido uma voz negra proeminente em sua comunidade, n\u00e3o acreditamos que tal comunicado \u00e0 imprensa teria sido emitido sobre essas alega\u00e7\u00f5es med\u00edocres\u201d, disse o advogado. \u201cEstamos confiantes de que uma an\u00e1lise dos registros da Pol\u00edcia de Edgewater n\u00e3o mostrar\u00e1 nenhum precedente para a emiss\u00e3o de um comunicado \u00e0 imprensa sobre um indiv\u00edduo branco acusado de um crime de pessoa desordeira antes da data do julgamento.\u201d<\/p>\n<p class=\"article__paragraph article__paragraph--left\" id=\"EUELE75ZTNF2VJ4TIHD2ZKONTE\">Budden, que hospeda \u201c<a href=\"https:\/\/www.instagram.com\/thejoebuddenpod\/?hl=en\" target=\"_blank\">Podcast de Joe Budden<\/a>\u201d, \u00e9 natural de Nova York e cresceu em <a href=\"https:\/\/www.nj.com\/entertainment\/music\/2011\/06\/whether_communicating_through.html\" target=\"_blank\">Cidade de Jersey<\/a>. <\/p>\n<p class=\"article__paragraph article__paragraph--left\" id=\"Z2TIUNTIUBGMPCO73MIOOWKVTQ\">Seu autointitulado lan\u00e7ado em 2003, produziu o hit indicado ao Grammy \u201c<a href=\"https:\/\/www.youtube.com\/watch?v=ySfwW_xSRU4\" target=\"_blank\">Aumente.<\/a>\u201d <\/p>\n<p class=\"article__paragraph article__paragraph--left\" id=\"G3WTFHFMXBFYJN4TBKMTYGN7X4\">Ele lan\u00e7ou outros sete est\u00fadios <a href=\"https:\/\/www.nj.com\/entertainment\/music\/2013\/01\/joe_budden_takes_a_firm_step_f.html\" target=\"_blank\">\u00e1lbuns<\/a> como artista solo, al\u00e9m de dois \u00e1lbuns com o <a href=\"https:\/\/www.youtube.com\/watch?v=9Vg8IaRDBcc\" target=\"_blank\">supergrupo de hip-hop<\/a> <a href=\"https:\/\/www.youtube.com\/watch?v=ZdnjbzB8Nh4\" target=\"_blank\">Matadouro<\/a> &#8211;<a href=\"https:\/\/www.nj.com\/entertainment\/music\/2012\/09\/slaughterhouse_rock_the_bells.html\" target=\"_blank\"> Budden, Royce da 5\u20329\u2033, Kxng Crooked (anteriormente Crooked I) e Joell Ortiz<\/a> &#8211; que se separou em 2018. <\/p>\n<p class=\"article__paragraph article__paragraph--left\" id=\"ZVHSBCPJCZCDLNY7MPVOJJ75KU\">Desde ent\u00e3o, Budden se aposentou da m\u00fasica. Seu \u00faltimo \u00e1lbum foi \u201c\u201d, lan\u00e7ado em 2016.<\/p>\n<p class=\"article__paragraph article__paragraph--left\" id=\"32Q73D2765BKDLM57LU7YOK6Z4\">Seu popular <a href=\"https:\/\/www.youtube.com\/@joebuddentv\/videos\" target=\"_blank\">podcast<\/a> estreou em 2015 como \u201cVou nomear este podcast mais tarde\u201d.<\/p>\n<section class=\"Stories-By-Author-module_wrapper__ezbcK Stories-By-Author-module_nj__Ap1-Y\"\/>\n<p class=\"article__paragraph article__paragraph--left\" id=\"322PKOHB2FBTFOGOFLUV5NVGQ4\"><i>Obrigado por ler. Por favor, considere apoiar <\/i><a href=\"https:\/\/www.nj.com\/\"><i>NJ.com<\/i><\/a><i>  com uma assinatura.<\/i><\/p>\n<p class=\"article__paragraph article__paragraph--left\" id=\"YHUIEJQXOFES5AZVRKBSFNGTB4\"><i>Amy Kuperinsky pode ser contatada em <\/i><a href=\"https:\/\/www.nj.com\/entertainment\/2025\/01\/mailto:akuperinsky@njadvancemedia.com\"><i>akuperinsky@njadvancemedia.com<\/i><\/a><i>  e seguiu em <\/i><a href=\"http:\/\/www.twitter.com\/amykup\"><i>@AmyKup<\/i><\/a><i>  no Twitter\/X, <\/i><a href=\"https:\/\/bsky.app\/profile\/amykup.bsky.social\"><i>@amykup.bsky.social<\/i><\/a><i>  em Bluesky e <\/i><a href=\"https:\/\/www.instagram.com\/kupamy\/\"><i>@kupamy<\/i><\/a><i>  sobre <\/i><a href=\"https:\/\/www.instagram.com\/kupamy\/\"><i>Instagram<\/i><\/a><i>  e <\/i><a href=\"https:\/\/www.threads.net\/@kupamy\"><i>T\u00f3picos<\/i><\/a><i>.<\/i><\/p>\n<\/div>\n<p><script async src=\"\/\/platform.twitter.com\/widgets.js\" charset=\"utf-8\"><\/script><script async src=\"\/\/www.instagram.com\/embed.js\"><\/script><br \/>\n<br \/><br \/>\n<br \/><a href=\"https:\/\/www.nj.com\/entertainment\/2025\/01\/joe-budden-charged-with-lewdness-after-allegedly-appearing-naked-in-nj-hallway-his-lawyers-hitting-back.html\">Source link <\/a><\/p>","protected":false},"excerpt":{"rendered":"<p>Em 30 de dezembro, a Pol\u00edcia de Edgewater divulgou um comunicado dizendo que Joe Budden foi acusado de lasc\u00edvia. Agora seu advogado est\u00e1 reagindo. De acordo com o comunicado policial,&hellip;<\/p>","protected":false},"author":1,"featured_media":85991,"comment_status":"closed","ping_status":"open","sticky":false,"template":"","format":"standard","meta":{"content-type":"","footnotes":""},"categories":[1],"tags":[5296],"class_list":["post-85990","post","type-post","status-publish","format-standard","has-post-thumbnail","hentry","category-uncategorized","tag-musica"],"_links":{"self":[{"href":"https:\/\/tvbrazilusa.com\/pt\/wp-json\/wp\/v2\/posts\/85990","targetHints":{"allow":["GET"]}}],"collection":[{"href":"https:\/\/tvbrazilusa.com\/pt\/wp-json\/wp\/v2\/posts"}],"about":[{"href":"https:\/\/tvbrazilusa.com\/pt\/wp-json\/wp\/v2\/types\/post"}],"author":[{"embeddable":true,"href":"https:\/\/tvbrazilusa.com\/pt\/wp-json\/wp\/v2\/users\/1"}],"replies":[{"embeddable":true,"href":"https:\/\/tvbrazilusa.com\/pt\/wp-json\/wp\/v2\/comments?post=85990"}],"version-history":[{"count":1,"href":"https:\/\/tvbrazilusa.com\/pt\/wp-json\/wp\/v2\/posts\/85990\/revisions"}],"predecessor-version":[{"id":85992,"href":"https:\/\/tvbrazilusa.com\/pt\/wp-json\/wp\/v2\/posts\/85990\/revisions\/85992"}],"wp:featuredmedia":[{"embeddable":true,"href":"https:\/\/tvbrazilusa.com\/pt\/wp-json\/wp\/v2\/media\/85991"}],"wp:attachment":[{"href":"https:\/\/tvbrazilusa.com\/pt\/wp-json\/wp\/v2\/media?parent=85990"}],"wp:term":[{"taxonomy":"category","embeddable":true,"href":"https:\/\/tvbrazilusa.com\/pt\/wp-json\/wp\/v2\/categories?post=85990"},{"taxonomy":"post_tag","embeddable":true,"href":"https:\/\/tvbrazilusa.com\/pt\/wp-json\/wp\/v2\/tags?post=85990"}],"curies":[{"name":"wp","href":"https:\/\/api.w.org\/{rel}","templated":true}]}}