{"id":86241,"date":"2025-01-02T14:48:25","date_gmt":"2025-01-02T14:48:25","guid":{"rendered":"https:\/\/tvbrazilusa.com\/2025\/01\/02\/harry-chandler-nativo-de-massachusetts-e-medico-da-marinha-que-sobreviveu-ao-ataque-do-japao-a-pearl-harbor-morre-aos-103-anos\/"},"modified":"2025-01-02T14:49:12","modified_gmt":"2025-01-02T14:49:12","slug":"harry-chandler-nativo-de-massachusetts-e-medico-da-marinha-que-sobreviveu-ao-ataque-do-japao-a-pearl-harbor-morre-aos-103-anos","status":"publish","type":"post","link":"https:\/\/tvbrazilusa.com\/pt\/2025\/01\/02\/harry-chandler-nativo-de-massachusetts-e-medico-da-marinha-que-sobreviveu-ao-ataque-do-japao-a-pearl-harbor-morre-aos-103-anos\/","title":{"rendered":"Harry Chandler, nativo de Massachusetts e m\u00e9dico da Marinha que sobreviveu ao ataque do Jap\u00e3o a Pearl Harbor, morre aos 103 anos"},"content":{"rendered":"<p> <script async src=\"https:\/\/pagead2.googlesyndication.com\/pagead\/js\/adsbygoogle.js?client=ca-pub-8864793242727901\"\r\n     crossorigin=\"anonymous\"><\/script><br \/>\n<\/p>\n<div id=\"\">\n<header class=\"m-article-header m-article-header--standard\">\n\t\t\t\t\t\t\t\t\t\t\t\t<span id=\"article-header-primary-term\"><br \/>\n\t\t\t\t\t\t\t\t<a class=\"a-term a-term--primary\" href=\"https:\/\/www.boston.com\/tag\/local-news\/\"><\/p>\n<p>\t\t\t\t\t\t\t\tNot\u00edcias locais\t\t\t\t\t\t\t\t<\/a><br \/>\n\t\t\t\t\t\t\t<\/span><\/p>\n<h2 class=\"m-article-header__sub-headline\">Chandler, que ajudou a retirar marinheiros feridos das \u00e1guas oleosas de Pearl Harbor ap\u00f3s o ataque japon\u00eas \u00e0 base naval em 1941, era natural de Massachusetts e dividia seu tempo entre a Nova Inglaterra e a Fl\u00f3rida.<\/h2>\n<figure class=\"a-photo m-article-header__photo\"><figcaption class=\"a-photo__caption\">\n<p>\tO sobrevivente de Pearl Harbor, Harry Chandler, 102, de Tequesta, Fl\u00f3rida, fala \u00e0 m\u00eddia durante a 82\u00aa cerim\u00f4nia do Dia da Mem\u00f3ria de Pearl Harbor em 7 de dezembro de 2023, em Pearl Harbor, em Honolulu. <em> Foto AP\/Mengshin Lin, Arquivo<\/em>\t<\/figcaption><\/figure>\n<div class=\"m-article-header__meta\">\n<div class=\"m-article-header__byline\">\n<p class=\"m-article-header__author\">\n<p>\t\t\t\t\t\t\t\tPor AUDREY McAVOY, Associated Press\t\t\t\t\t\t\t<\/p>\n<p>\t\t\t\t\t\t\t\t\t\t\t\t\t\t\t<time class=\"m-article-header__date\"><\/p>\n<p>\t\t\t\t\t\t\t\t\t2 de janeiro de 2025 | 9h48\t\t\t\t\t\t\t\t<\/time><\/p><\/div>\n<\/p><\/div>\n<\/header>\n<p>HONOLULU (AP) \u2013 Harry Chandler, um m\u00e9dico da Marinha que ajudou a retirar marinheiros feridos das \u00e1guas oleosas de Pearl Harbor ap\u00f3s o ataque japon\u00eas \u00e0 base naval em 1941, morreu. Ele tinha 103 anos.<\/p>\n<p>Chandler morreu na segunda-feira em um centro de conviv\u00eancia para idosos em Tequesta, Fl\u00f3rida, de acordo com Ron Mahaffee, marido de sua neta Kelli Fahey. Chandler tinha insufici\u00eancia card\u00edaca congestiva, mas Mahaffee disse que m\u00e9dicos e enfermeiras notaram sua idade avan\u00e7ada ao informar a causa da morte.<\/p>\n<p>O terceiro sobrevivente de Pearl Harbor a morrer nas \u00faltimas semanas, Chandler era um param\u00e9dico de hospital de 3\u00aa classe em 7 de dezembro de 1941, quando ondas de avi\u00f5es de combate japoneses lan\u00e7aram bombas e dispararam metralhadoras contra navios de guerra no porto e mergulharam os EUA na guerra mundial. Segunda Guerra.<\/p>\n<figure class=\"wp-block-image size-full\"><img fetchpriority=\"high\" decoding=\"async\" width=\"2000\" height=\"1332\" src=\"https:\/\/bdc2020.o0bc.com\/wp-content\/uploads\/2025\/01\/AP24366847922923-6776a51e941fe.jpg\" alt=\"Sobreviventes de Pearl Harbor Harry Chandler, Ken Stevens, Herb Elfring e Ira \" ike=\"\" schab=\"\" during=\"\" the=\"\" pearl=\"\" harbor=\"\" remembrance=\"\" day=\"\" ceremony=\"\" on=\"\" dec.=\"\" class=\"wp-image-32576495\" srcset=\"https:\/\/bdc2020.o0bc.com\/wp-content\/uploads\/2025\/01\/AP24366847922923-6776a51e941fe.jpg?width=200 200w, https:\/\/bdc2020.o0bc.com\/wp-content\/uploads\/2025\/01\/AP24366847922923-6776a51e941fe.jpg?width=300 300w, https:\/\/bdc2020.o0bc.com\/wp-content\/uploads\/2025\/01\/AP24366847922923-6776a51e941fe.jpg?width=400 400w, https:\/\/bdc2020.o0bc.com\/wp-content\/uploads\/2025\/01\/AP24366847922923-6776a51e941fe.jpg?width=500 500w, https:\/\/bdc2020.o0bc.com\/wp-content\/uploads\/2025\/01\/AP24366847922923-6776a51e941fe.jpg?width=600 600w, https:\/\/bdc2020.o0bc.com\/wp-content\/uploads\/2025\/01\/AP24366847922923-6776a51e941fe.jpg?width=700 700w, https:\/\/bdc2020.o0bc.com\/wp-content\/uploads\/2025\/01\/AP24366847922923-6776a51e941fe.jpg?width=800 800w, https:\/\/bdc2020.o0bc.com\/wp-content\/uploads\/2025\/01\/AP24366847922923-6776a51e941fe.jpg?width=900 900w\" sizes=\"(max-width: 2000px) 100vw, 2000px\"\/><figcaption class=\"wp-element-caption\">A partir da esquerda, os sobreviventes de Pearl Harbor Harry Chandler, Ken Stevens, Herb Elfring e Ira \u201cIke\u201d Schab durante a cerim\u00f4nia do 82\u00ba Dia em Mem\u00f3ria de Pearl Harbor em 7 de dezembro de 2023, em Pearl Harbor em Honolulu. <i> \u2013 AP Foto\/Mengshin Lin, Arquivo<\/i><\/figcaption><\/figure>\n<p>Ele disse \u00e0 Associated Press em 2023 que viu os avi\u00f5es se aproximando enquanto ele hasteava a bandeira naquela manh\u00e3 em um hospital m\u00f3vel em Aiea Heights, que fica nas colinas com vista para a base.<\/p>\n<p>\u201cAchei que fossem avi\u00f5es vindo dos Estados Unidos at\u00e9 ver as bombas caindo\u201d, disse Chandler. Seu primeiro instinto foi se proteger e \u201cdar o fora daqui\u201d.<\/p>\n<p>\u201cEu estava com medo de que eles come\u00e7assem a metralhar\u201d, disse ele.<\/p>\n<p>Sua unidade desceu em caminh\u00f5es para atender os feridos. Ele disse em uma entrevista de hist\u00f3ria oral no Pacific Historic Parks que embarcou em um barco para ajudar a retirar marinheiros feridos da \u00e1gua.<\/p>\n<p>O porto estava coberto de \u00f3leo da explos\u00e3o de navios, ent\u00e3o Chandler lavou os marinheiros depois de retir\u00e1-los. Ele disse que estava muito focado em seu trabalho para ter medo.<\/p>\n<p>\u201cFicou t\u00e3o ocupado que voc\u00ea n\u00e3o ficou com medo. N\u00e3o est\u00e1vamos nem um pouco assustados. Est\u00e1vamos ocupados. Foi depois que voc\u00ea ficou com medo\u201d, disse Chandler.<\/p>\n<p>Ele percebeu mais tarde que poderia ter sido morto: \u201cMas voc\u00ea n\u00e3o pensou nisso enquanto estava ocupado cuidando das pessoas\u201d.<\/p>\n<p>O ataque matou mais de 2.300 militares norte-americanos. Quase metade, ou 1.177, eram marinheiros e fuzileiros navais a bordo do USS Arizona, que afundou nove minutos depois de ter sido bombardeado.<\/p>\n<p>As mem\u00f3rias de Chandler voltaram quando ele visitou Pearl Harbor para uma cerim\u00f4nia em 2023 em comemora\u00e7\u00e3o ao 82\u00ba anivers\u00e1rio do bombardeio.<\/p>\n<p>\u201cEu olho l\u00e1 fora e ainda posso ver o que est\u00e1 acontecendo. Ainda posso ver o que estava acontecendo\u201d, disse Chandler \u00e0 Associated Press.<\/p>\n<p>Questionado sobre o que queria que os americanos soubessem sobre Pearl Harbor, ele disse: \u201cEsteja preparado\u201d.<\/p>\n<p>\u201cDever\u00edamos saber que isso iria acontecer. A intelig\u00eancia tem que ser melhor\u201d, disse ele.<\/p>\n<p>Ap\u00f3s a guerra, Chandler trabalhou como pintor e cabide de papel de parede e comprou uma empresa de estofados com seu irm\u00e3o. Ele tamb\u00e9m ingressou na reserva da Marinha, aposentando-se como chefe s\u00eanior em 1981.<\/p>\n<p>Chandler nasceu em Holyoke, Massachusetts, e viveu a maior parte de sua vida adulta nas proximidades de South Hadley, disse Mahaffee. Nas \u00faltimas d\u00e9cadas, ele dividiu seu tempo entre Massachusetts e Fl\u00f3rida.<\/p>\n<p>Jogador de golfe \u00e1vido, ele acertou cinco tacadas durante sua vida, acrescentou seu neto.<\/p>\n<p>Chandler teve uma filha biol\u00f3gica e adotou duas filhas de seu segundo casamento, com Anna Chandler, que morreu em 2004. Ele deixa duas filhas, nove netos, 17 bisnetos e cinco tataranetos.<\/p>\n<p>O historiador militar J. Michael Wenger estimou que havia cerca de 87.000 militares na ilha de Oahu no dia do ataque. Com a morte de Chandler, apenas 15 ainda vivem, de acordo com uma contagem mantida por Kathleen Farley, presidente estadual da Calif\u00f3rnia dos Filhos e Filhas dos Sobreviventes de Pearl Harbor.<\/p>\n<p>Bob Fernandez, que serviu no USS Curtiss, tamb\u00e9m morreu este m\u00eas, aos 100 anos, e Warren Upton, 105, que serviu no USS Utah, morreu na semana passada.<\/p>\n<div class=\"m-block m-generic-cta\t m-generic-cta--post-content\t m-generic-cta--dark\t m-generic-cta--homepage\t m-generic-cta--email-signup\t\t m-generic-cta-block-style--default \tt-amp__generic-cta\"><\/p>\n<div class=\"m-generic-cta__wrap\">\n<div class=\"m-generic-cta__content\">\n<h3 class=\"m-generic-cta__title\">Alertas extras de not\u00edcias<\/h3>\n<p class=\"m-generic-cta__subtitle\">Receba as \u00faltimas atualiza\u00e7\u00f5es conforme elas acontecem.<\/p>\n<\/p><\/div>\n<\/p><\/div>\n<\/div><\/div>\n<p><script>\n\t\tvar consent=\"grant\";\n\t\t\/* The above code is parsing the JSON data from the local storage and storing it in a variable. *\/\n\t\t\t\t\tconst onetrustStorageConsent = JSON.parse(localStorage.getItem( 'consent_one_trust_bdc' ) );\n\t\t\tif ( ( onetrustStorageConsent !== null ) ) {\n\t\t\t\t\/* Checking to see if the user has consented to the use of cookies.\n\t\t\t\t* If they have not, it is deleting the cookie.\n\t\t\t\t* This will comment for now, until further notice.\n\t\t\t\t*\/\n\t\t\t\t\/\/if ( onetrustStorageConsent.C0002 === false ) {\n\t\t\t\t\/\/\tdocument.cookie=\"_fbp=;expires=Thu, 01 Jan 2010 00:00:00 UTC; path=\/; domain=.boston.com\";\n\t\t\t\t\/\/}\n\t\t\t\t\/* Checking if the user has given consent for the cookie C0002.\n\t\t\t\t* If the user has given consent, the variable consent will be set to 'grant'.\n\t\t\t\t* If the user has not given consent,the variable consent will be set to 'revoke'.\n\t\t\t\t* Documentation https:\/\/developers.facebook.com\/docs\/meta-pixel\/implementation\/gdpr\n\t\t\t\t*\/\n\t\t\t\tif ( onetrustStorageConsent.C0002 !== true ) {\n\t\t\t\t\tconsent=\"revoke\";\n\t\t\t\t}\n\t\t\t}\n\t\t\t\t!function(f,b,e,v,n,t,s)\n\t\t{if(f.fbq)return;n=f.fbq=function(){n.callMethod?\n\t\tn.callMethod.apply(n,arguments):n.queue.push(arguments)};\n\t\tif(!f._fbq)f._fbq=n;n.push=n;n.loaded=!0;n.version='2.0';\n\t\tn.queue=[];t=b.createElement(e);t.async=!0;\n\t\tt.src=v;s=b.getElementsByTagName(e)[0];\n\t\ts.parentNode.insertBefore(t,s)}(window, document,'script',\n\t\t'https:\/\/connect.facebook.net\/en_US\/fbevents.js');\n\t\tfbq('consent', consent);\n\t\tfbq('init', '989222871864976');\n\t\tfbq('track', 'PageView');\n\t<\/script><script type=\"module\">\n\t\tvar consent=\"grant\";\n\t\t\/* The above code is parsing the JSON data from the local storage and storing it in a variable. *\/\n\t\t\tconst onetrustStorageConsent = JSON.parse(localStorage.getItem( 'consent_one_trust_bdc' ) );\n\t\t\t\/* Checking to see if the user has consented to the use of cookies.\n\t\t\t* If they have not, it is deleting the cookie.\n\t\t\t* This will comment for now, until further notice.\n\t\t\t*\/\n\t\t\t\/\/if ( onetrustStorageConsent.C0002 === false ) {\n\t\t\t\/\/\tdocument.cookie=\"_fbp=;expires=Thu, 01 Jan 2010 00:00:00 UTC; path=\/; domain=.boston.com\";\n\t\t\t\/\/}\n\t\t\t\/* Checking if the user has given consent for the cookie C0002.\n\t\t\t* If the user has given consent, the variable consent will be set to 'grant'.\n\t\t\t* If the user has not given consent,the variable consent will be set to 'revoke'.\n\t\t\t* Documentation https:\/\/developers.facebook.com\/docs\/meta-pixel\/implementation\/gdpr\n\t\t\t*\/\n\t\t\tif ( ( onetrustStorageConsent !== null ) && (onetrustStorageConsent.C0002 !== true ) ) {\n\t\t\t\tconsent=\"revoke\";\n\t\t\t}\n\t\t\t\t!function(f,b,e,v,n,t,s){if(f.fbq)return;n=f.fbq=function()\n\t\t{n.callMethod? n.callMethod.apply(n,arguments):n.queue.push(arguments)}\n\t\t;if(!f._fbq)f._fbq=n;\n\t\tn.push=n;n.loaded=!0;n.version='2.0';n.queue=[];t=b.createElement(e);t.async=!0;\n\t\tt.src=v;s=b.getElementsByTagName(e)[0];s.parentNode.insertBefore(t,s)}(window,\n\t\tdocument,'script','https:\/\/connect.facebook.net\/en_US\/fbevents.js');\n\t\tfbq('consent', consent);\n\t\tfbq('init', '813236348753005');\n\t\tfbq('track', \"PageView\");\n\t<\/script><br \/>\n<br \/><br \/>\n<br \/><a href=\"https:\/\/www.boston.com\/news\/local-news\/2025\/01\/02\/massachusetts-harry-chandler-navy-medic-survived-japans-attack-pearl-harbor-dies-103\/\">Source link <\/a><\/p>","protected":false},"excerpt":{"rendered":"<p>Not\u00edcias locais Chandler, que ajudou a retirar marinheiros feridos das \u00e1guas oleosas de Pearl Harbor ap\u00f3s o ataque japon\u00eas \u00e0 base naval em 1941, era natural de Massachusetts e dividia&hellip;<\/p>","protected":false},"author":1,"featured_media":86242,"comment_status":"closed","ping_status":"open","sticky":false,"template":"","format":"standard","meta":{"content-type":"","footnotes":""},"categories":[1],"tags":[],"class_list":["post-86241","post","type-post","status-publish","format-standard","has-post-thumbnail","hentry","category-uncategorized"],"_links":{"self":[{"href":"https:\/\/tvbrazilusa.com\/pt\/wp-json\/wp\/v2\/posts\/86241","targetHints":{"allow":["GET"]}}],"collection":[{"href":"https:\/\/tvbrazilusa.com\/pt\/wp-json\/wp\/v2\/posts"}],"about":[{"href":"https:\/\/tvbrazilusa.com\/pt\/wp-json\/wp\/v2\/types\/post"}],"author":[{"embeddable":true,"href":"https:\/\/tvbrazilusa.com\/pt\/wp-json\/wp\/v2\/users\/1"}],"replies":[{"embeddable":true,"href":"https:\/\/tvbrazilusa.com\/pt\/wp-json\/wp\/v2\/comments?post=86241"}],"version-history":[{"count":1,"href":"https:\/\/tvbrazilusa.com\/pt\/wp-json\/wp\/v2\/posts\/86241\/revisions"}],"predecessor-version":[{"id":86243,"href":"https:\/\/tvbrazilusa.com\/pt\/wp-json\/wp\/v2\/posts\/86241\/revisions\/86243"}],"wp:featuredmedia":[{"embeddable":true,"href":"https:\/\/tvbrazilusa.com\/pt\/wp-json\/wp\/v2\/media\/86242"}],"wp:attachment":[{"href":"https:\/\/tvbrazilusa.com\/pt\/wp-json\/wp\/v2\/media?parent=86241"}],"wp:term":[{"taxonomy":"category","embeddable":true,"href":"https:\/\/tvbrazilusa.com\/pt\/wp-json\/wp\/v2\/categories?post=86241"},{"taxonomy":"post_tag","embeddable":true,"href":"https:\/\/tvbrazilusa.com\/pt\/wp-json\/wp\/v2\/tags?post=86241"}],"curies":[{"name":"wp","href":"https:\/\/api.w.org\/{rel}","templated":true}]}}