{"id":86253,"date":"2025-01-02T15:10:07","date_gmt":"2025-01-02T15:10:07","guid":{"rendered":"https:\/\/tvbrazilusa.com\/2025\/01\/02\/governo-lula-edita-mp-concedendo-reajuste-medio-de-27-para-servidores\/"},"modified":"2025-01-02T15:10:08","modified_gmt":"2025-01-02T15:10:08","slug":"governo-lula-edita-mp-concedendo-reajuste-medio-de-27-para-servidores","status":"publish","type":"post","link":"https:\/\/tvbrazilusa.com\/pt\/2025\/01\/02\/governo-lula-edita-mp-concedendo-reajuste-medio-de-27-para-servidores\/","title":{"rendered":"Governo Lula edita MP concedendo reajuste m\u00e9dio de 27% para servidores"},"content":{"rendered":"<p> <script async src=\"https:\/\/pagead2.googlesyndication.com\/pagead\/js\/adsbygoogle.js?client=ca-pub-8864793242727901\"\r\n     crossorigin=\"anonymous\"><\/script><br \/>\n<\/p>\n<div id=\"taboola-read-more\" style=\"display:block; width:100%\">\n<p>O governo federal publicou nesta quinta-feira, 2, a Medida Provis\u00f3ria 1.286, que estabelece reajuste salarial e reestrutura\u00e7\u00e3o das carreiras dos servidores p\u00fablicos federais. A ministra da Gest\u00e3o e Inova\u00e7\u00e3o, Esther Dweck, j\u00e1 tinha anunciado a medida, que foi divulgada em edi\u00e7\u00e3o extra do Di\u00e1rio Oficial da Uni\u00e3o.\n<\/p>\n<p>A MP abrange todos os servidores federais, incluindo ativos, aposentados e pensionistas. Os reajustes salariais ocorrer\u00e3o em duas fases: janeiro de 2025 e abril de 2026, com porcentuais vari\u00e1veis conforme as carreiras.<\/p>\n<p>Impacto no or\u00e7amento do reajuste aos servidores<br \/>O impacto no or\u00e7amento \u00e9 significativo, com previs\u00e3o de R$ 17,9 bilh\u00f5es para 2025, influenciando R$ 16,2 bilh\u00f5es no resultado prim\u00e1rio. Em 2026, o impacto estimado \u00e9 de R$ 8,5 bilh\u00f5es. Estes valores consideram cargos efetivos e comissionados, fun\u00e7\u00f5es e gratifica\u00e7\u00f5es.\n<\/p>\n<p>O reajuste salarial m\u00e9dio acumulado ser\u00e1 de 27% de 2023 a 2026, incluindo 9% concedidos em 2023. Em 2024, n\u00e3o houve reajuste, destacando a import\u00e2ncia das mudan\u00e7as previstas para os pr\u00f3ximos anos.\n<\/p>\n<p>A MP tamb\u00e9m promove mudan\u00e7as nas carreiras, prolongando o tempo necess\u00e1rio para que os funcion\u00e1rios atinjam o topo de suas carreiras, com o objetivo de tornar a progress\u00e3o mais gradual.\n<\/p>\n<p>Al\u00e9m disso, a MP transforma 14.989 cargos vagos e obsoletos em 15.670 novos cargos, \u201cmais alinhados \u00e0s necessidades atuais e futuras da administra\u00e7\u00e3o p\u00fablica\u201d, segundo o Minist\u00e9rio da Gest\u00e3o e Inova\u00e7\u00e3o.\n<\/p>\n<p>Mecanismos de avalia\u00e7\u00e3o<br \/>Outro ponto importante \u00e9 a introdu\u00e7\u00e3o de novos mecanismos de avalia\u00e7\u00e3o de desempenho dos servidores, aperfei\u00e7oando o Sistema de Desenvolvimento de Carreiras (Sidec) com crit\u00e9rios para progress\u00e3o e promo\u00e7\u00e3o.\n<\/p>\n<p>A MP cria ainda novas carreiras, como a de Desenvolvimento Socioecon\u00f4mico, a de Desenvolvimento das Pol\u00edticas de Justi\u00e7a e Defesa, e a de Fiscaliza\u00e7\u00e3o da Comiss\u00e3o de Valores Mobili\u00e1rios, visando atender \u00e1reas estrat\u00e9gicas.<\/p>\n<p>Fonte: Revista Oeste              <\/p>\n<\/div>\n<p><br \/>\n<br \/><a href=\"https:\/\/diariodobrasilnoticias.com.br\/noticia\/governo-lula-edita-mp-concedendo-reajuste-medio-de-27-para-servidores-67769a65cf474\">Source link <\/a><\/p>","protected":false},"excerpt":{"rendered":"<p>O governo federal publicou nesta quinta-feira, 2, a Medida Provis\u00f3ria 1.286, que estabelece reajuste salarial e reestrutura\u00e7\u00e3o das carreiras dos servidores p\u00fablicos federais. A ministra da Gest\u00e3o e Inova\u00e7\u00e3o, Esther&hellip;<\/p>","protected":false},"author":1,"featured_media":86254,"comment_status":"closed","ping_status":"open","sticky":false,"template":"","format":"standard","meta":{"content-type":"","footnotes":""},"categories":[16],"tags":[123,2448,5313,1267],"class_list":["post-86253","post","type-post","status-publish","format-standard","has-post-thumbnail","hentry","category-noticias","tag-brasil","tag-diario","tag-noticia","tag-noticias"],"_links":{"self":[{"href":"https:\/\/tvbrazilusa.com\/pt\/wp-json\/wp\/v2\/posts\/86253","targetHints":{"allow":["GET"]}}],"collection":[{"href":"https:\/\/tvbrazilusa.com\/pt\/wp-json\/wp\/v2\/posts"}],"about":[{"href":"https:\/\/tvbrazilusa.com\/pt\/wp-json\/wp\/v2\/types\/post"}],"author":[{"embeddable":true,"href":"https:\/\/tvbrazilusa.com\/pt\/wp-json\/wp\/v2\/users\/1"}],"replies":[{"embeddable":true,"href":"https:\/\/tvbrazilusa.com\/pt\/wp-json\/wp\/v2\/comments?post=86253"}],"version-history":[{"count":1,"href":"https:\/\/tvbrazilusa.com\/pt\/wp-json\/wp\/v2\/posts\/86253\/revisions"}],"predecessor-version":[{"id":86255,"href":"https:\/\/tvbrazilusa.com\/pt\/wp-json\/wp\/v2\/posts\/86253\/revisions\/86255"}],"wp:featuredmedia":[{"embeddable":true,"href":"https:\/\/tvbrazilusa.com\/pt\/wp-json\/wp\/v2\/media\/86254"}],"wp:attachment":[{"href":"https:\/\/tvbrazilusa.com\/pt\/wp-json\/wp\/v2\/media?parent=86253"}],"wp:term":[{"taxonomy":"category","embeddable":true,"href":"https:\/\/tvbrazilusa.com\/pt\/wp-json\/wp\/v2\/categories?post=86253"},{"taxonomy":"post_tag","embeddable":true,"href":"https:\/\/tvbrazilusa.com\/pt\/wp-json\/wp\/v2\/tags?post=86253"}],"curies":[{"name":"wp","href":"https:\/\/api.w.org\/{rel}","templated":true}]}}