{"id":86291,"date":"2025-01-02T16:14:47","date_gmt":"2025-01-02T16:14:47","guid":{"rendered":"https:\/\/tvbrazilusa.com\/2025\/01\/02\/numero-de-aliados-de-bolsonaro-presos-por-alexandre-de-moraes-cresce\/"},"modified":"2025-01-02T16:14:50","modified_gmt":"2025-01-02T16:14:50","slug":"numero-de-aliados-de-bolsonaro-presos-por-alexandre-de-moraes-cresce","status":"publish","type":"post","link":"https:\/\/tvbrazilusa.com\/pt\/2025\/01\/02\/numero-de-aliados-de-bolsonaro-presos-por-alexandre-de-moraes-cresce\/","title":{"rendered":"N\u00famero de aliados de Bolsonaro presos por Alexandre de Moraes cresce"},"content":{"rendered":"<p> <script async src=\"https:\/\/pagead2.googlesyndication.com\/pagead\/js\/adsbygoogle.js?client=ca-pub-8864793242727901\"\r\n     crossorigin=\"anonymous\"><\/script><br \/>\n<\/p>\n<div id=\"taboola-read-more\" style=\"display:block; width:100%\">\n<p>An\u00e1lises das decis\u00f5es de Alexandre de Moraes, ministro do Supremo Tribunal Federal (STF), e da Primeira Turma, \u00e0 qual ele pertence, indicam dificuldades jur\u00eddicas para Jair Bolsonaro (PL) e seus aliados. Um levantamento do jornal GLOBO revela que, em 2024, Moraes foi respons\u00e1vel por prender 23 apoiadores do ex-presidente, um aumento de mais de 50% em compara\u00e7\u00e3o com os 15 casos de 2023, ap\u00f3s os atos de 8 de Janeiro.\n<\/p>\n<p>Em paralelo, a Primeira Turma, de forma un\u00e2nime, ratificou todas as decis\u00f5es de Moraes em processos que envolvem bolsonaristas e envolvidos em \u201catos golpistas\u201d durante o ano passado.<\/p>\n<p>No final de 2024, a Pol\u00edcia Federal (PF) indiciou Bolsonaro e outras 39 pessoas por crimes relacionados a uma suposta tentativa de golpe ap\u00f3s as elei\u00e7\u00f5es de 2022. O ex-presidente e os outros acusados negam as acusa\u00e7\u00f5es. Se a Procuradoria-Geral da Rep\u00fablica (PGR) formalizar a den\u00fancia, \u00e9 prov\u00e1vel que ela seja analisada no segundo semestre pela Primeira Turma, composta por Moraes, C\u00e1rmen L\u00facia, Luiz Fux, Fl\u00e1vio Dino e Cristiano Zanin, este \u00faltimo indicado pelo presidente Luiz In\u00e1cio Lula da Silva.\n<\/p>\n<p>O jornal GLOBO analisou 272 decis\u00f5es colegiadas tomadas pela Primeira Turma em 2024, todas un\u00e2nimes e alinhadas ao posicionamento de Moraes, abrangendo casos envolvendo Bolsonaro, seus aliados, o 8 de Janeiro e \u201catos antidemocr\u00e1ticos\u201d, como os bloqueios de estrada ap\u00f3s as elei\u00e7\u00f5es de 2022.\n<\/p>\n<p>Processos sem rela\u00e7\u00e3o com o ex-presidente ou a \u201ctrama golpista\u201d, bem como casos sigilosos, foram exclu\u00eddos da an\u00e1lise.\n<\/p>\n<p>O levantamento foi restrito a 2024 devido \u00e0 nova composi\u00e7\u00e3o da Turma, que inclui Dino desde fevereiro, e \u00e0 mudan\u00e7a de presidente no colegiado, com Zanin assumindo o cargo em outubro. A maior parte das decis\u00f5es (215 de 272) tratou do recebimento de den\u00fancias, o que pode ocorrer novamente com Bolsonaro e seus aliados, dependendo do posicionamento da PGR.\n<\/p>\n<p>Uma das decis\u00f5es foi direcionada \u00e0 deputada federal Carla Zambelli e ao hacker Walter Delgatti por suspeitas de invas\u00e3o de sistemas do Conselho Nacional de Justi\u00e7a (CNJ). As demais decis\u00f5es se referem a golpismo.\n<\/p>\n<p>Al\u00e9m disso, houve 57 decis\u00f5es relacionadas a recursos contra decis\u00f5es individuais de Alexandre de Moraes, com todos os casos mantendo a posi\u00e7\u00e3o do relator. A Primeira Turma do STF tamb\u00e9m analisou 5 recursos espec\u00edficos na investiga\u00e7\u00e3o sobre o suposto golpe, todos rejeitados.\n<\/p>\n<p>Em diversas investiga\u00e7\u00f5es, Moraes determinou a suspens\u00e3o de perfis nas redes sociais. Algumas plataformas contestaram essas ordens, mas todas foram mantidas pelos demais ministros. Em setembro, foram rejeitados oito recursos relacionados ao youtuber Bruno Aiub (Monark) e \u00e0s plataformas X, Discord e Rumble.\n<\/p>\n<p>Outras decis\u00f5es de Moraes incluem o bloqueio de R$ 236 mil nas contas do ex-deputado Daniel Silveira e a prorroga\u00e7\u00e3o de um inqu\u00e9rito contra ele por desobedi\u00eancia. Em 2024, o STF alterou seu regimento, determinando que as turmas, e n\u00e3o o plen\u00e1rio, se encarreguem do julgamento de a\u00e7\u00f5es penais, incluindo os casos dos atos golpistas.\n<\/p>\n<p>Embora a Primeira Turma ainda n\u00e3o tenha julgado o m\u00e9rito desses casos, espera-se que haja uma pequena diverg\u00eancia em rela\u00e7\u00e3o \u00e0 proposta de Zanin sobre a puni\u00e7\u00e3o, com uma pena mais leve que a sugerida por Moraes.\n<\/p>\n<p>Moraes, por sua vez, determinou a pris\u00e3o de Daniel Silveira, que violou medidas cautelares e teve sua liberdade condicional revogada antes do Natal. Tamb\u00e9m foi preso o general Walter Braga Netto, suspeito de interferir nas investiga\u00e7\u00f5es da PF.\n<\/p>\n<p>Em 2024, outros membros do c\u00edrculo de Bolsonaro foram presos, como Valdemar Costa Neto, alvo de mandados de busca e apreens\u00e3o relacionados \u00e0 \u201ctrama golpista\u201d. Durante a opera\u00e7\u00e3o, foram encontrados materiais ilegais em sua casa, resultando em sua deten\u00e7\u00e3o por 3 dias. Filipe Martins e Marcelo C\u00e2mara, ex-assessores de Bolsonaro, tamb\u00e9m foram presos, mas liberados posteriormente.\n<\/p>\n<p>O primeiro bolsonarista de \u201cpeso\u201d a ser preso por decis\u00e3o de Moraes foi o ex-ministro da Justi\u00e7a Anderson Torres, em janeiro de 2023, ap\u00f3s ser acusado de omiss\u00e3o durante os ataques do 8 de janeiro. Outro alvo das investiga\u00e7\u00f5es foi Silvinei Vasques, ex-diretor da PRF, preso em agosto de 2023 por suspeita de interferir na elei\u00e7\u00e3o em favor de Bolsonaro.\n<\/p>\n<p>Embora a maioria dos citados negue as acusa\u00e7\u00f5es, Cid foi o \u00fanico a firmar um acordo de colabora\u00e7\u00e3o premiada.<\/p>\n<p>Fonte: Gazeta Brasil              <\/p>\n<\/div>\n<p><br \/>\n<br \/><a href=\"https:\/\/diariodobrasilnoticias.com.br\/noticia\/numero-de-aliados-de-bolsonaro-presos-por-alexandre-de-moraes-cresce-67769e42bb4bf\">Source link <\/a><\/p>","protected":false},"excerpt":{"rendered":"<p>An\u00e1lises das decis\u00f5es de Alexandre de Moraes, ministro do Supremo Tribunal Federal (STF), e da Primeira Turma, \u00e0 qual ele pertence, indicam dificuldades jur\u00eddicas para Jair Bolsonaro (PL) e seus&hellip;<\/p>","protected":false},"author":1,"featured_media":86292,"comment_status":"closed","ping_status":"open","sticky":false,"template":"","format":"standard","meta":{"content-type":"","footnotes":""},"categories":[16],"tags":[123,2448,5313,1267],"class_list":["post-86291","post","type-post","status-publish","format-standard","has-post-thumbnail","hentry","category-noticias","tag-brasil","tag-diario","tag-noticia","tag-noticias"],"_links":{"self":[{"href":"https:\/\/tvbrazilusa.com\/pt\/wp-json\/wp\/v2\/posts\/86291","targetHints":{"allow":["GET"]}}],"collection":[{"href":"https:\/\/tvbrazilusa.com\/pt\/wp-json\/wp\/v2\/posts"}],"about":[{"href":"https:\/\/tvbrazilusa.com\/pt\/wp-json\/wp\/v2\/types\/post"}],"author":[{"embeddable":true,"href":"https:\/\/tvbrazilusa.com\/pt\/wp-json\/wp\/v2\/users\/1"}],"replies":[{"embeddable":true,"href":"https:\/\/tvbrazilusa.com\/pt\/wp-json\/wp\/v2\/comments?post=86291"}],"version-history":[{"count":1,"href":"https:\/\/tvbrazilusa.com\/pt\/wp-json\/wp\/v2\/posts\/86291\/revisions"}],"predecessor-version":[{"id":86293,"href":"https:\/\/tvbrazilusa.com\/pt\/wp-json\/wp\/v2\/posts\/86291\/revisions\/86293"}],"wp:featuredmedia":[{"embeddable":true,"href":"https:\/\/tvbrazilusa.com\/pt\/wp-json\/wp\/v2\/media\/86292"}],"wp:attachment":[{"href":"https:\/\/tvbrazilusa.com\/pt\/wp-json\/wp\/v2\/media?parent=86291"}],"wp:term":[{"taxonomy":"category","embeddable":true,"href":"https:\/\/tvbrazilusa.com\/pt\/wp-json\/wp\/v2\/categories?post=86291"},{"taxonomy":"post_tag","embeddable":true,"href":"https:\/\/tvbrazilusa.com\/pt\/wp-json\/wp\/v2\/tags?post=86291"}],"curies":[{"name":"wp","href":"https:\/\/api.w.org\/{rel}","templated":true}]}}