{"id":86294,"date":"2025-01-02T16:07:02","date_gmt":"2025-01-02T16:07:02","guid":{"rendered":"https:\/\/tvbrazilusa.com\/2025\/01\/02\/os-microapartamentos-se-tornarao-uma-solucao-economica-para-os-locatarios-eventualmente\/"},"modified":"2025-01-02T16:20:18","modified_gmt":"2025-01-02T16:20:18","slug":"os-microapartamentos-se-tornarao-uma-solucao-economica-para-os-locatarios-eventualmente","status":"publish","type":"post","link":"https:\/\/tvbrazilusa.com\/pt\/2025\/01\/02\/os-microapartamentos-se-tornarao-uma-solucao-economica-para-os-locatarios-eventualmente\/","title":{"rendered":"Os microapartamentos se tornar\u00e3o uma solu\u00e7\u00e3o econ\u00f4mica para os locat\u00e1rios \u2013 eventualmente"},"content":{"rendered":"<p> <script async src=\"https:\/\/pagead2.googlesyndication.com\/pagead\/js\/adsbygoogle.js?client=ca-pub-8864793242727901\"\r\n     crossorigin=\"anonymous\"><\/script><br \/>\n<\/p>\n<div id=\"\">\n<header class=\"m-article-header m-article-header--standard\">\n\t\t\t\t\t\t\t\t\t\t\t\t<span id=\"article-header-primary-term\"><br \/>\n\t\t\t\t\t\t\t\t<a class=\"a-term a-term--primary\" href=\"https:\/\/www.boston.com\/tag\/renting\/\"><\/p>\n<p>\t\t\t\t\t\t\t\tAlugar\t\t\t\t\t\t\t\t<\/a><br \/>\n\t\t\t\t\t\t\t<\/span><\/p>\n<h2 class=\"m-article-header__sub-headline\">Originalmente projetados para serem acess\u00edveis, ainda h\u00e1 uma grande barreira de entrada para esses pequenos espa\u00e7os residenciais.<\/h2>\n<figure class=\"a-photo m-article-header__photo\"><figcaption class=\"a-photo__caption\">\n<p>\tOs microapartamentos do Troy Boston possuem paletas de cores neutras e fazem parte de um empreendimento com pista de corrida para c\u00e3es, spa para animais de estima\u00e7\u00e3o, armazenamento de bicicletas, est\u00fadio de ioga, piscina externa com cabanas e muito mais.<em> Bob O\u2019Connor<\/em>\t<\/figcaption><\/figure>\n<div class=\"m-article-header__meta\">\n<div class=\"m-article-header__byline\">\n<p class=\"m-article-header__author\">\n<p>\t\t\t\t\t\t\t\tPor Madeline Bilis, The Boston Globe\t\t\t\t\t\t\t<\/p>\n<p>\t\t\t\t\t\t\t\t\t\t\t\t\t\t\t<time class=\"m-article-header__date\"><\/p>\n<p>\t\t\t\t\t\t\t\t\t2 de janeiro de 2025 | 11h07\t\t\t\t\t\t\t\t<\/time><\/p>\n<p><span>4 minutos para ler<\/span><\/p>\n<\/p><\/div>\n<\/p><\/div>\n<\/header>\n<p>A ideia de morar em uma microunidade, ou em um apartamento com aproximadamente menos de 400 p\u00e9s quadrados, pode enviar alguns <a href=\"https:\/\/www.boston.com\/tag\/renting\/?p1=header_subnav\">locat\u00e1rios <\/a>rumo aos espa\u00e7os abertos dos sub\u00farbios. Mas para outros, um espa\u00e7o residencial pequeno, gerenci\u00e1vel e idealmente acess\u00edvel tornaria a vida mais pr\u00f3xima do centro da cidade mais acess\u00edvel. Talvez sem surpresa, \u00e9 a pe\u00e7a acess\u00edvel que os bostonianos ainda procuram.<\/p>\n<h3 class=\"wp-block-heading\" id=\"h-the-beginnings-of-micro-apartments-in-boston\">O in\u00edcio dos micro-apartamentos em Boston<\/h3>\n<p>Em 2016, a cidade <a href=\"https:\/\/www.boston.gov\/departments\/housing\/housing-innovation-lab\" target=\"_blank\">Laborat\u00f3rio de Inova\u00e7\u00e3o Habitacional<\/a> lan\u00e7ou um apartamento modelo itinerante chamado <a href=\"https:\/\/www.boston.gov\/departments\/new-urban-mechanics\/urban-housing-unit-roadshow\">Unidade Habitacional Urbana<\/a>ou UHU. Com 385 p\u00e9s quadrados, este microapartamento viajou por oito bairros da cidade, mostrando aos bostonianos como poderia ser a vida em um espa\u00e7o t\u00e3o pequeno. Durante a visita, o Housing iLab reuniu feedback de cerca de 2.000 residentes para ajudar a elaborar diretrizes para um programa de vida compacto.<\/p>\n<p>A resposta foi extremamente positiva, disse <a href=\"https:\/\/www.stantec.com\/en\/people\/r\/roy-tamara\" target=\"_blank\">Tamara Roy<\/a>diretor da empresa de design <a href=\"https:\/\/www.stantec.com\/en\" target=\"_blank\">Stantec<\/a>. Em vez de encorajar as pessoas a decidirem se viveriam num apartamento, perguntaram: \u201cConhece algu\u00e9m que poderia usar isto como tipo de habita\u00e7\u00e3o?\u201d<\/p>\n<p>\u201cQuase todo mundo poderia\u201d, disse Roy. \u201cEles estavam dizendo: &#8216;Sim, minha m\u00e3e idosa poderia.&#8217; Ou: &#8216;Sim, sou divorciado&#8217;. Ou as pessoas em idade universit\u00e1ria que apenas disseram: \u201cSim, n\u00e3o quero mais ter colegas de quarto\u201d.<\/p>\n<p>Apelidada de \u201cm\u00e3e da microunidade\u201d, Roy foi um dos primeiros defensores da cria\u00e7\u00e3o de oportunidades de vida compacta em Boston. Em 2018, ap\u00f3s a turn\u00ea da UHU, o Boston <a href=\"https:\/\/www.bostonplans.org\/\" target=\"_blank\">Departamento de Planejamento<\/a> deu luz verde a um programa piloto de vida compacta para testar a vida em bairros menores.<\/p>\n<p>\u201cTrabalhamos com a cidade de Boston para criar essas regulamenta\u00e7\u00f5es de vida compacta que mudaram o [square footage] para baixo e basicamente fez com que fosse mais uma coisa aberta\u201d, disse Roy. \u201cVoc\u00ea tinha que mostr\u00e1-lo ao Departamento de Planejamento de Boston, analisar o projeto e certificar-se de que cumpria certos requisitos &#8211; h\u00e1 algum armazenamento, uma cozinha decente, um lugar para colocar sua cama e uma certa quantidade de luz e ar.\u201d<\/p>\n<figure class=\"wp-block-image\"><img loading=\"lazy\" decoding=\"async\" width=\"2560\" height=\"1706\" src=\"https:\/\/bdc2020.o0bc.com\/wp-content\/uploads\/2025\/01\/ORW7AIDAZYI6NMZUGSEOIQ3TOE-6776b72b6fac8-scaled.jpg\" alt=\"  \" class=\"wp-image-32576939\" srcset=\"https:\/\/bdc2020.o0bc.com\/wp-content\/uploads\/2025\/01\/ORW7AIDAZYI6NMZUGSEOIQ3TOE-6776b72b6fac8-scaled.jpg?width=200 200w, https:\/\/bdc2020.o0bc.com\/wp-content\/uploads\/2025\/01\/ORW7AIDAZYI6NMZUGSEOIQ3TOE-6776b72b6fac8-scaled.jpg?width=300 300w, https:\/\/bdc2020.o0bc.com\/wp-content\/uploads\/2025\/01\/ORW7AIDAZYI6NMZUGSEOIQ3TOE-6776b72b6fac8-scaled.jpg?width=400 400w, https:\/\/bdc2020.o0bc.com\/wp-content\/uploads\/2025\/01\/ORW7AIDAZYI6NMZUGSEOIQ3TOE-6776b72b6fac8-scaled.jpg?width=500 500w, https:\/\/bdc2020.o0bc.com\/wp-content\/uploads\/2025\/01\/ORW7AIDAZYI6NMZUGSEOIQ3TOE-6776b72b6fac8-scaled.jpg?width=600 600w, https:\/\/bdc2020.o0bc.com\/wp-content\/uploads\/2025\/01\/ORW7AIDAZYI6NMZUGSEOIQ3TOE-6776b72b6fac8-scaled.jpg?width=700 700w, https:\/\/bdc2020.o0bc.com\/wp-content\/uploads\/2025\/01\/ORW7AIDAZYI6NMZUGSEOIQ3TOE-6776b72b6fac8-scaled.jpg?width=800 800w, https:\/\/bdc2020.o0bc.com\/wp-content\/uploads\/2025\/01\/ORW7AIDAZYI6NMZUGSEOIQ3TOE-6776b72b6fac8-scaled.jpg?width=900 900w\" sizes=\"auto, (max-width: 2560px) 100vw, 2560px\"\/><figcaption class=\"wp-element-caption\">O Laborat\u00f3rio de Inova\u00e7\u00e3o Habitacional da cidade levou esta casa m\u00f3vel de 385 p\u00e9s quadrados em um tour em 2016 para coletar feedback sobre uma vida compacta.<i> -David L. Ryan<\/i><\/figcaption><\/figure>\n<figure class=\"wp-block-image\"><img loading=\"lazy\" decoding=\"async\" width=\"2560\" height=\"1706\" src=\"https:\/\/bdc2020.o0bc.com\/wp-content\/uploads\/2025\/01\/ZYK2HVDAZYI6NMZUGSEOIQ3TOE-6776b73b0c6e0-scaled.jpg\" alt=\"  \" class=\"wp-image-32576944\" srcset=\"https:\/\/bdc2020.o0bc.com\/wp-content\/uploads\/2025\/01\/ZYK2HVDAZYI6NMZUGSEOIQ3TOE-6776b73b0c6e0-scaled.jpg?width=200 200w, https:\/\/bdc2020.o0bc.com\/wp-content\/uploads\/2025\/01\/ZYK2HVDAZYI6NMZUGSEOIQ3TOE-6776b73b0c6e0-scaled.jpg?width=300 300w, https:\/\/bdc2020.o0bc.com\/wp-content\/uploads\/2025\/01\/ZYK2HVDAZYI6NMZUGSEOIQ3TOE-6776b73b0c6e0-scaled.jpg?width=400 400w, https:\/\/bdc2020.o0bc.com\/wp-content\/uploads\/2025\/01\/ZYK2HVDAZYI6NMZUGSEOIQ3TOE-6776b73b0c6e0-scaled.jpg?width=500 500w, https:\/\/bdc2020.o0bc.com\/wp-content\/uploads\/2025\/01\/ZYK2HVDAZYI6NMZUGSEOIQ3TOE-6776b73b0c6e0-scaled.jpg?width=600 600w, https:\/\/bdc2020.o0bc.com\/wp-content\/uploads\/2025\/01\/ZYK2HVDAZYI6NMZUGSEOIQ3TOE-6776b73b0c6e0-scaled.jpg?width=700 700w, https:\/\/bdc2020.o0bc.com\/wp-content\/uploads\/2025\/01\/ZYK2HVDAZYI6NMZUGSEOIQ3TOE-6776b73b0c6e0-scaled.jpg?width=800 800w, https:\/\/bdc2020.o0bc.com\/wp-content\/uploads\/2025\/01\/ZYK2HVDAZYI6NMZUGSEOIQ3TOE-6776b73b0c6e0-scaled.jpg?width=900 900w\" sizes=\"auto, (max-width: 2560px) 100vw, 2560px\"\/><figcaption class=\"wp-element-caption\">Uma olhada em sua cozinha.<i> -David L. Ryan<\/i><\/figcaption><\/figure>\n<figure class=\"wp-block-image\"><img loading=\"lazy\" decoding=\"async\" width=\"2560\" height=\"1706\" src=\"https:\/\/bdc2020.o0bc.com\/wp-content\/uploads\/2025\/01\/F2QEBKTA2AI6NMZUGSEOIQ3TOE-6776b74c55001-scaled.jpg\" alt=\"  \" class=\"wp-image-32576945\" srcset=\"https:\/\/bdc2020.o0bc.com\/wp-content\/uploads\/2025\/01\/F2QEBKTA2AI6NMZUGSEOIQ3TOE-6776b74c55001-scaled.jpg?width=200 200w, https:\/\/bdc2020.o0bc.com\/wp-content\/uploads\/2025\/01\/F2QEBKTA2AI6NMZUGSEOIQ3TOE-6776b74c55001-scaled.jpg?width=300 300w, https:\/\/bdc2020.o0bc.com\/wp-content\/uploads\/2025\/01\/F2QEBKTA2AI6NMZUGSEOIQ3TOE-6776b74c55001-scaled.jpg?width=400 400w, https:\/\/bdc2020.o0bc.com\/wp-content\/uploads\/2025\/01\/F2QEBKTA2AI6NMZUGSEOIQ3TOE-6776b74c55001-scaled.jpg?width=500 500w, https:\/\/bdc2020.o0bc.com\/wp-content\/uploads\/2025\/01\/F2QEBKTA2AI6NMZUGSEOIQ3TOE-6776b74c55001-scaled.jpg?width=600 600w, https:\/\/bdc2020.o0bc.com\/wp-content\/uploads\/2025\/01\/F2QEBKTA2AI6NMZUGSEOIQ3TOE-6776b74c55001-scaled.jpg?width=700 700w, https:\/\/bdc2020.o0bc.com\/wp-content\/uploads\/2025\/01\/F2QEBKTA2AI6NMZUGSEOIQ3TOE-6776b74c55001-scaled.jpg?width=800 800w, https:\/\/bdc2020.o0bc.com\/wp-content\/uploads\/2025\/01\/F2QEBKTA2AI6NMZUGSEOIQ3TOE-6776b74c55001-scaled.jpg?width=900 900w\" sizes=\"auto, (max-width: 2560px) 100vw, 2560px\"\/><figcaption class=\"wp-element-caption\">E o quarto, que tem cortina de privacidade.<i> -David L. Ryan<\/i><\/figcaption><\/figure>\n<p>Seis anos depois, microunidades proliferaram por toda Boston \u2013 como aquelas para alugar em <a href=\"http:\/\/www.micropolisboston.com\/\" target=\"_blank\">Micropolis <\/a>em Beacon Hill e nos est\u00fadios de <a href=\"https:\/\/www.equityapartments.com\/boston\/south-end\/troy-boston-apartments\" target=\"_blank\">Troy Boston<\/a> no South End \u2013 mas ainda n\u00e3o atingiram o objetivo da UHU. Isso porque muitos dos microapartamentos para alugar hoje n\u00e3o s\u00e3o exatamente acess\u00edveis. Uma unidade de 250 p\u00e9s quadrados na Micropolis, por exemplo, rende mais de US$ 2.000 por m\u00eas.<\/p>\n<p>A for\u00e7a motriz por tr\u00e1s da constru\u00e7\u00e3o de microunidades, disse Roy, foi ajudar a aliviar a crise imobili\u00e1ria da cidade. O objetivo deles era aumentar a oferta para a enorme demanda por moradia de Boston, bem como criar casas para os indiv\u00edduos viverem sozinhos de maneira acess\u00edvel. Para chegar l\u00e1, disse Roy, \u00e9 necess\u00e1rio construir cohousings subsidiados e acess\u00edveis para pequenas unidades. Nos modelos de cohousing, os moradores dos apartamentos compartilham \u00e1reas comuns, como cozinhas.<\/p>\n<h3 class=\"wp-block-heading\" id=\"h-life-inside-a-micro-apartment\">A vida dentro de um microapartamento<\/h3>\n<p>Por defini\u00e7\u00e3o, um microapartamento \u00e9 normalmente menor do que o estipulado nos c\u00f3digos de zoneamento de uma determinada cidade ou vila. Eles podem variar de 250 a 450 p\u00e9s quadrados. Muitos microapartamentos maximizam sua metragem quadrada com recursos como <a href=\"https:\/\/www.bostonglobe.com\/2023\/09\/20\/real-estate\/robotic-furniture-has-renters-short-on-space-sitting-pretty\/\" target=\"_blank\">m\u00f3veis dobr\u00e1veis<\/a>camas embutidas, recantos embutidos para jantar ou dormir e plantas baixas exclusivas.<\/p>\n<p>\u201cSempre h\u00e1 um nicho para isso [lifestyle] onde algu\u00e9m diz: &#8216;N\u00e3o preciso de muito espa\u00e7o. Francamente, estou sempre em movimento&#8217;\u201d, disse Demetrios Salpoglou, CEO da <a href=\"https:\/\/bostonpads.com\/\" target=\"_blank\">Almofadas de Boston<\/a>um mercado online de apartamentos.<\/p>\n<p>No Troy Boston, os apartamentos est\u00fadio projetados pela Stantec giram em torno de 420 p\u00e9s quadrados e oferecem \u00e1reas de estar e de dormir combinadas.<\/p>\n<figure class=\"wp-block-image\"><img loading=\"lazy\" decoding=\"async\" width=\"2560\" height=\"2402\" src=\"https:\/\/bdc2020.o0bc.com\/wp-content\/uploads\/2025\/01\/C4NZTCWBPBAOZEZFK7YRXP2HHA-6776b75ae8956-scaled.jpg\" alt=\"  \" class=\"wp-image-32576950\" srcset=\"https:\/\/bdc2020.o0bc.com\/wp-content\/uploads\/2025\/01\/C4NZTCWBPBAOZEZFK7YRXP2HHA-6776b75ae8956-scaled.jpg?width=200 200w, https:\/\/bdc2020.o0bc.com\/wp-content\/uploads\/2025\/01\/C4NZTCWBPBAOZEZFK7YRXP2HHA-6776b75ae8956-scaled.jpg?width=300 300w, https:\/\/bdc2020.o0bc.com\/wp-content\/uploads\/2025\/01\/C4NZTCWBPBAOZEZFK7YRXP2HHA-6776b75ae8956-scaled.jpg?width=400 400w, https:\/\/bdc2020.o0bc.com\/wp-content\/uploads\/2025\/01\/C4NZTCWBPBAOZEZFK7YRXP2HHA-6776b75ae8956-scaled.jpg?width=500 500w, https:\/\/bdc2020.o0bc.com\/wp-content\/uploads\/2025\/01\/C4NZTCWBPBAOZEZFK7YRXP2HHA-6776b75ae8956-scaled.jpg?width=600 600w, https:\/\/bdc2020.o0bc.com\/wp-content\/uploads\/2025\/01\/C4NZTCWBPBAOZEZFK7YRXP2HHA-6776b75ae8956-scaled.jpg?width=700 700w, https:\/\/bdc2020.o0bc.com\/wp-content\/uploads\/2025\/01\/C4NZTCWBPBAOZEZFK7YRXP2HHA-6776b75ae8956-scaled.jpg?width=800 800w, https:\/\/bdc2020.o0bc.com\/wp-content\/uploads\/2025\/01\/C4NZTCWBPBAOZEZFK7YRXP2HHA-6776b75ae8956-scaled.jpg?width=900 900w\" sizes=\"auto, (max-width: 2560px) 100vw, 2560px\"\/><figcaption class=\"wp-element-caption\">Os microapartamentos do Troy Boston apresentam layouts abertos e janelas altas.<i> \u2013Jeremy Bittermann<\/i><\/figcaption><\/figure>\n<p>\u201cA maioria das pessoas entrou [the UHU] e pensamos: &#8216;Uau, isso \u00e9 maior do que o apartamento que tenho e \u00e9 mais bem planejado&#8217;\u201d, disse Roy.<\/p>\n<p>Casas menores tamb\u00e9m podem apresentar vantagens. Embora haja falta de espa\u00e7o, tamb\u00e9m h\u00e1 menos limpeza e manuten\u00e7\u00e3o a fazer, disse Salpoglou. As contas de servi\u00e7os p\u00fablicos ser\u00e3o menores e voc\u00ea provavelmente comprar\u00e1 menos \u201ccoisas\u201d, como m\u00f3veis, acess\u00f3rios e coisas que possam constituir desordem. \u201cN\u00e3o h\u00e1 d\u00favida de que h\u00e1 um benef\u00edcio adicional para eles\u201d, disse ele.<\/p>\n<figure class=\"wp-block-image\"><img loading=\"lazy\" decoding=\"async\" width=\"673\" height=\"634\" src=\"https:\/\/bdc2020.o0bc.com\/wp-content\/uploads\/2025\/01\/DQ7A3LDEYBBYLILTRGB6ISFK5Y-6776b76e320c1.png\" alt=\"  \" class=\"wp-image-32576955\" srcset=\"https:\/\/bdc2020.o0bc.com\/wp-content\/uploads\/2025\/01\/DQ7A3LDEYBBYLILTRGB6ISFK5Y-6776b76e320c1.png?width=200 200w, https:\/\/bdc2020.o0bc.com\/wp-content\/uploads\/2025\/01\/DQ7A3LDEYBBYLILTRGB6ISFK5Y-6776b76e320c1.png?width=300 300w, https:\/\/bdc2020.o0bc.com\/wp-content\/uploads\/2025\/01\/DQ7A3LDEYBBYLILTRGB6ISFK5Y-6776b76e320c1.png?width=400 400w, https:\/\/bdc2020.o0bc.com\/wp-content\/uploads\/2025\/01\/DQ7A3LDEYBBYLILTRGB6ISFK5Y-6776b76e320c1.png?width=500 500w, https:\/\/bdc2020.o0bc.com\/wp-content\/uploads\/2025\/01\/DQ7A3LDEYBBYLILTRGB6ISFK5Y-6776b76e320c1.png?width=600 600w, https:\/\/bdc2020.o0bc.com\/wp-content\/uploads\/2025\/01\/DQ7A3LDEYBBYLILTRGB6ISFK5Y-6776b76e320c1.png?width=700 700w, https:\/\/bdc2020.o0bc.com\/wp-content\/uploads\/2025\/01\/DQ7A3LDEYBBYLILTRGB6ISFK5Y-6776b76e320c1.png?width=800 800w, https:\/\/bdc2020.o0bc.com\/wp-content\/uploads\/2025\/01\/DQ7A3LDEYBBYLILTRGB6ISFK5Y-6776b76e320c1.png?width=900 900w\" sizes=\"auto, (max-width: 673px) 100vw, 673px\"\/><figcaption class=\"wp-element-caption\">Uma representa\u00e7\u00e3o da planta de um micro-apartamento no Troy Boston da Stantec.<i> \u2013 Stantec<\/i><\/figcaption><\/figure>\n<h3 class=\"wp-block-heading\" id=\"h-the-future-of-micro-apartments-in-boston-and-beyond\">O futuro dos microapartamentos em Boston e al\u00e9m<\/h3>\n<p>Microapartamentos fazem sentido para uma cidade como Boston, que tem baixa taxa de vac\u00e2ncia. \u201cO apetite por habita\u00e7\u00e3o existe\u201d, disse Salpoglou. \u201cE veremos mais desses microapartamentos chegando ao mercado.\u201d<\/p>\n<p>Roy aponta para um desenvolvimento de microunidades que ser\u00e1 inaugurado em breve em New Bedford, baseado na UHU de Boston, chamada <a href=\"https:\/\/www.hallkeen.com\/listing\/custom-house\" target=\"_blank\">Uma Pra\u00e7a da Alf\u00e2ndega<\/a>. Constru\u00eddo em parceria com o <a href=\"https:\/\/www.waitlistcheck.com\/MA2993\" target=\"_blank\">Autoridade de Habita\u00e7\u00e3o de New Bedford<\/a>o edif\u00edcio oferece 45 unidades habitacionais de renda mista e um t\u00e9rreo com \u00e1rea comercial. Os 14 apartamentos est\u00fadio do empreendimento com limite de renda variam de US$ 975 a US$ 1.350 por m\u00eas.<\/p>\n<p>\u00c9 o tipo de projeto que Roy acredita que poderia beneficiar Boston, juntamente com mais modelos de co-habita\u00e7\u00e3o. Ambos serviriam dados demogr\u00e1ficos como trabalhadores solteiros e casais, estudantes de p\u00f3s-gradua\u00e7\u00e3o, pais solteiros, divorciados, idosos, artistas e imigrantes recentes, que constituem muitos dos grupos actualmente exclu\u00eddos do parque habitacional de Boston.<\/p>\n<p>\u201cTem que haver uma maneira de a cidade e o estado subsidiarem o desenvolvimento sem fins lucrativos para fazer isso\u201d, disse Roy. \u201c\u00c9 necess\u00e1rio para a for\u00e7a de trabalho \u2013 para as pessoas que n\u00e3o ganham US$ 100 mil por ano e s\u00f3 precisam de um lugar para morar.\u201d<\/p>\n<p><i>Envie coment\u00e1rios para <\/i><a href=\"http:\/\/www.boston.com\/cdn-cgi\/l\/email-protection#19587d7d6b7c6a6a597e75767b7c377a7674\" target=\"_blank\"><i><span class=\"__cf_email__\" data-cfemail=\"3e7f5a5a4c5b4d4d7e5952515c5b105d5153\">[email\u00a0protected]<\/span><\/i><\/a><i>.<\/i><\/p>\n<div class=\"m-block t-amp__list-container m-article-list-container m-article-list-container--frame-border a-border-frame  a-list-header__headline--red m-article-list--alternative--default  m-article-list--full\">\n<ul class=\"t-amp__list a-list--no-style m-article-list m-article-list--recirculation m-article-list--has-images\">\n<li class=\"m-article-list__item\">\n\t\t\t\t\t<a class=\"m-article-list__link-wrapper\" href=\"https:\/\/www.boston.com\/real-estate\/real-estate-news\/2024\/12\/26\/your-2025-forecast-for-buyers-and-renters\/?p1=article_recirc_inline_feed\" data-p1=\"article_recirc_inline_feed\"><br \/>\n\t\t\t\t\t\t\t\t\t\t\t\t\t\t<img decoding=\"async\" width=\"150\" height=\"150\" src=\"https:\/\/bdc2020.o0bc.com\/wp-content\/uploads\/2024\/12\/buyersforecast-676d8a463f003-150x150.jpg\" class=\"t-amp__list-image m-article-list__image  wp-post-image\" alt=\"previs\u00e3o de compradores de casas\" srcset=\"https:\/\/bdc2020.o0bc.com\/wp-content\/uploads\/2024\/12\/buyersforecast-676d8a463f003-150x150.jpg 150w,https:\/\/bdc2020.o0bc.com\/wp-content\/uploads\/2024\/12\/buyersforecast-676d8a463f003-150x150.jpg 300w,https:\/\/bdc2020.o0bc.com\/wp-content\/uploads\/2024\/12\/buyersforecast-676d8a463f003-768x432.jpg 768w\" sizes=\"(min-width: 768px) 768px, 150px\" loading=\"eager\"\/>\t\t\t\t\t\t\t\t\t\t\t\t\t\t<\/p>\n<p><h4 class=\"m-article-list__headline\">\n\t\t\t\t\t\t\t\t\t<span class=\"m-article-list__link a-link a-link--inline a-link--text-link a-link--text-link-dark\"><\/p>\n<p>\t\t\t\t\t\t\t\t\tSua previs\u00e3o para 2025 para compradores e locat\u00e1rios\t\t\t\t\t\t\t\t\t<\/span><br \/>\n\t\t\t\t\t\t\t\t<\/h4>\n<\/p>\n<p>\t\t\t\t\t\t<\/a>\n\t\t\t\t\t<\/li>\n<li class=\"m-article-list__item\">\n\t\t\t\t\t<a class=\"m-article-list__link-wrapper\" href=\"https:\/\/www.boston.com\/real-estate\/renting\/2024\/11\/29\/renters-mass-has-five-of-the-nations-priciest-zip-codes\/?p1=article_recirc_inline_feed\" data-p1=\"article_recirc_inline_feed\"><br \/>\n\t\t\t\t\t\t\t\t\t\t\t\t\t\t<img decoding=\"async\" width=\"150\" height=\"150\" src=\"https:\/\/bdc2020.o0bc.com\/wp-content\/uploads\/2024\/07\/Skyline_Boston_65399-66eadaeaea311-150x150.jpg\" class=\"t-amp__list-image m-article-list__image  wp-post-image\" alt=\"apartamentos inquilinos do horizonte de boston\" srcset=\"https:\/\/bdc2020.o0bc.com\/wp-content\/uploads\/2024\/07\/Skyline_Boston_65399-66eadaeaea311-150x150.jpg 150w,https:\/\/bdc2020.o0bc.com\/wp-content\/uploads\/2024\/07\/Skyline_Boston_65399-66eadaeaea311-150x150.jpg 300w,https:\/\/bdc2020.o0bc.com\/wp-content\/uploads\/2024\/07\/Skyline_Boston_65399-66eadaeaea311-768x432.jpg 768w\" sizes=\"(min-width: 768px) 768px, 150px\" loading=\"eager\"\/>\t\t\t\t\t\t\t\t\t\t\t\t\t\t<\/p>\n<p><h4 class=\"m-article-list__headline\">\n\t\t\t\t\t\t\t\t\t<span class=\"m-article-list__link a-link a-link--inline a-link--text-link a-link--text-link-dark\"><\/p>\n<p>\t\t\t\t\t\t\t\t\tLocat\u00e1rios: Massachusetts tem cinco dos CEPs mais caros do pa\u00eds\t\t\t\t\t\t\t\t\t<\/span><br \/>\n\t\t\t\t\t\t\t\t<\/h4>\n<\/p>\n<p>\t\t\t\t\t\t<\/a>\n\t\t\t\t\t<\/li>\n<\/ul>\n<\/div><\/div>\n<p><script>\n\t\tvar consent=\"grant\";\n\t\t\/* The above code is parsing the JSON data from the local storage and storing it in a variable. *\/\n\t\t\t\t\tconst onetrustStorageConsent = JSON.parse(localStorage.getItem( 'consent_one_trust_bdc' ) );\n\t\t\tif ( ( onetrustStorageConsent !== null ) ) {\n\t\t\t\t\/* Checking to see if the user has consented to the use of cookies.\n\t\t\t\t* If they have not, it is deleting the cookie.\n\t\t\t\t* This will comment for now, until further notice.\n\t\t\t\t*\/\n\t\t\t\t\/\/if ( onetrustStorageConsent.C0002 === false ) {\n\t\t\t\t\/\/\tdocument.cookie=\"_fbp=;expires=Thu, 01 Jan 2010 00:00:00 UTC; path=\/; domain=.boston.com\";\n\t\t\t\t\/\/}\n\t\t\t\t\/* Checking if the user has given consent for the cookie C0002.\n\t\t\t\t* If the user has given consent, the variable consent will be set to 'grant'.\n\t\t\t\t* If the user has not given consent,the variable consent will be set to 'revoke'.\n\t\t\t\t* Documentation https:\/\/developers.facebook.com\/docs\/meta-pixel\/implementation\/gdpr\n\t\t\t\t*\/\n\t\t\t\tif ( onetrustStorageConsent.C0002 !== true ) {\n\t\t\t\t\tconsent=\"revoke\";\n\t\t\t\t}\n\t\t\t}\n\t\t\t\t!function(f,b,e,v,n,t,s)\n\t\t{if(f.fbq)return;n=f.fbq=function(){n.callMethod?\n\t\tn.callMethod.apply(n,arguments):n.queue.push(arguments)};\n\t\tif(!f._fbq)f._fbq=n;n.push=n;n.loaded=!0;n.version='2.0';\n\t\tn.queue=[];t=b.createElement(e);t.async=!0;\n\t\tt.src=v;s=b.getElementsByTagName(e)[0];\n\t\ts.parentNode.insertBefore(t,s)}(window, document,'script',\n\t\t'https:\/\/connect.facebook.net\/en_US\/fbevents.js');\n\t\tfbq('consent', consent);\n\t\tfbq('init', '989222871864976');\n\t\tfbq('track', 'PageView');\n\t<\/script><script type=\"module\">\n\t\tvar consent=\"grant\";\n\t\t\/* The above code is parsing the JSON data from the local storage and storing it in a variable. *\/\n\t\t\tconst onetrustStorageConsent = JSON.parse(localStorage.getItem( 'consent_one_trust_bdc' ) );\n\t\t\t\/* Checking to see if the user has consented to the use of cookies.\n\t\t\t* If they have not, it is deleting the cookie.\n\t\t\t* This will comment for now, until further notice.\n\t\t\t*\/\n\t\t\t\/\/if ( onetrustStorageConsent.C0002 === false ) {\n\t\t\t\/\/\tdocument.cookie=\"_fbp=;expires=Thu, 01 Jan 2010 00:00:00 UTC; path=\/; domain=.boston.com\";\n\t\t\t\/\/}\n\t\t\t\/* Checking if the user has given consent for the cookie C0002.\n\t\t\t* If the user has given consent, the variable consent will be set to 'grant'.\n\t\t\t* If the user has not given consent,the variable consent will be set to 'revoke'.\n\t\t\t* Documentation https:\/\/developers.facebook.com\/docs\/meta-pixel\/implementation\/gdpr\n\t\t\t*\/\n\t\t\tif ( ( onetrustStorageConsent !== null ) && (onetrustStorageConsent.C0002 !== true ) ) {\n\t\t\t\tconsent=\"revoke\";\n\t\t\t}\n\t\t\t\t!function(f,b,e,v,n,t,s){if(f.fbq)return;n=f.fbq=function()\n\t\t{n.callMethod? n.callMethod.apply(n,arguments):n.queue.push(arguments)}\n\t\t;if(!f._fbq)f._fbq=n;\n\t\tn.push=n;n.loaded=!0;n.version='2.0';n.queue=[];t=b.createElement(e);t.async=!0;\n\t\tt.src=v;s=b.getElementsByTagName(e)[0];s.parentNode.insertBefore(t,s)}(window,\n\t\tdocument,'script','https:\/\/connect.facebook.net\/en_US\/fbevents.js');\n\t\tfbq('consent', consent);\n\t\tfbq('init', '813236348753005');\n\t\tfbq('track', \"PageView\");\n\t<\/script><br \/>\n<br \/><br \/>\n<br \/><a href=\"https:\/\/www.boston.com\/real-estate\/renting\/2025\/01\/02\/micro-apartments-cost-effective-solution-eventually\/\">Source link <\/a><\/p>","protected":false},"excerpt":{"rendered":"<p>Alugar Originalmente projetados para serem acess\u00edveis, ainda h\u00e1 uma grande barreira de entrada para esses pequenos espa\u00e7os residenciais. Os microapartamentos do Troy Boston possuem paletas de cores neutras e fazem&hellip;<\/p>","protected":false},"author":1,"featured_media":86295,"comment_status":"closed","ping_status":"open","sticky":false,"template":"","format":"standard","meta":{"content-type":"","footnotes":""},"categories":[1],"tags":[],"class_list":["post-86294","post","type-post","status-publish","format-standard","has-post-thumbnail","hentry","category-uncategorized"],"_links":{"self":[{"href":"https:\/\/tvbrazilusa.com\/pt\/wp-json\/wp\/v2\/posts\/86294","targetHints":{"allow":["GET"]}}],"collection":[{"href":"https:\/\/tvbrazilusa.com\/pt\/wp-json\/wp\/v2\/posts"}],"about":[{"href":"https:\/\/tvbrazilusa.com\/pt\/wp-json\/wp\/v2\/types\/post"}],"author":[{"embeddable":true,"href":"https:\/\/tvbrazilusa.com\/pt\/wp-json\/wp\/v2\/users\/1"}],"replies":[{"embeddable":true,"href":"https:\/\/tvbrazilusa.com\/pt\/wp-json\/wp\/v2\/comments?post=86294"}],"version-history":[{"count":1,"href":"https:\/\/tvbrazilusa.com\/pt\/wp-json\/wp\/v2\/posts\/86294\/revisions"}],"predecessor-version":[{"id":86296,"href":"https:\/\/tvbrazilusa.com\/pt\/wp-json\/wp\/v2\/posts\/86294\/revisions\/86296"}],"wp:featuredmedia":[{"embeddable":true,"href":"https:\/\/tvbrazilusa.com\/pt\/wp-json\/wp\/v2\/media\/86295"}],"wp:attachment":[{"href":"https:\/\/tvbrazilusa.com\/pt\/wp-json\/wp\/v2\/media?parent=86294"}],"wp:term":[{"taxonomy":"category","embeddable":true,"href":"https:\/\/tvbrazilusa.com\/pt\/wp-json\/wp\/v2\/categories?post=86294"},{"taxonomy":"post_tag","embeddable":true,"href":"https:\/\/tvbrazilusa.com\/pt\/wp-json\/wp\/v2\/tags?post=86294"}],"curies":[{"name":"wp","href":"https:\/\/api.w.org\/{rel}","templated":true}]}}