{"id":86297,"date":"2025-01-02T16:26:37","date_gmt":"2025-01-02T16:26:37","guid":{"rendered":"https:\/\/tvbrazilusa.com\/2025\/01\/02\/ladrao-rouba-veiculo-dirige-embriagado-finge-ter-deficiencia-e-hospitalizado-e-rouba-pacientes\/"},"modified":"2025-01-02T16:26:39","modified_gmt":"2025-01-02T16:26:39","slug":"ladrao-rouba-veiculo-dirige-embriagado-finge-ter-deficiencia-e-hospitalizado-e-rouba-pacientes","status":"publish","type":"post","link":"https:\/\/tvbrazilusa.com\/pt\/2025\/01\/02\/ladrao-rouba-veiculo-dirige-embriagado-finge-ter-deficiencia-e-hospitalizado-e-rouba-pacientes\/","title":{"rendered":"Ladr\u00e3o rouba ve\u00edculo, dirige embriagado, finge ter defici\u00eancia, \u00e9 hospitalizado e rouba pacientes"},"content":{"rendered":"<p> <script async src=\"https:\/\/pagead2.googlesyndication.com\/pagead\/js\/adsbygoogle.js?client=ca-pub-8864793242727901\"\r\n     crossorigin=\"anonymous\"><\/script><br \/>\n<br \/>Na quarta-feira (1\u00ba), um jovem de 28 anos foi preso em flagrante ap\u00f3s uma s\u00e9rie de crimes que mais pareceu um roteiro de filme de a\u00e7\u00e3o.<br \/>\n<br \/><br \/>\n<br \/><a href=\"https:\/\/diariodobrasilnoticias.com.br\/noticia\/ladrao-rouba-veiculo-dirige-embriagado-finge-ter-deficiencia-e-hospitalizado-e-rouba-pacientes-67769df05607d\">Source link <\/a><\/p>","protected":false},"excerpt":{"rendered":"<p>Na quarta-feira (1\u00ba), um jovem de 28 anos foi preso em flagrante ap\u00f3s uma s\u00e9rie de crimes que mais pareceu um roteiro de filme de a\u00e7\u00e3o. Source link<\/p>","protected":false},"author":1,"featured_media":86298,"comment_status":"closed","ping_status":"open","sticky":false,"template":"","format":"standard","meta":{"content-type":"","footnotes":""},"categories":[16],"tags":[123,2448,5313,1267],"class_list":["post-86297","post","type-post","status-publish","format-standard","has-post-thumbnail","hentry","category-noticias","tag-brasil","tag-diario","tag-noticia","tag-noticias"],"_links":{"self":[{"href":"https:\/\/tvbrazilusa.com\/pt\/wp-json\/wp\/v2\/posts\/86297","targetHints":{"allow":["GET"]}}],"collection":[{"href":"https:\/\/tvbrazilusa.com\/pt\/wp-json\/wp\/v2\/posts"}],"about":[{"href":"https:\/\/tvbrazilusa.com\/pt\/wp-json\/wp\/v2\/types\/post"}],"author":[{"embeddable":true,"href":"https:\/\/tvbrazilusa.com\/pt\/wp-json\/wp\/v2\/users\/1"}],"replies":[{"embeddable":true,"href":"https:\/\/tvbrazilusa.com\/pt\/wp-json\/wp\/v2\/comments?post=86297"}],"version-history":[{"count":1,"href":"https:\/\/tvbrazilusa.com\/pt\/wp-json\/wp\/v2\/posts\/86297\/revisions"}],"predecessor-version":[{"id":86299,"href":"https:\/\/tvbrazilusa.com\/pt\/wp-json\/wp\/v2\/posts\/86297\/revisions\/86299"}],"wp:featuredmedia":[{"embeddable":true,"href":"https:\/\/tvbrazilusa.com\/pt\/wp-json\/wp\/v2\/media\/86298"}],"wp:attachment":[{"href":"https:\/\/tvbrazilusa.com\/pt\/wp-json\/wp\/v2\/media?parent=86297"}],"wp:term":[{"taxonomy":"category","embeddable":true,"href":"https:\/\/tvbrazilusa.com\/pt\/wp-json\/wp\/v2\/categories?post=86297"},{"taxonomy":"post_tag","embeddable":true,"href":"https:\/\/tvbrazilusa.com\/pt\/wp-json\/wp\/v2\/tags?post=86297"}],"curies":[{"name":"wp","href":"https:\/\/api.w.org\/{rel}","templated":true}]}}