{"id":86308,"date":"2025-01-02T16:44:47","date_gmt":"2025-01-02T16:44:47","guid":{"rendered":"https:\/\/tvbrazilusa.com\/2025\/01\/02\/aumenta-o-numero-de-mortos-no-atropelamento-em-nova-orleans\/"},"modified":"2025-01-02T16:44:49","modified_gmt":"2025-01-02T16:44:49","slug":"aumenta-o-numero-de-mortos-no-atropelamento-em-nova-orleans","status":"publish","type":"post","link":"https:\/\/tvbrazilusa.com\/pt\/2025\/01\/02\/aumenta-o-numero-de-mortos-no-atropelamento-em-nova-orleans\/","title":{"rendered":"Aumenta o n\u00famero de mortos no atropelamento em Nova Orleans"},"content":{"rendered":"<p> <script async src=\"https:\/\/pagead2.googlesyndication.com\/pagead\/js\/adsbygoogle.js?client=ca-pub-8864793242727901\"\r\n     crossorigin=\"anonymous\"><\/script><br \/>\n<\/p>\n<div id=\"taboola-read-more\" style=\"display:block; width:100%\">\n<p>O n\u00famero de mortos no atropelamento em Nova Orleans nesta quarta-feira, 1\u00ba, subiu para 15. Um homem que dirigia uma caminhonete atingiu as v\u00edtimas em torno das 3h, na Bourbon Street, uma das ruas mais famosas da cidade. Inicialmente, dez mortes foram contabilizadas.\n<\/p>\n<p>O criminoso estava armado e abriu fogo contra as pessoas ao descer do carro. Policiais presentes no local atiraram de volta e mataram o homem, identificado como Shamsud Din Jabbar. Ele era cidad\u00e3o norte-americano, do Estado do Texas, e veterano do Ex\u00e9rcito.<\/p>\n<p>A Superintendente de Pol\u00edcia de Nova Orleans, Anne Kirkpatrick, informou que dois policiais foram baleados pelo criminoso. Eles foram socorridos e levados a hospitais. Os dois t\u00eam quadro de sa\u00fade est\u00e1vel. \u201cEsse homem queria atropelar o maior n\u00famero de pessoas poss\u00edvel\u201d, disse ela. \u201cEle estava determinado a causar a carnificina e os estragos que causou.\u201d\n<\/p>\n<p>A pol\u00edcia encontrou uma bandeira do Estado Isl\u00e2mico no ve\u00edculo, o que levou o FBI a investigar o caso como um ato de terrorismo. Foi com esses termos que o presidente dos EUA, Joe Biden, classificou o crime na declara\u00e7\u00e3o divulgada pela Casa Branca. O democrata disse ainda ser grato pela \u201cr\u00e1pida e efetiva resposta das autoridades locais\u201d.\n<\/p>\n<p>Outras autoridades comentam o atropelamento em Nova Orleans<br \/>A prefeita da capital da Louisiana, LaToya Cantrell, do Partido Democrata, chamou o atropelamento em massa de ataque terrorista. \u201cA cidade de Nova Orleans foi alvo de um ataque terrorista que ainda est\u00e1 sendo investigado\u201d, disse ela, pedindo tamb\u00e9m ao p\u00fablico que permane\u00e7a longe da Bourbon Street por enquanto.\n<\/p>\n<p>O governador do Estado da Louisiana, Jeff Landry, do Partido Republicano, lamentou o acontecimento em publica\u00e7\u00e3o nas redes sociais. \u201cUm terr\u00edvel ato de viol\u00eancia aconteceu na Bourbon Street nesta manh\u00e3\u201d, disse ele no Twitter\/X.\u00a0\n<\/p>\n<p>Landry convidou as pessoas a se juntarem a ele e sua mulher, Sharon, em ora\u00e7\u00f5es pelas v\u00edtimas e pessoas que as atenderam no lugar do atropelamento. O governador tamb\u00e9m pediu a todos que estejam pr\u00f3ximos ao local que evitem a \u00e1rea.<\/p>\n<p>Fonte: Revista Oeste              <\/p>\n<\/div>\n<p><br \/>\n<br \/><a href=\"https:\/\/diariodobrasilnoticias.com.br\/noticia\/aumenta-o-numero-de-mortos-no-atropelamento-em-nova-orleans-67769ff43979d\">Source link <\/a><\/p>","protected":false},"excerpt":{"rendered":"<p>O n\u00famero de mortos no atropelamento em Nova Orleans nesta quarta-feira, 1\u00ba, subiu para 15. Um homem que dirigia uma caminhonete atingiu as v\u00edtimas em torno das 3h, na Bourbon&hellip;<\/p>","protected":false},"author":1,"featured_media":86309,"comment_status":"closed","ping_status":"open","sticky":false,"template":"","format":"standard","meta":{"content-type":"","footnotes":""},"categories":[16],"tags":[123,2448,5313,1267],"class_list":["post-86308","post","type-post","status-publish","format-standard","has-post-thumbnail","hentry","category-noticias","tag-brasil","tag-diario","tag-noticia","tag-noticias"],"_links":{"self":[{"href":"https:\/\/tvbrazilusa.com\/pt\/wp-json\/wp\/v2\/posts\/86308","targetHints":{"allow":["GET"]}}],"collection":[{"href":"https:\/\/tvbrazilusa.com\/pt\/wp-json\/wp\/v2\/posts"}],"about":[{"href":"https:\/\/tvbrazilusa.com\/pt\/wp-json\/wp\/v2\/types\/post"}],"author":[{"embeddable":true,"href":"https:\/\/tvbrazilusa.com\/pt\/wp-json\/wp\/v2\/users\/1"}],"replies":[{"embeddable":true,"href":"https:\/\/tvbrazilusa.com\/pt\/wp-json\/wp\/v2\/comments?post=86308"}],"version-history":[{"count":1,"href":"https:\/\/tvbrazilusa.com\/pt\/wp-json\/wp\/v2\/posts\/86308\/revisions"}],"predecessor-version":[{"id":86310,"href":"https:\/\/tvbrazilusa.com\/pt\/wp-json\/wp\/v2\/posts\/86308\/revisions\/86310"}],"wp:featuredmedia":[{"embeddable":true,"href":"https:\/\/tvbrazilusa.com\/pt\/wp-json\/wp\/v2\/media\/86309"}],"wp:attachment":[{"href":"https:\/\/tvbrazilusa.com\/pt\/wp-json\/wp\/v2\/media?parent=86308"}],"wp:term":[{"taxonomy":"category","embeddable":true,"href":"https:\/\/tvbrazilusa.com\/pt\/wp-json\/wp\/v2\/categories?post=86308"},{"taxonomy":"post_tag","embeddable":true,"href":"https:\/\/tvbrazilusa.com\/pt\/wp-json\/wp\/v2\/tags?post=86308"}],"curies":[{"name":"wp","href":"https:\/\/api.w.org\/{rel}","templated":true}]}}